{"id":14601,"date":"2014-01-04T18:00:49","date_gmt":"2014-01-04T17:00:49","guid":{"rendered":"https:\/\/fiaf.net\/regioni\/toscana\/?p=14601"},"modified":"2014-01-04T18:00:49","modified_gmt":"2014-01-04T17:00:49","slug":"dolce-acqua-carlo-delli-pisa","status":"publish","type":"post","link":"https:\/\/fiaf.net\/toscana\/2014\/01\/04\/dolce-acqua-carlo-delli-pisa\/","title":{"rendered":"Dolce Acqua &#8211; Carlo Delli &gt; Pisa"},"content":{"rendered":"<p><a href=\"https:\/\/fiaf.net\/regioni\/toscana\/wp-content\/uploads\/2013\/12\/Invito_LR_RGB.jpg\"><img loading=\"lazy\" decoding=\"async\" class=\"aligncenter size-full wp-image-14910\" alt=\"Stampa\" src=\"https:\/\/fiaf.net\/regioni\/toscana\/wp-content\/uploads\/2013\/12\/Invito_LR_RGB.jpg\" width=\"650\" height=\"325\" srcset=\"https:\/\/fiaf.net\/toscana\/wp-content\/uploads\/sites\/10\/2013\/12\/Invito_LR_RGB.jpg 650w, https:\/\/fiaf.net\/toscana\/wp-content\/uploads\/sites\/10\/2013\/12\/Invito_LR_RGB-300x150.jpg 300w\" sizes=\"auto, (max-width: 650px) 100vw, 650px\" \/><\/a><\/p>\n<h2 style=\"text-align: center\">&#8220;Dolce Acqua&#8221;<\/h2>\n<h2 style=\"text-align: center\"><strong>Carlo Delli <em>dell&#8217;acqua e della luce<\/em><\/strong><\/h2>\n<p><!--[if gte mso 9]&gt;--><\/p>\n<p>  1024&#215;768<\/p>\n<p>&nbsp;<\/p>\n<p>&nbsp;<\/p>\n<p class=\"MsoNormal\" style=\"margin-bottom: .0001pt;line-height: normal\"><span style=\"font-size: 12.0pt;color: black\">Mi permetto di ricordare che la mostra <b>Dell\u2019acqua e della luce<\/b> a Palazzo Lanfranchi a Pisa <b>sar\u00e0 aperta fino al 30 marzo<\/b>: il biglietto costa solo 3 euro, volendo si pu\u00f2 acquistare a 6 euro <b>un catalogo<\/b> piccolo ma molto ben fatto con <b>tutte <\/b>le fotografie esposte\u00a0 e che si pu\u00f2 liberamente prendere il \u201cbugiardino\u201d della mostra, se fosse esaurito chiedetelo.\u00a0 Ricordo anche che sono visitabili altre esposizioni tra cui quella secondo me bellissima dei disegni dell\u2019artista Antonio Possenti. <\/span><\/p>\n<p>&nbsp;<\/p>\n<p class=\"MsoNormal\" style=\"margin-bottom: .0001pt;line-height: normal\"><span style=\"font-size: 12.0pt;color: black\">Ricordo che Palazzo Lanfranchi \u00e8 aperto anche <b>sabato e domenica<\/b>, chiuso il luned\u00ec (metto l\u2019orario preciso qui sotto).<b>\u00a0<\/b><\/span><\/p>\n<p>&nbsp;<\/p>\n<p>&nbsp;<\/p>\n<p class=\"MsoNormal\" style=\"margin-bottom: .0001pt;line-height: normal\"><b><span style=\"font-size: 12.0pt;color: black\">Ringrazio di cuore<\/span><\/b><span style=\"font-size: 12.0pt;color: black\"> i molti di voi che sono venuti alla presentazione del progetto <i>Dolce Acqua<\/i> e della mia mostra lo scorso 21 dicembre e <b>chiedo scusa<\/b> ai tanti ai quali non ho potuto prestare la giusta attenzione, come sempre succede in queste occasioni di notevole affollamento.<\/span><\/p>\n<p>&nbsp;<\/p>\n<p>&nbsp;<\/p>\n<p>&nbsp;<\/p>\n<p class=\"MsoNormal\" style=\"margin-bottom: .0001pt;line-height: normal\"><span style=\"font-size: 12.0pt;color: black\">Un cordialissimo saluto, buona vita!<\/span><\/p>\n<p>&nbsp;<\/p>\n<p>&nbsp;<\/p>\n<p class=\"MsoNormal\" style=\"margin-bottom: .0001pt;line-height: normal\"><span style=\"font-size: 12.0pt;color: black\">carlodelli<\/span><\/p>\n<p>&nbsp;<\/p>\n<p class=\"MsoNormal\" style=\"margin-bottom: .0001pt;line-height: normal\"><a href=\"http:\/\/www.fotocreature.it\" target=\"_blank\" rel=\"noopener\"><span style=\"font-size: 12.0pt;color: black\"><span style=\"color: blue\">www.fotocreature.it<\/span><\/span><\/a><\/p>\n<p>&nbsp;<\/p>\n<p class=\"MsoNormal\" style=\"margin-bottom: .0001pt;line-height: normal\"><a href=\"www.carlodelli.it\"><span style=\"font-size: 12.0pt;color: black\"><span style=\"color: blue\">www.carlodelli.it<\/span><\/span><\/a><\/p>\n<p>&nbsp;<\/p>\n<p>&nbsp;<\/p>\n<p class=\"MsoNormal\" style=\"margin-bottom: .0001pt;line-height: normal\"><span style=\"font-size: 12.0pt;color: black\">Orario: <b>LUN<\/b> chiuso; <b>MAR MER GIO<\/b>\u00a0 9- 13,30\u00a0 e\u00a0 15-17,30\u00a0 <b>VEN<\/b> 9-13,30 e 15-19,30\u00a0\u00a0 <b>SAB DOM<\/b> 10-13,30\u00a0 e\u00a0 15-19,30<\/span><\/p>\n<p>&nbsp;<\/p>\n<p>&nbsp;<\/p>\n<p class=\"MsoNormal\" style=\"margin-bottom: .0001pt;line-height: normal\"><span style=\"text-decoration: underline\"><b><span style=\"font-size: 12pt;color: black;text-decoration: underline\">Dell\u2019acqua e della luce Guida ai riflessi<\/span><\/b><\/span><span style=\"font-size: 12.0pt;color: black\"><span style=\"text-decoration: underline\">.<\/span> <\/span><\/p>\n<p>&nbsp;<\/p>\n<p>&nbsp;<\/p>\n<p class=\"MsoNormal\" style=\"margin-bottom: .0001pt;line-height: normal\"><span style=\"font-size: 13.5pt;font-family: 'Times New Roman','serif';color: black\">I riflessi sono parte integrante e positiva di questo lavoro.<\/span><\/p>\n<p>&nbsp;<\/p>\n<p class=\"MsoNormal\" style=\"margin-bottom: .0001pt;line-height: normal\"><span style=\"font-size: 13.5pt;font-family: 'Times New Roman','serif';color: black\">Se non li gradite cercate di cambiare modo di pensare e di vedere.<\/span><\/p>\n<p>&nbsp;<\/p>\n<p>&nbsp;<\/p>\n<p class=\"MsoNormal\" style=\"margin-bottom: .0001pt;line-height: normal\"><span style=\"font-size: 13.5pt;font-family: 'Times New Roman','serif';color: black\">L\u2019acqua \u00e8 inafferrabilit\u00e0, \u00e8 mancanza di forma ed \u00e8 tutte le forme, ma \u00e8 anche e soprattutto riflessi.<\/span><\/p>\n<p>&nbsp;<\/p>\n<p class=\"MsoNormal\" style=\"margin-bottom: .0001pt;line-height: normal\"><span style=\"font-size: 13.5pt;font-family: 'Times New Roman','serif';color: black\">Anche senza vetro le fotografie sono comunque stampate su carta lucida: \u00e8 acqua!<\/span><\/p>\n<p>&nbsp;<\/p>\n<p>&nbsp;<\/p>\n<p class=\"MsoNormal\" style=\"margin-bottom: .0001pt;line-height: normal\"><span style=\"font-size: 13.5pt;font-family: 'Times New Roman','serif';color: black\">La presenza dei riflessi vi obbliga a scoprire per gradi l\u2019immagine, vi costringe a scegliere un punto di vista che varier\u00e0 a seconda della vostra altezza, dell\u2019ora e del tempo.<\/span><\/p>\n<p>&nbsp;<\/p>\n<p>&nbsp;<\/p>\n<p class=\"MsoNormal\" style=\"margin-bottom: .0001pt;line-height: normal\"><span style=\"font-size: 13.5pt;font-family: 'Times New Roman','serif';color: black\">Cos\u00ec i riflessi vi rendono ATTIVI nei confronti di ci\u00f2 che guardate.<\/span><\/p>\n<p>&nbsp;<\/p>\n<p class=\"MsoNormal\" style=\"margin-bottom: .0001pt;line-height: normal\"><span style=\"font-size: 13.5pt;font-family: 'Times New Roman','serif';color: black\">E mi piacerebbe che qualcuno cercasse di specchiarsi nelle fotografie, scegliendo la propria collocazione al loro interno<\/span><span style=\"font-size: 12.0pt;font-family: 'Times New Roman','serif';color: black\">.<\/span><\/p>\n<p>&nbsp;<\/p>\n<p><!--[if gte mso 9]&gt;--><\/p>\n<p>  Normal<br \/>\n  0<\/p>\n<p>  14<\/p>\n<p>  false<br \/>\n  false<br \/>\n  false<\/p>\n<p>  IT<br \/>\n  X-NONE<br \/>\n  X-NONE<\/p>\n<p>  MicrosoftInternetExplorer4<\/p>\n<p><!--[if gte mso 9]&gt;--><\/p>\n<p><!--[if gte mso 10]&gt;--><\/p>\n<p> \/* Style Definitions *\/<br \/>\n table.MsoNormalTable<br \/>\n\t{mso-style-name:&#8221;Tabella normale&#8221;;<br \/>\n\tmso-tstyle-rowband-size:0;<br \/>\n\tmso-tstyle-colband-size:0;<br \/>\n\tmso-style-noshow:yes;<br \/>\n\tmso-style-priority:99;<br \/>\n\tmso-style-qformat:yes;<br \/>\n\tmso-style-parent:&#8221;&#8221;;<br \/>\n\tmso-padding-alt:0cm 5.4pt 0cm 5.4pt;<br \/>\n\tmso-para-margin-top:0cm;<br \/>\n\tmso-para-margin-right:0cm;<br \/>\n\tmso-para-margin-bottom:10.0pt;<br \/>\n\tmso-para-margin-left:0cm;<br \/>\n\tline-height:115%;<br \/>\n\tmso-pagination:widow-orphan;<br \/>\n\tfont-size:11.0pt;<br \/>\n\tfont-family:&#8221;Calibri&#8221;,&#8221;sans-serif&#8221;;<br \/>\n\tmso-ascii-font-family:Calibri;<br \/>\n\tmso-ascii-theme-font:minor-latin;<br \/>\n\tmso-fareast-font-family:&#8221;Times New Roman&#8221;;<br \/>\n\tmso-fareast-theme-font:minor-fareast;<br \/>\n\tmso-hansi-font-family:Calibri;<br \/>\n\tmso-hansi-theme-font:minor-latin;}<\/p>\n<p style=\"text-align: center\">\n<p style=\"text-align: center\">ALCUNE FOTO DELLA MOSTRA<\/p>\n<p style=\"text-align: center\"><a href=\"https:\/\/fiaf.net\/regioni\/toscana\/wp-content\/uploads\/2013\/12\/2.jpg\"><img loading=\"lazy\" decoding=\"async\" class=\"aligncenter size-full wp-image-14911\" alt=\"2\" src=\"https:\/\/fiaf.net\/regioni\/toscana\/wp-content\/uploads\/2013\/12\/2.jpg\" width=\"504\" height=\"337\" \/><\/a><\/p>\n<p style=\"text-align: center\"><a href=\"https:\/\/fiaf.net\/regioni\/toscana\/wp-content\/uploads\/2013\/12\/4.jpg\"><img loading=\"lazy\" decoding=\"async\" class=\"aligncenter size-full wp-image-14912\" alt=\"4\" src=\"https:\/\/fiaf.net\/regioni\/toscana\/wp-content\/uploads\/2013\/12\/4.jpg\" width=\"504\" height=\"337\" \/><\/a><\/p>\n<p style=\"text-align: center\"><a href=\"https:\/\/fiaf.net\/regioni\/toscana\/wp-content\/uploads\/2013\/12\/7.jpg\"><img loading=\"lazy\" decoding=\"async\" class=\"aligncenter size-full wp-image-14913\" alt=\"7\" src=\"https:\/\/fiaf.net\/regioni\/toscana\/wp-content\/uploads\/2013\/12\/7.jpg\" width=\"504\" height=\"337\" \/><\/a><\/p>\n<p style=\"text-align: center\"><a href=\"https:\/\/fiaf.net\/regioni\/toscana\/wp-content\/uploads\/2013\/12\/8.jpg\"><img loading=\"lazy\" decoding=\"async\" class=\"aligncenter size-full wp-image-14914\" alt=\"8\" src=\"https:\/\/fiaf.net\/regioni\/toscana\/wp-content\/uploads\/2013\/12\/8.jpg\" width=\"504\" height=\"337\" \/><\/a><\/p>\n\n    <div class=\"xs_social_share_widget xs_share_url after_content \t\tmain_content  wslu-style-1 wslu-share-box-shaped wslu-fill-colored wslu-none wslu-share-horizontal wslu-theme-font-no wslu-main_content\">\n\n\t\t\n        <ul>\n\t\t\t        <\/ul>\n    <\/div> \n","protected":false},"excerpt":{"rendered":"<p>&#8220;Dolce Acqua&#8221; Carlo Delli dell&#8217;acqua e della luce 1024&#215;768 &nbsp; &nbsp; Mi permetto di ricordare che la mostra Dell\u2019acqua e &hellip;<\/p>\n","protected":false},"author":64,"featured_media":14604,"comment_status":"closed","ping_status":"closed","sticky":false,"template":"","format":"standard","meta":{"_acf_changed":false,"footnotes":""},"categories":[7],"tags":[],"class_list":["post-14601","post","type-post","status-publish","format-standard","has-post-thumbnail","hentry","category-mostre"],"acf":[],"_links":{"self":[{"href":"https:\/\/fiaf.net\/toscana\/wp-json\/wp\/v2\/posts\/14601","targetHints":{"allow":["GET"]}}],"collection":[{"href":"https:\/\/fiaf.net\/toscana\/wp-json\/wp\/v2\/posts"}],"about":[{"href":"https:\/\/fiaf.net\/toscana\/wp-json\/wp\/v2\/types\/post"}],"author":[{"embeddable":true,"href":"https:\/\/fiaf.net\/toscana\/wp-json\/wp\/v2\/users\/64"}],"replies":[{"embeddable":true,"href":"https:\/\/fiaf.net\/toscana\/wp-json\/wp\/v2\/comments?post=14601"}],"version-history":[{"count":0,"href":"https:\/\/fiaf.net\/toscana\/wp-json\/wp\/v2\/posts\/14601\/revisions"}],"wp:featuredmedia":[{"embeddable":true,"href":"https:\/\/fiaf.net\/toscana\/wp-json\/wp\/v2\/media\/14604"}],"wp:attachment":[{"href":"https:\/\/fiaf.net\/toscana\/wp-json\/wp\/v2\/media?parent=14601"}],"wp:term":[{"taxonomy":"category","embeddable":true,"href":"https:\/\/fiaf.net\/toscana\/wp-json\/wp\/v2\/categories?post=14601"},{"taxonomy":"post_tag","embeddable":true,"href":"https:\/\/fiaf.net\/toscana\/wp-json\/wp\/v2\/tags?post=14601"}],"curies":[{"name":"wp","href":"https:\/\/api.w.org\/{rel}","templated":true}]}}