{"id":15204,"date":"2014-02-03T08:00:34","date_gmt":"2014-02-03T07:00:34","guid":{"rendered":"https:\/\/fiaf.net\/regioni\/toscana\/?p=15204"},"modified":"2014-02-03T08:00:34","modified_gmt":"2014-02-03T07:00:34","slug":"concorsino-sulla-strada-bibbiena","status":"publish","type":"post","link":"https:\/\/fiaf.net\/toscana\/2014\/02\/03\/concorsino-sulla-strada-bibbiena\/","title":{"rendered":"Concors(in)o sulla strada &gt; Bibbiena"},"content":{"rendered":"<p><a href=\"https:\/\/fiaf.net\/regioni\/toscana\/wp-content\/uploads\/2014\/02\/regolamento-concorsino.jpg\"><img loading=\"lazy\" decoding=\"async\" class=\"aligncenter size-full wp-image-15205\" alt=\"regolamento concors(in)o\" src=\"https:\/\/fiaf.net\/regioni\/toscana\/wp-content\/uploads\/2014\/02\/regolamento-concorsino.jpg\" width=\"601\" height=\"848\" srcset=\"https:\/\/fiaf.net\/toscana\/wp-content\/uploads\/sites\/10\/2014\/02\/regolamento-concorsino.jpg 601w, https:\/\/fiaf.net\/toscana\/wp-content\/uploads\/sites\/10\/2014\/02\/regolamento-concorsino-213x300.jpg 213w\" sizes=\"auto, (max-width: 601px) 100vw, 601px\" \/><\/a><\/p>\n<p><!--[if gte mso 9]&gt;--><\/p>\n<p>  Federico<br \/>\n  12.00<\/p>\n<p>  1024&#215;768<\/p>\n<p><!--[if gte mso 9]&gt;--><\/p>\n<p>  Normal<br \/>\n  0<\/p>\n<p>  14<\/p>\n<p>  false<br \/>\n  false<br \/>\n  false<\/p>\n<p>  IT<br \/>\n  X-NONE<br \/>\n  X-NONE<\/p>\n<p>  MicrosoftInternetExplorer4<\/p>\n<p><!--[if gte mso 9]&gt;--><\/p>\n<p><!--[if gte mso 10]&gt;--><\/p>\n<p> \/* Style Definitions *\/<br \/>\n table.MsoNormalTable<br \/>\n\t{mso-style-name:&#8221;Tabella normale&#8221;;<br \/>\n\tmso-tstyle-rowband-size:0;<br \/>\n\tmso-tstyle-colband-size:0;<br \/>\n\tmso-style-noshow:yes;<br \/>\n\tmso-style-priority:99;<br \/>\n\tmso-style-qformat:yes;<br \/>\n\tmso-style-parent:&#8221;&#8221;;<br \/>\n\tmso-padding-alt:0cm 5.4pt 0cm 5.4pt;<br \/>\n\tmso-para-margin-top:0cm;<br \/>\n\tmso-para-margin-right:0cm;<br \/>\n\tmso-para-margin-bottom:10.0pt;<br \/>\n\tmso-para-margin-left:0cm;<br \/>\n\tline-height:115%;<br \/>\n\tmso-pagination:widow-orphan;<br \/>\n\tfont-size:11.0pt;<br \/>\n\tfont-family:&#8221;Calibri&#8221;,&#8221;sans-serif&#8221;;<br \/>\n\tmso-ascii-font-family:Calibri;<br \/>\n\tmso-ascii-theme-font:minor-latin;<br \/>\n\tmso-hansi-font-family:Calibri;<br \/>\n\tmso-hansi-theme-font:minor-latin;<br \/>\n\tmso-fareast-language:EN-US;}<\/p>\n<p class=\"MsoNoSpacing\">\n<p class=\"MsoNoSpacing\"><span>\u00a0<\/span><b><span style=\"font-size: 14.0pt\">CONCORS(IN)O <\/span><\/b><span style=\"font-size: 11.5pt\">\u00e8 un contest fotografico organizzato dal Club Fotografico Avis di Bibbiena. Il tema del I\u00b0 Concors(in)o 2014 \u00e8 \u201c SULLA STRADA\u201d. La partecipazione \u00e8 libera e gratuita. <\/span><\/p>\n<p class=\"MsoNoSpacing\"><span style=\"font-size: 11.5pt\">Ogni autore pu\u00f2 partecipare con un massimo di 4 fotografie inviandole per mail alla casella <i>cfavis@gmail.com <\/i>entro luned\u00ec 10 febbraio 2014. Le fotografie pervenute saranno valutate nel corso di una giuria pubblica che si terr\u00e0 gioved\u00ec 13 febbraio 2014 alle ore 21,00 presso il Centro Italiano della Fotografia d\u2019Autore di Bibbiena.<\/span><\/p>\n\n    <div class=\"xs_social_share_widget xs_share_url after_content \t\tmain_content  wslu-style-1 wslu-share-box-shaped wslu-fill-colored wslu-none wslu-share-horizontal wslu-theme-font-no wslu-main_content\">\n\n\t\t\n        <ul>\n\t\t\t        <\/ul>\n    <\/div> \n","protected":false},"excerpt":{"rendered":"<p>Federico 12.00 1024&#215;768 Normal 0 14 false false false IT X-NONE X-NONE MicrosoftInternetExplorer4 \/* Style Definitions *\/ table.MsoNormalTable {mso-style-name:&#8221;Tabella normale&#8221;; &hellip;<\/p>\n","protected":false},"author":64,"featured_media":15206,"comment_status":"closed","ping_status":"closed","sticky":false,"template":"","format":"standard","meta":{"_acf_changed":false,"footnotes":""},"categories":[3],"tags":[],"class_list":["post-15204","post","type-post","status-publish","format-standard","has-post-thumbnail","hentry","category-concorsi-fotografici"],"acf":[],"_links":{"self":[{"href":"https:\/\/fiaf.net\/toscana\/wp-json\/wp\/v2\/posts\/15204","targetHints":{"allow":["GET"]}}],"collection":[{"href":"https:\/\/fiaf.net\/toscana\/wp-json\/wp\/v2\/posts"}],"about":[{"href":"https:\/\/fiaf.net\/toscana\/wp-json\/wp\/v2\/types\/post"}],"author":[{"embeddable":true,"href":"https:\/\/fiaf.net\/toscana\/wp-json\/wp\/v2\/users\/64"}],"replies":[{"embeddable":true,"href":"https:\/\/fiaf.net\/toscana\/wp-json\/wp\/v2\/comments?post=15204"}],"version-history":[{"count":0,"href":"https:\/\/fiaf.net\/toscana\/wp-json\/wp\/v2\/posts\/15204\/revisions"}],"wp:featuredmedia":[{"embeddable":true,"href":"https:\/\/fiaf.net\/toscana\/wp-json\/wp\/v2\/media\/15206"}],"wp:attachment":[{"href":"https:\/\/fiaf.net\/toscana\/wp-json\/wp\/v2\/media?parent=15204"}],"wp:term":[{"taxonomy":"category","embeddable":true,"href":"https:\/\/fiaf.net\/toscana\/wp-json\/wp\/v2\/categories?post=15204"},{"taxonomy":"post_tag","embeddable":true,"href":"https:\/\/fiaf.net\/toscana\/wp-json\/wp\/v2\/tags?post=15204"}],"curies":[{"name":"wp","href":"https:\/\/api.w.org\/{rel}","templated":true}]}}