{"id":18925,"date":"2014-09-01T16:30:37","date_gmt":"2014-09-01T14:30:37","guid":{"rendered":"https:\/\/fiaf.net\/regioni\/toscana\/?p=18925"},"modified":"2014-09-01T16:30:37","modified_gmt":"2014-09-01T14:30:37","slug":"concorso-digidea-x-file-campi-bisenzio-5","status":"publish","type":"post","link":"https:\/\/fiaf.net\/toscana\/2014\/09\/01\/concorso-digidea-x-file-campi-bisenzio-5\/","title":{"rendered":"Concorso Digidea x File &gt; Campi Bisenzio"},"content":{"rendered":"<p><a href=\"https:\/\/fiaf.net\/regioni\/toscana\/wp-content\/uploads\/2014\/09\/Digidea_-8-settembre.jpg\"><img loading=\"lazy\" decoding=\"async\" class=\"aligncenter size-full wp-image-18926\" alt=\"Microsoft Word - Documento1\" src=\"https:\/\/fiaf.net\/regioni\/toscana\/wp-content\/uploads\/2014\/09\/Digidea_-8-settembre.jpg\" width=\"617\" height=\"864\" srcset=\"https:\/\/fiaf.net\/toscana\/wp-content\/uploads\/sites\/10\/2014\/09\/Digidea_-8-settembre.jpg 617w, https:\/\/fiaf.net\/toscana\/wp-content\/uploads\/sites\/10\/2014\/09\/Digidea_-8-settembre-214x300.jpg 214w\" sizes=\"auto, (max-width: 617px) 100vw, 617px\" \/><\/a><\/p>\n<p style=\"text-align: center\">a cura del gf. ideavisiva<\/p>\n<h2 style=\"text-align: center\"><strong>&#8221; CONCORSO DIGIDEA x FILE &#8220;<\/strong><\/h2>\n<h5 style=\"text-align: center\"><strong>Luned\u00ec 8 Settembre alle ore 21.30<\/strong><\/h5>\n<p style=\"text-align: center\"><em>discuter\u00e0 e selezioner\u00e0 le vostre opere<\/em><\/p>\n<h4 style=\"text-align: center\"><strong>ANDREA MONETI<\/strong><\/h4>\n<p style=\"text-align: center\"><strong>gf. ideavisiva &#8211; via Castronella, 140\/a\/19 &#8211; Campi Bisenzio (FI)<\/strong><\/p>\n\n    <div class=\"xs_social_share_widget xs_share_url after_content \t\tmain_content  wslu-style-1 wslu-share-box-shaped wslu-fill-colored wslu-none wslu-share-horizontal wslu-theme-font-no wslu-main_content\">\n\n\t\t\n        <ul>\n\t\t\t        <\/ul>\n    <\/div> \n","protected":false},"excerpt":{"rendered":"<p>a cura del gf. ideavisiva &#8221; CONCORSO DIGIDEA x FILE &#8220; Luned\u00ec 8 Settembre alle ore 21.30 discuter\u00e0 e selezioner\u00e0 &hellip;<\/p>\n","protected":false},"author":64,"featured_media":18927,"comment_status":"closed","ping_status":"closed","sticky":false,"template":"","format":"standard","meta":{"_acf_changed":false,"footnotes":""},"categories":[2],"tags":[],"class_list":["post-18925","post","type-post","status-publish","format-standard","has-post-thumbnail","hentry","category-attivita_circoli"],"acf":[],"_links":{"self":[{"href":"https:\/\/fiaf.net\/toscana\/wp-json\/wp\/v2\/posts\/18925","targetHints":{"allow":["GET"]}}],"collection":[{"href":"https:\/\/fiaf.net\/toscana\/wp-json\/wp\/v2\/posts"}],"about":[{"href":"https:\/\/fiaf.net\/toscana\/wp-json\/wp\/v2\/types\/post"}],"author":[{"embeddable":true,"href":"https:\/\/fiaf.net\/toscana\/wp-json\/wp\/v2\/users\/64"}],"replies":[{"embeddable":true,"href":"https:\/\/fiaf.net\/toscana\/wp-json\/wp\/v2\/comments?post=18925"}],"version-history":[{"count":0,"href":"https:\/\/fiaf.net\/toscana\/wp-json\/wp\/v2\/posts\/18925\/revisions"}],"wp:featuredmedia":[{"embeddable":true,"href":"https:\/\/fiaf.net\/toscana\/wp-json\/wp\/v2\/media\/18927"}],"wp:attachment":[{"href":"https:\/\/fiaf.net\/toscana\/wp-json\/wp\/v2\/media?parent=18925"}],"wp:term":[{"taxonomy":"category","embeddable":true,"href":"https:\/\/fiaf.net\/toscana\/wp-json\/wp\/v2\/categories?post=18925"},{"taxonomy":"post_tag","embeddable":true,"href":"https:\/\/fiaf.net\/toscana\/wp-json\/wp\/v2\/tags?post=18925"}],"curies":[{"name":"wp","href":"https:\/\/api.w.org\/{rel}","templated":true}]}}