{"id":19139,"date":"2014-10-02T14:50:26","date_gmt":"2014-10-02T12:50:26","guid":{"rendered":"https:\/\/fiaf.net\/regioni\/toscana\/?p=19139"},"modified":"2014-10-02T14:50:26","modified_gmt":"2014-10-02T12:50:26","slug":"humberstone-di-marco-bartolini-montevarchi","status":"publish","type":"post","link":"https:\/\/fiaf.net\/toscana\/2014\/10\/02\/humberstone-di-marco-bartolini-montevarchi\/","title":{"rendered":"Humberstone di Marco Bartolini &gt; Montevarchi"},"content":{"rendered":"<p><a href=\"https:\/\/fiaf.net\/regioni\/toscana\/wp-content\/uploads\/2014\/09\/LOCANDINA-BARTOLINI-EMAIL.jpg\"><img loading=\"lazy\" decoding=\"async\" class=\"aligncenter size-full wp-image-19140\" alt=\"LOCANDINA BARTOLINI EMAIL\" src=\"https:\/\/fiaf.net\/regioni\/toscana\/wp-content\/uploads\/2014\/09\/LOCANDINA-BARTOLINI-EMAIL.jpg\" width=\"700\" height=\"1050\" srcset=\"https:\/\/fiaf.net\/toscana\/wp-content\/uploads\/sites\/10\/2014\/09\/LOCANDINA-BARTOLINI-EMAIL.jpg 700w, https:\/\/fiaf.net\/toscana\/wp-content\/uploads\/sites\/10\/2014\/09\/LOCANDINA-BARTOLINI-EMAIL-200x300.jpg 200w, https:\/\/fiaf.net\/toscana\/wp-content\/uploads\/sites\/10\/2014\/09\/LOCANDINA-BARTOLINI-EMAIL-683x1024.jpg 683w\" sizes=\"auto, (max-width: 700px) 100vw, 700px\" \/><\/a><\/p>\n<p style=\"text-align: center\">Mostra con Riconoscimento FIAF n. M73\/2014<\/p>\n<h1 style=\"text-align: center\"><strong>&#8221; HUMBERSTONE &#8220;<\/strong><\/h1>\n<p style=\"text-align: center\">di<\/p>\n<h2 style=\"text-align: center\"><strong>MARCO BARTOLINI<\/strong><\/h2>\n<h4 style=\"text-align: center\"><strong>4 &#8211; 30 Ottobre \/ inaugurazione Sabato 4 alle ore 17.30<\/strong><\/h4>\n<p style=\"text-align: center\"><strong>Corte De&#8217; Medici &#8211; Casa Mannucci &#8211; Via Roma, 142 &#8211; Montevarchi (AR)<\/strong><\/p>\n<p style=\"text-align: center\">a cura dell&#8217;Associazione Fotoamatori Francesco Mochi<\/p>\n<p style=\"text-align: center\">______________________<\/p>\n<p><i>Titolo della Mostra : <b><span style=\"text-decoration: underline\">Humberstone<\/span><\/b><\/i><\/p>\n<p><i>Il nord del Cile \u00e8 un grande serbatoio naturale dell\u2019oro bianco dell\u2019Atacama:\u00a0 i nitrati, sfruttati in passato per la produzione di fertilizzanti ed esplosivi.<\/i><\/p>\n<p><i>La citt\u00e0 di Humberstone, venne fondata nel 1872 con il nome La Palma accanto ad un giacimento di salnitro con lo scopo di ospitare i minatori e le loro famiglie.<\/i><\/p>\n<p><i>Questa cittadina mineraria si svilupp\u00f2 rapidamente\u00a0 e arriv\u00f2 ad ospitare alcune migliaia di persone.<\/i><\/p>\n<p><i>Con la crisi del 1929, la grande depressione e la sintesi dell\u2019ammoniaca, che apr\u00ec la via alla produzione industriale dei nitrati sintetici, inizi\u00f2 il declino della citt\u00e0 che chiuse definitivamente i battenti nel 1960; 3000 operai persero il lavoro e la citt\u00e0 si spopol\u00f2.<\/i><\/p>\n<p><i>Nel luglio del 2005 Humberstone \u00e8 entrata a far parte dei siti Patrimonio dell\u2019Umanit\u00e0 dell\u2019Unesco. <\/i><\/p>\n<p><i>Ancora oggi all\u2019interno di questa citt\u00e0 fantasma si pu\u00f2 avere una chiara idea di quella che era la vita nel periodo d\u2019oro delle raffinerie. Oltre alle miniere ed ai luoghi di lavoro, si possono ancora visitare le case, la scuola gli uffici\u00a0 la chiesa, i campi da tennis, il mercato, il teatro e l\u2019hotel con annessa piscina.<\/i><\/p>\n<p><i>Il suo grande fascino sta proprio in questa essenza di benessere che traspare fra resti del vissuto e dalle fotografie presenti nei vari locali. <\/i><\/p>\n<p><i>La ruggine e le rovine simboleggiano la bellezza, la lontananza ed il silenzio di questo luogo.<\/i><\/p>\n<p style=\"text-align: center\"><strong><span style=\"text-decoration: underline\">ALCUNE FOTO DELLA MOSTRA<\/span><\/strong><\/p>\n<p style=\"text-align: center\"><a href=\"https:\/\/fiaf.net\/regioni\/toscana\/wp-content\/uploads\/2014\/09\/1.jpg\"><img loading=\"lazy\" decoding=\"async\" class=\"aligncenter size-full wp-image-19141\" alt=\"1\" src=\"https:\/\/fiaf.net\/regioni\/toscana\/wp-content\/uploads\/2014\/09\/1.jpg\" width=\"500\" height=\"333\" srcset=\"https:\/\/fiaf.net\/toscana\/wp-content\/uploads\/sites\/10\/2014\/09\/1.jpg 500w, https:\/\/fiaf.net\/toscana\/wp-content\/uploads\/sites\/10\/2014\/09\/1-300x200.jpg 300w\" sizes=\"auto, (max-width: 500px) 100vw, 500px\" \/><\/a><\/p>\n<p style=\"text-align: center\"><a href=\"https:\/\/fiaf.net\/regioni\/toscana\/wp-content\/uploads\/2014\/09\/3.jpg\"><img loading=\"lazy\" decoding=\"async\" class=\"aligncenter size-full wp-image-19142\" alt=\"3\" src=\"https:\/\/fiaf.net\/regioni\/toscana\/wp-content\/uploads\/2014\/09\/3.jpg\" width=\"500\" height=\"334\" srcset=\"https:\/\/fiaf.net\/toscana\/wp-content\/uploads\/sites\/10\/2014\/09\/3.jpg 500w, https:\/\/fiaf.net\/toscana\/wp-content\/uploads\/sites\/10\/2014\/09\/3-300x200.jpg 300w\" sizes=\"auto, (max-width: 500px) 100vw, 500px\" \/><\/a><\/p>\n<p style=\"text-align: center\"><a href=\"https:\/\/fiaf.net\/regioni\/toscana\/wp-content\/uploads\/2014\/09\/9.jpg\"><img loading=\"lazy\" decoding=\"async\" class=\"aligncenter size-full wp-image-19143\" alt=\"9\" src=\"https:\/\/fiaf.net\/regioni\/toscana\/wp-content\/uploads\/2014\/09\/9.jpg\" width=\"500\" height=\"333\" srcset=\"https:\/\/fiaf.net\/toscana\/wp-content\/uploads\/sites\/10\/2014\/09\/9.jpg 500w, https:\/\/fiaf.net\/toscana\/wp-content\/uploads\/sites\/10\/2014\/09\/9-300x200.jpg 300w\" sizes=\"auto, (max-width: 500px) 100vw, 500px\" \/><\/a><\/p>\n<p style=\"text-align: center\"><a href=\"https:\/\/fiaf.net\/regioni\/toscana\/wp-content\/uploads\/2014\/09\/10.jpg\"><img loading=\"lazy\" decoding=\"async\" class=\"aligncenter size-full wp-image-19144\" alt=\"10\" src=\"https:\/\/fiaf.net\/regioni\/toscana\/wp-content\/uploads\/2014\/09\/10.jpg\" width=\"500\" height=\"333\" srcset=\"https:\/\/fiaf.net\/toscana\/wp-content\/uploads\/sites\/10\/2014\/09\/10.jpg 500w, https:\/\/fiaf.net\/toscana\/wp-content\/uploads\/sites\/10\/2014\/09\/10-300x200.jpg 300w\" sizes=\"auto, (max-width: 500px) 100vw, 500px\" \/><\/a><\/p>\n<p style=\"text-align: center\"><a href=\"https:\/\/fiaf.net\/regioni\/toscana\/wp-content\/uploads\/2014\/09\/19.jpg\"><img loading=\"lazy\" decoding=\"async\" class=\"aligncenter size-full wp-image-19145\" alt=\"19\" src=\"https:\/\/fiaf.net\/regioni\/toscana\/wp-content\/uploads\/2014\/09\/19.jpg\" width=\"500\" height=\"333\" srcset=\"https:\/\/fiaf.net\/toscana\/wp-content\/uploads\/sites\/10\/2014\/09\/19.jpg 500w, https:\/\/fiaf.net\/toscana\/wp-content\/uploads\/sites\/10\/2014\/09\/19-300x200.jpg 300w\" sizes=\"auto, (max-width: 500px) 100vw, 500px\" \/><\/a><\/p>\n<p style=\"text-align: center\"><a href=\"https:\/\/fiaf.net\/regioni\/toscana\/wp-content\/uploads\/2014\/09\/21.jpg\"><img loading=\"lazy\" decoding=\"async\" class=\"aligncenter size-full wp-image-19146\" alt=\"21\" src=\"https:\/\/fiaf.net\/regioni\/toscana\/wp-content\/uploads\/2014\/09\/21.jpg\" width=\"500\" height=\"333\" srcset=\"https:\/\/fiaf.net\/toscana\/wp-content\/uploads\/sites\/10\/2014\/09\/21.jpg 500w, https:\/\/fiaf.net\/toscana\/wp-content\/uploads\/sites\/10\/2014\/09\/21-300x200.jpg 300w\" sizes=\"auto, (max-width: 500px) 100vw, 500px\" \/><\/a><\/p>\n<p style=\"text-align: center\"><a href=\"https:\/\/fiaf.net\/regioni\/toscana\/wp-content\/uploads\/2014\/09\/25.jpg\"><img loading=\"lazy\" decoding=\"async\" class=\"aligncenter size-full wp-image-19147\" alt=\"25\" src=\"https:\/\/fiaf.net\/regioni\/toscana\/wp-content\/uploads\/2014\/09\/25.jpg\" width=\"500\" height=\"333\" srcset=\"https:\/\/fiaf.net\/toscana\/wp-content\/uploads\/sites\/10\/2014\/09\/25.jpg 500w, https:\/\/fiaf.net\/toscana\/wp-content\/uploads\/sites\/10\/2014\/09\/25-300x200.jpg 300w\" sizes=\"auto, (max-width: 500px) 100vw, 500px\" \/><\/a><\/p>\n<p style=\"text-align: center\"><a href=\"https:\/\/fiaf.net\/regioni\/toscana\/wp-content\/uploads\/2014\/09\/28.jpg\"><img loading=\"lazy\" decoding=\"async\" class=\"aligncenter size-full wp-image-19148\" alt=\"28\" src=\"https:\/\/fiaf.net\/regioni\/toscana\/wp-content\/uploads\/2014\/09\/28.jpg\" width=\"500\" height=\"333\" srcset=\"https:\/\/fiaf.net\/toscana\/wp-content\/uploads\/sites\/10\/2014\/09\/28.jpg 500w, https:\/\/fiaf.net\/toscana\/wp-content\/uploads\/sites\/10\/2014\/09\/28-300x200.jpg 300w\" sizes=\"auto, (max-width: 500px) 100vw, 500px\" \/><\/a><\/p>\n<p style=\"text-align: center\"><a href=\"https:\/\/fiaf.net\/regioni\/toscana\/wp-content\/uploads\/2014\/09\/29.jpg\"><img loading=\"lazy\" decoding=\"async\" class=\"aligncenter size-full wp-image-19149\" alt=\"29\" src=\"https:\/\/fiaf.net\/regioni\/toscana\/wp-content\/uploads\/2014\/09\/29.jpg\" width=\"500\" height=\"333\" srcset=\"https:\/\/fiaf.net\/toscana\/wp-content\/uploads\/sites\/10\/2014\/09\/29.jpg 500w, https:\/\/fiaf.net\/toscana\/wp-content\/uploads\/sites\/10\/2014\/09\/29-300x200.jpg 300w\" sizes=\"auto, (max-width: 500px) 100vw, 500px\" \/><\/a><\/p>\n<p>&nbsp;<\/p>\n<p style=\"text-align: center\">\n\n    <div class=\"xs_social_share_widget xs_share_url after_content \t\tmain_content  wslu-style-1 wslu-share-box-shaped wslu-fill-colored wslu-none wslu-share-horizontal wslu-theme-font-no wslu-main_content\">\n\n\t\t\n        <ul>\n\t\t\t        <\/ul>\n    <\/div> \n","protected":false},"excerpt":{"rendered":"<p>Mostra con Riconoscimento FIAF n. M73\/2014 &#8221; HUMBERSTONE &#8220; di MARCO BARTOLINI 4 &#8211; 30 Ottobre \/ inaugurazione Sabato 4 &hellip;<\/p>\n","protected":false},"author":64,"featured_media":19151,"comment_status":"closed","ping_status":"closed","sticky":false,"template":"","format":"standard","meta":{"_acf_changed":false,"footnotes":""},"categories":[4,7],"tags":[],"class_list":["post-19139","post","type-post","status-publish","format-standard","has-post-thumbnail","hentry","category-gallerie","category-mostre"],"acf":[],"_links":{"self":[{"href":"https:\/\/fiaf.net\/toscana\/wp-json\/wp\/v2\/posts\/19139","targetHints":{"allow":["GET"]}}],"collection":[{"href":"https:\/\/fiaf.net\/toscana\/wp-json\/wp\/v2\/posts"}],"about":[{"href":"https:\/\/fiaf.net\/toscana\/wp-json\/wp\/v2\/types\/post"}],"author":[{"embeddable":true,"href":"https:\/\/fiaf.net\/toscana\/wp-json\/wp\/v2\/users\/64"}],"replies":[{"embeddable":true,"href":"https:\/\/fiaf.net\/toscana\/wp-json\/wp\/v2\/comments?post=19139"}],"version-history":[{"count":0,"href":"https:\/\/fiaf.net\/toscana\/wp-json\/wp\/v2\/posts\/19139\/revisions"}],"wp:featuredmedia":[{"embeddable":true,"href":"https:\/\/fiaf.net\/toscana\/wp-json\/wp\/v2\/media\/19151"}],"wp:attachment":[{"href":"https:\/\/fiaf.net\/toscana\/wp-json\/wp\/v2\/media?parent=19139"}],"wp:term":[{"taxonomy":"category","embeddable":true,"href":"https:\/\/fiaf.net\/toscana\/wp-json\/wp\/v2\/categories?post=19139"},{"taxonomy":"post_tag","embeddable":true,"href":"https:\/\/fiaf.net\/toscana\/wp-json\/wp\/v2\/tags?post=19139"}],"curies":[{"name":"wp","href":"https:\/\/api.w.org\/{rel}","templated":true}]}}