{"id":21500,"date":"2015-01-10T08:35:59","date_gmt":"2015-01-10T07:35:59","guid":{"rendered":"https:\/\/fiaf.net\/regioni\/toscana\/?p=21500"},"modified":"2015-01-10T08:35:59","modified_gmt":"2015-01-10T07:35:59","slug":"scatta-o-filma-il-carnevale-viareggio-2","status":"publish","type":"post","link":"https:\/\/fiaf.net\/toscana\/2015\/01\/10\/scatta-o-filma-il-carnevale-viareggio-2\/","title":{"rendered":"Scatta o filma il Carnevale &gt; Viareggio"},"content":{"rendered":"<p><a href=\"https:\/\/fiaf.net\/regioni\/toscana\/2015\/01\/10\/scatta-o-filma-il-carnevale-viareggio-2\/flyer-contest-carnevale-2\/\" rel=\"attachment wp-att-21501\"><img loading=\"lazy\" decoding=\"async\" class=\"aligncenter size-full wp-image-21501\" alt=\"Flyer contest Carnevale\" src=\"https:\/\/fiaf.net\/regioni\/toscana\/wp-content\/uploads\/2015\/01\/Flyer-contest-Carnevale1.jpg\" width=\"700\" height=\"484\" srcset=\"https:\/\/fiaf.net\/toscana\/wp-content\/uploads\/sites\/10\/2015\/01\/Flyer-contest-Carnevale1.jpg 700w, https:\/\/fiaf.net\/toscana\/wp-content\/uploads\/sites\/10\/2015\/01\/Flyer-contest-Carnevale1-300x207.jpg 300w\" sizes=\"auto, (max-width: 700px) 100vw, 700px\" \/><\/a><\/p>\n<p>&nbsp;<\/p>\n<p><b>SCATTA E FILMA LA MAGIA DEL CARNEVALE DI VIAREGGIO 2015<\/b><br \/>\n<i>Al via il primo contest fotografico e video organizzato dalla Fondazione Carnevale e dall\u2019Istituto Europeo di Design<\/i><\/p>\n<p>#viareggiocontest<br \/>\nIl Carnevale di Viareggio, con i suoi giganteschi carri e la moltitudine di maschere, \u00e8 da sempre una straordinaria occasione per realizzare eccezionali scatti fotografici, sia da parte di professionisti, che di appassionati. E proprio per valorizzare le suggestioni, raccontate attraverso le immagini, nasce il primo Contest fotografico, voluto dalla Fondazione Carnevale in collaborazione con lo IED Istituto Europeo di Design.<\/p>\n<p>\u201cScatta filma e racconta la magia del Carnevale di Viareggio\u201d \u00e8 il titolo del concorso aperto a tutti i creativi, senza limiti di et\u00e0 e nazionalit\u00e0, che vorranno raccontare la loro straordinaria esperienza alla manifestazione 2015 e alla Cittadella, al momento dei preparativi. Due le sezioni di concorso: video e foto.<\/p>\n<p>I video potranno essere sia\u00a0 con\u00a0 modalit\u00e0 storytelling, per\u00a0 raccontare la magia del Carnevale, dal concept del bozzetto del carro,\u00a0 alla sua costruzione, sino alla sfilata in Passeggiata; sia come racconto dello spettacolo del Corso Mascherato.\u00a0 Nel primo caso il video, della durata di massimo 5 minuti (formato DVD), dovr\u00e0 essere presentato entro le ore 23:59 di venerd\u00ec 30 gennaio 2015. Dovr\u00e0 concludersi con un frame finale in cui siano riportate\u00a0 le\u00a0\u00a0 date del Carnevale 2015. Nel secondo caso dovr\u00e0 essere un video\/cortometraggio\u00a0 che documenti i carri allegorici durante la sfilata. Dovr\u00e0 durare 3 minuti ed essere presentato e consegnato entro le ore 23:59 di sabato 14 febbraio 2015. Le foto dovranno invece testimoniare la bellezza e l\u2019originalit\u00e0 delle grandi opere in cartapesta, realizzate dagli artisti viareggini ed immortalate nei laboratori o lungo la sfilata. Dovranno essere inviate in digitale nei seguenti formati: jpeg, pdf a una risoluzione di 300 dpi.<\/p>\n<p>Per partecipare, baster\u00e0 registrarsi inviando una mail\u00a0 seguente indirizzo: <a href=\"mailto:contest@ilcarnevale.com\">contest@ilcarnevale.com<\/a> indicando nome, cognome, data e luogo di nascita, indirizzo di residenza, indirizzo e-mail e numero di telefono. La registrazione \u00e8 possibile sino al\u00a0 14 febbraio 2015.<\/p>\n<p>Tutto il materiale verr\u00e0 presentato e diffuso attraverso gli account social ufficiali della Fondazione Carnevale di Viareggio, e non solo, con l\u2019hashtag #viareggiocontest<br \/>\nIn palio soggiorni per due persone a Viareggio in occasione di uno dei week-end di Carnevale. Il miglior video e la migliore fotografia verranno utilizzati per la campagna di comunicazione dell\u2019edizione 2016 della manifestazione.<\/p>\n<p style=\"text-align: center\"><a href=\"https:\/\/fiaf.net\/regioni\/toscana\/2015\/01\/10\/scatta-o-filma-il-carnevale-viareggio-2\/logo_carnevale\/\" rel=\"attachment wp-att-21502\"><img loading=\"lazy\" decoding=\"async\" class=\"aligncenter size-full wp-image-21502\" alt=\"logo_Carnevale\" src=\"https:\/\/fiaf.net\/regioni\/toscana\/wp-content\/uploads\/2015\/01\/logo_Carnevale.jpg\" width=\"425\" height=\"157\" srcset=\"https:\/\/fiaf.net\/toscana\/wp-content\/uploads\/sites\/10\/2015\/01\/logo_Carnevale.jpg 425w, https:\/\/fiaf.net\/toscana\/wp-content\/uploads\/sites\/10\/2015\/01\/logo_Carnevale-300x111.jpg 300w\" sizes=\"auto, (max-width: 425px) 100vw, 425px\" \/><\/a><\/p>\n\n    <div class=\"xs_social_share_widget xs_share_url after_content \t\tmain_content  wslu-style-1 wslu-share-box-shaped wslu-fill-colored wslu-none wslu-share-horizontal wslu-theme-font-no wslu-main_content\">\n\n\t\t\n        <ul>\n\t\t\t        <\/ul>\n    <\/div> \n","protected":false},"excerpt":{"rendered":"<p>&nbsp; SCATTA E FILMA LA MAGIA DEL CARNEVALE DI VIAREGGIO 2015 Al via il primo contest fotografico e video organizzato &hellip;<\/p>\n","protected":false},"author":64,"featured_media":21503,"comment_status":"closed","ping_status":"closed","sticky":false,"template":"","format":"standard","meta":{"_acf_changed":false,"footnotes":""},"categories":[3],"tags":[],"class_list":["post-21500","post","type-post","status-publish","format-standard","has-post-thumbnail","hentry","category-concorsi-fotografici"],"acf":[],"_links":{"self":[{"href":"https:\/\/fiaf.net\/toscana\/wp-json\/wp\/v2\/posts\/21500","targetHints":{"allow":["GET"]}}],"collection":[{"href":"https:\/\/fiaf.net\/toscana\/wp-json\/wp\/v2\/posts"}],"about":[{"href":"https:\/\/fiaf.net\/toscana\/wp-json\/wp\/v2\/types\/post"}],"author":[{"embeddable":true,"href":"https:\/\/fiaf.net\/toscana\/wp-json\/wp\/v2\/users\/64"}],"replies":[{"embeddable":true,"href":"https:\/\/fiaf.net\/toscana\/wp-json\/wp\/v2\/comments?post=21500"}],"version-history":[{"count":0,"href":"https:\/\/fiaf.net\/toscana\/wp-json\/wp\/v2\/posts\/21500\/revisions"}],"wp:featuredmedia":[{"embeddable":true,"href":"https:\/\/fiaf.net\/toscana\/wp-json\/wp\/v2\/media\/21503"}],"wp:attachment":[{"href":"https:\/\/fiaf.net\/toscana\/wp-json\/wp\/v2\/media?parent=21500"}],"wp:term":[{"taxonomy":"category","embeddable":true,"href":"https:\/\/fiaf.net\/toscana\/wp-json\/wp\/v2\/categories?post=21500"},{"taxonomy":"post_tag","embeddable":true,"href":"https:\/\/fiaf.net\/toscana\/wp-json\/wp\/v2\/tags?post=21500"}],"curies":[{"name":"wp","href":"https:\/\/api.w.org\/{rel}","templated":true}]}}