{"id":21553,"date":"2015-01-15T08:39:54","date_gmt":"2015-01-15T07:39:54","guid":{"rendered":"https:\/\/fiaf.net\/regioni\/toscana\/?p=21553"},"modified":"2015-01-15T08:39:54","modified_gmt":"2015-01-15T07:39:54","slug":"scatta-il-museo-certosa-di-calci","status":"publish","type":"post","link":"https:\/\/fiaf.net\/toscana\/2015\/01\/15\/scatta-il-museo-certosa-di-calci\/","title":{"rendered":"&#8220;Scatta il Museo&#8221; &gt; Certosa di Calci"},"content":{"rendered":"<p><a href=\"https:\/\/fiaf.net\/regioni\/toscana\/2015\/01\/10\/scatta-il-museo-certosa-di-calci\/mostra-fotografica-scatta-il-museo700\/\" rel=\"attachment wp-att-21554\"><img loading=\"lazy\" decoding=\"async\" class=\"aligncenter size-full wp-image-21554\" alt=\"Mostra Fotografica Scatta il Museo!700\" src=\"https:\/\/fiaf.net\/regioni\/toscana\/wp-content\/uploads\/2015\/01\/Mostra-Fotografica-Scatta-il-Museo700.jpg\" width=\"700\" height=\"933\" srcset=\"https:\/\/fiaf.net\/toscana\/wp-content\/uploads\/sites\/10\/2015\/01\/Mostra-Fotografica-Scatta-il-Museo700.jpg 700w, https:\/\/fiaf.net\/toscana\/wp-content\/uploads\/sites\/10\/2015\/01\/Mostra-Fotografica-Scatta-il-Museo700-225x300.jpg 225w\" sizes=\"auto, (max-width: 700px) 100vw, 700px\" \/><\/a><\/p>\n<p>&nbsp;<\/p>\n<p><b>Sabato 17 gennaio alle ore 11:00<\/b>,<\/p>\n<p><b>presso il Museo di Storia Naturale dell&#8217;Universit\u00e0 di Pisa<br \/>\ncon sede alla Certosa di Calci<\/b>,<\/p>\n<p>si terr\u00e0 l&#8217;inaugurazione della mostra dedicata alle 30 migliori foto selezionate tra quelle dei concorrenti di &#8220;Scatta il Museo!&#8221;.\u00a0 Il bando invitava a &#8220;immortalare i settori espositivi, i dettagli, gli esemplari &#8221; in modo da rappresentare al meglio una realt\u00e0 storico-artistica e scientifica unica come quella del Museo di Calci. Una sfida senza precedenti: una realt\u00e0 cos\u00ec complessa in un unico scorcio. Sebbene soltanto alla sua prima edizione, il concorso ha visto la partecipazione di 79 provetti fotografi provenienti da tutta Italia (e persino dall&#8217;estero): i giudici si sono trovati di fronte all&#8217;arduo compito di scegliere tra un totale di 232 scatti, la maggior parte dei quali di qualit\u00e0 eccellente. Assieme all&#8217;inaugurazione della mostra avr\u00e0 luogo anche la premiazione degli autori delle prime tre foto classificate. Le immagini rimarranno esposte nella biglietteria del Museo fino al 22 febbraio. Chiunque fosse interessato \u00e8 caldamente invitato a venire a dare un&#8217;occhiata.<\/p>\n\n    <div class=\"xs_social_share_widget xs_share_url after_content \t\tmain_content  wslu-style-1 wslu-share-box-shaped wslu-fill-colored wslu-none wslu-share-horizontal wslu-theme-font-no wslu-main_content\">\n\n\t\t\n        <ul>\n\t\t\t        <\/ul>\n    <\/div> \n","protected":false},"excerpt":{"rendered":"<p>&nbsp; Sabato 17 gennaio alle ore 11:00, presso il Museo di Storia Naturale dell&#8217;Universit\u00e0 di Pisa con sede alla Certosa &hellip;<\/p>\n","protected":false},"author":64,"featured_media":21555,"comment_status":"closed","ping_status":"closed","sticky":false,"template":"","format":"standard","meta":{"_acf_changed":false,"footnotes":""},"categories":[7],"tags":[],"class_list":["post-21553","post","type-post","status-publish","format-standard","has-post-thumbnail","hentry","category-mostre"],"acf":[],"_links":{"self":[{"href":"https:\/\/fiaf.net\/toscana\/wp-json\/wp\/v2\/posts\/21553","targetHints":{"allow":["GET"]}}],"collection":[{"href":"https:\/\/fiaf.net\/toscana\/wp-json\/wp\/v2\/posts"}],"about":[{"href":"https:\/\/fiaf.net\/toscana\/wp-json\/wp\/v2\/types\/post"}],"author":[{"embeddable":true,"href":"https:\/\/fiaf.net\/toscana\/wp-json\/wp\/v2\/users\/64"}],"replies":[{"embeddable":true,"href":"https:\/\/fiaf.net\/toscana\/wp-json\/wp\/v2\/comments?post=21553"}],"version-history":[{"count":0,"href":"https:\/\/fiaf.net\/toscana\/wp-json\/wp\/v2\/posts\/21553\/revisions"}],"wp:featuredmedia":[{"embeddable":true,"href":"https:\/\/fiaf.net\/toscana\/wp-json\/wp\/v2\/media\/21555"}],"wp:attachment":[{"href":"https:\/\/fiaf.net\/toscana\/wp-json\/wp\/v2\/media?parent=21553"}],"wp:term":[{"taxonomy":"category","embeddable":true,"href":"https:\/\/fiaf.net\/toscana\/wp-json\/wp\/v2\/categories?post=21553"},{"taxonomy":"post_tag","embeddable":true,"href":"https:\/\/fiaf.net\/toscana\/wp-json\/wp\/v2\/tags?post=21553"}],"curies":[{"name":"wp","href":"https:\/\/api.w.org\/{rel}","templated":true}]}}