{"id":26351,"date":"2015-08-27T23:15:08","date_gmt":"2015-08-27T21:15:08","guid":{"rendered":"https:\/\/fiaf.net\/regioni\/toscana\/?p=26351"},"modified":"2015-08-27T23:15:08","modified_gmt":"2015-08-27T21:15:08","slug":"corso-base-di-fotografia-casciana-terme-2","status":"publish","type":"post","link":"https:\/\/fiaf.net\/toscana\/2015\/08\/27\/corso-base-di-fotografia-casciana-terme-2\/","title":{"rendered":"Corso Base di Fotografia &gt; Casciana Terme"},"content":{"rendered":"<p><a href=\"https:\/\/fiaf.net\/regioni\/toscana\/2015\/08\/13\/corso-base-di-fotografia-casciana-terme-2\/corso_scattomatto\/\" rel=\"attachment wp-att-26352\"><img loading=\"lazy\" decoding=\"async\" class=\"aligncenter size-full wp-image-26352\" alt=\"corso_scattomatto\" src=\"https:\/\/fiaf.net\/regioni\/toscana\/wp-content\/uploads\/2015\/08\/corso_scattomatto.jpg\" width=\"700\" height=\"990\" srcset=\"https:\/\/fiaf.net\/toscana\/wp-content\/uploads\/sites\/10\/2015\/08\/corso_scattomatto.jpg 700w, https:\/\/fiaf.net\/toscana\/wp-content\/uploads\/sites\/10\/2015\/08\/corso_scattomatto-212x300.jpg 212w\" sizes=\"auto, (max-width: 700px) 100vw, 700px\" \/><\/a><\/p>\n<p>Il Fotoclub Scatto Matto di Casciana Terme \u00e8 lieto di comunicare che il 18\u00b0 Corso Base di Fotografia avr\u00e0 inizio Luned\u00ec 28 settembre e sar\u00e0 tenuto da Alessandro Signorini e da Marco Marchetti (fotografo professionista).<br \/>\nIl corso si articoler\u00e0 in 11 incontri (il luned\u00ec dalle 21.30), dei quali 2 di domenica mattina per mettere in pratica le nozioni teoriche, nel corso dei quali verranno affrontati, con l&#8217;ausilio di proiezioni, tutti gli aspetti tecnici e compositivi necessari ad ottenere non solo delle foto migliori, ma proprio quelle foto che avresti voluto fare tu ma che la tua macchina fotografica non ti ha permesso di fare in automatico.<br \/>\nDurante il corso parleremo di come utilizzare e gestire i tempi e i diaframmi, come calcolare l&#8217;esposizione corretta, la composizione fotografica, i vari generi di fotografia, tecniche speciali e i vari accessori.<br \/>\nAl termine di ogni incontro, supportato da proiezioni esplicative, verr\u00e0 rilasciata ai partecipanti una dispensa che andr\u00e0 a comporre, alla fine del corso, un manuale di oltre 120 pagine.<br \/>\nIl corso \u00e8 a numero chiuso, se sei interessato&#8230; contattaci immediatamente!<br \/>\nPer info, costi e iscrizioni \u00e8 sufficiente inviare una mail a <a href=\"mailto:info@scatto-matto.it\">info@scatto-matto.it<\/a><\/p>\n\n    <div class=\"xs_social_share_widget xs_share_url after_content \t\tmain_content  wslu-style-1 wslu-share-box-shaped wslu-fill-colored wslu-none wslu-share-horizontal wslu-theme-font-no wslu-main_content\">\n\n\t\t\n        <ul>\n\t\t\t        <\/ul>\n    <\/div> \n","protected":false},"excerpt":{"rendered":"<p>Il Fotoclub Scatto Matto di Casciana Terme \u00e8 lieto di comunicare che il 18\u00b0 Corso Base di Fotografia avr\u00e0 inizio &hellip;<\/p>\n","protected":false},"author":64,"featured_media":26353,"comment_status":"closed","ping_status":"closed","sticky":false,"template":"","format":"standard","meta":{"_acf_changed":false,"footnotes":""},"categories":[2],"tags":[],"class_list":["post-26351","post","type-post","status-publish","format-standard","has-post-thumbnail","hentry","category-attivita_circoli"],"acf":[],"_links":{"self":[{"href":"https:\/\/fiaf.net\/toscana\/wp-json\/wp\/v2\/posts\/26351","targetHints":{"allow":["GET"]}}],"collection":[{"href":"https:\/\/fiaf.net\/toscana\/wp-json\/wp\/v2\/posts"}],"about":[{"href":"https:\/\/fiaf.net\/toscana\/wp-json\/wp\/v2\/types\/post"}],"author":[{"embeddable":true,"href":"https:\/\/fiaf.net\/toscana\/wp-json\/wp\/v2\/users\/64"}],"replies":[{"embeddable":true,"href":"https:\/\/fiaf.net\/toscana\/wp-json\/wp\/v2\/comments?post=26351"}],"version-history":[{"count":0,"href":"https:\/\/fiaf.net\/toscana\/wp-json\/wp\/v2\/posts\/26351\/revisions"}],"wp:featuredmedia":[{"embeddable":true,"href":"https:\/\/fiaf.net\/toscana\/wp-json\/wp\/v2\/media\/26353"}],"wp:attachment":[{"href":"https:\/\/fiaf.net\/toscana\/wp-json\/wp\/v2\/media?parent=26351"}],"wp:term":[{"taxonomy":"category","embeddable":true,"href":"https:\/\/fiaf.net\/toscana\/wp-json\/wp\/v2\/categories?post=26351"},{"taxonomy":"post_tag","embeddable":true,"href":"https:\/\/fiaf.net\/toscana\/wp-json\/wp\/v2\/tags?post=26351"}],"curies":[{"name":"wp","href":"https:\/\/api.w.org\/{rel}","templated":true}]}}