{"id":27591,"date":"2015-11-01T23:00:17","date_gmt":"2015-11-01T22:00:17","guid":{"rendered":"https:\/\/fiaf.net\/regioni\/toscana\/?p=27591"},"modified":"2015-11-01T23:00:17","modified_gmt":"2015-11-01T22:00:17","slug":"massimiliano-pratelli-allangolo-di-borgo-pisa","status":"publish","type":"post","link":"https:\/\/fiaf.net\/toscana\/2015\/11\/01\/massimiliano-pratelli-allangolo-di-borgo-pisa\/","title":{"rendered":"Massimiliano Pratelli all&#8217;Angolo di Borgo &gt; Pisa"},"content":{"rendered":"<p><a href=\"https:\/\/fiaf.net\/regioni\/toscana\/2015\/10\/22\/massimiliano-pratelli-allangolo-di-borgo-pisa\/listenerman\/\" rel=\"attachment wp-att-27592\"><img loading=\"lazy\" decoding=\"async\" class=\"aligncenter size-full wp-image-27592\" alt=\"Listenerman\" src=\"https:\/\/fiaf.net\/regioni\/toscana\/wp-content\/uploads\/2015\/10\/Listenerman.jpg\" width=\"700\" height=\"980\" srcset=\"https:\/\/fiaf.net\/toscana\/wp-content\/uploads\/sites\/10\/2015\/10\/Listenerman.jpg 700w, https:\/\/fiaf.net\/toscana\/wp-content\/uploads\/sites\/10\/2015\/10\/Listenerman-214x300.jpg 214w\" sizes=\"auto, (max-width: 700px) 100vw, 700px\" \/><\/a><\/p>\n<p>&nbsp;<\/p>\n<h2><strong><i>\u201c<\/i>AZZURR<i>O<\/i>VALE<i>\u201d<\/i><\/strong><\/h2>\n<h4><span style=\"color: #000000\">Fotografie di Massimiliano Pratelli<i>\u00a0\u00a0\u00a0\u00a0\u00a0<\/i><b><i>\u00a0\u00a0\u00a0\u00a0\u00a0\u00a0\u00a0\u00a0\u00a0\u00a0\u00a0\u00a0\u00a0\u00a0\u00a0\u00a0\u00a0\u00a0\u00a0\u00a0\u00a0 <\/i><\/b><\/span><\/h4>\n<p><span style=\"color: #000000\">\u00a0<b>L<\/b>\u2019avventura di Massimiliano Pratelli nel mondo della fotografia ha preso il via dalla prima giovent\u00f9, attratto dalla grafica, il disegno e tutto quanto concerne la creativit\u00e0 dell\u2019immagine. Studiando Ingegneria Edile, tra un esame e l\u2019altro, scopre che a Cascina, cittadina nella quale vive, si trova un famoso Club Fotografico, il 3C Cascina-Silvio Barsotti.<\/span><\/p>\n<p><span style=\"color: #000000\"><b>F<\/b>requentando questa palestra affina il modo personale di definire le proprie inclinazioni realizzative, dedicandosi alla foto sportiva e in particolare a quella di Rugby. Con passione, e seguendo i suggerimenti del Club, si specializza nella ripresa di eventi a livello regionale per poi, come professionista, passare con successo a quelli di risonanza mondiale. Sempre attento a fissare l\u2019estetica e l\u2019etica dei pi\u00f9 espressivi gesti sportivi, fornisce le sue immagini in tempo reale alle pi\u00f9 importanti testate giornalistiche, alle agenzie internazionali, ai pi\u00f9 diffusi organi di diffusione. Giocando con i cromatismi, la nitidezza e lo sfocato, il mosso, l\u2019Ingegner Massimiliano Pratelli compone foto di entusiasmante espressivit\u00e0.<\/span><\/p>\n<p><span style=\"color: #000000\"><b>\u00c8<\/b> uno dei tre fotografi che compongono il gruppo <i>FotosportIT<\/i>, unit\u00e0 giornalistica e redazionale che segue ufficialmente la <i>Federazione<\/i><i> Italiana<\/i><i> \u00a0Rugby<\/i>.<\/span><\/p>\n<p><span style=\"color: #000000\"><b>L<\/b>a mostra continua nella Saletta Giovanni Allegrini, al primo piano del punto vendita, e sar\u00e0 visibile per l\u2019intero mese di novembre.\u00a0\u00a0\u00a0\u00a0\u00a0\u00a0\u00a0\u00a0\u00a0\u00a0\u00a0\u00a0\u00a0\u00a0\u00a0\u00a0\u00a0\u00a0\u00a0\u00a0\u00a0\u00a0\u00a0\u00a0\u00a0\u00a0\u00a0\u00a0\u00a0\u00a0\u00a0\u00a0\u00a0\u00a0\u00a0\u00a0\u00a0\u00a0\u00a0\u00a0\u00a0\u00a0\u00a0\u00a0\u00a0\u00a0\u00a0\u00a0\u00a0\u00a0\u00a0\u00a0\u00a0 <\/span><\/p>\n<p><span style=\"color: #000000\"><em>Enzo Gaiotto (della Rivista Fotoit)<\/em><\/span><\/p>\n\n    <div class=\"xs_social_share_widget xs_share_url after_content \t\tmain_content  wslu-style-1 wslu-share-box-shaped wslu-fill-colored wslu-none wslu-share-horizontal wslu-theme-font-no wslu-main_content\">\n\n\t\t\n        <ul>\n\t\t\t        <\/ul>\n    <\/div> \n","protected":false},"excerpt":{"rendered":"<p>&nbsp; \u201cAZZURROVALE\u201d Fotografie di Massimiliano Pratelli\u00a0\u00a0\u00a0\u00a0\u00a0\u00a0\u00a0\u00a0\u00a0\u00a0\u00a0\u00a0\u00a0\u00a0\u00a0\u00a0\u00a0\u00a0\u00a0\u00a0\u00a0\u00a0\u00a0\u00a0\u00a0\u00a0 \u00a0L\u2019avventura di Massimiliano Pratelli nel mondo della fotografia ha preso il via dalla prima &hellip;<\/p>\n","protected":false},"author":64,"featured_media":27593,"comment_status":"closed","ping_status":"closed","sticky":false,"template":"","format":"standard","meta":{"_acf_changed":false,"footnotes":""},"categories":[7],"tags":[],"class_list":["post-27591","post","type-post","status-publish","format-standard","has-post-thumbnail","hentry","category-mostre"],"acf":[],"_links":{"self":[{"href":"https:\/\/fiaf.net\/toscana\/wp-json\/wp\/v2\/posts\/27591","targetHints":{"allow":["GET"]}}],"collection":[{"href":"https:\/\/fiaf.net\/toscana\/wp-json\/wp\/v2\/posts"}],"about":[{"href":"https:\/\/fiaf.net\/toscana\/wp-json\/wp\/v2\/types\/post"}],"author":[{"embeddable":true,"href":"https:\/\/fiaf.net\/toscana\/wp-json\/wp\/v2\/users\/64"}],"replies":[{"embeddable":true,"href":"https:\/\/fiaf.net\/toscana\/wp-json\/wp\/v2\/comments?post=27591"}],"version-history":[{"count":0,"href":"https:\/\/fiaf.net\/toscana\/wp-json\/wp\/v2\/posts\/27591\/revisions"}],"wp:featuredmedia":[{"embeddable":true,"href":"https:\/\/fiaf.net\/toscana\/wp-json\/wp\/v2\/media\/27593"}],"wp:attachment":[{"href":"https:\/\/fiaf.net\/toscana\/wp-json\/wp\/v2\/media?parent=27591"}],"wp:term":[{"taxonomy":"category","embeddable":true,"href":"https:\/\/fiaf.net\/toscana\/wp-json\/wp\/v2\/categories?post=27591"},{"taxonomy":"post_tag","embeddable":true,"href":"https:\/\/fiaf.net\/toscana\/wp-json\/wp\/v2\/tags?post=27591"}],"curies":[{"name":"wp","href":"https:\/\/api.w.org\/{rel}","templated":true}]}}