{"id":28697,"date":"2016-03-01T22:28:48","date_gmt":"2016-03-01T21:28:48","guid":{"rendered":"https:\/\/fiaf.net\/regioni\/toscana\/?p=28697"},"modified":"2016-03-01T22:28:48","modified_gmt":"2016-03-01T21:28:48","slug":"premio-combat-2016-prize-livorno","status":"publish","type":"post","link":"https:\/\/fiaf.net\/toscana\/2016\/03\/01\/premio-combat-2016-prize-livorno\/","title":{"rendered":"Premio Combat 2016 Prize &gt; Livorno"},"content":{"rendered":"<p><a href=\"https:\/\/fiaf.net\/regioni\/toscana\/2015\/12\/04\/premio-combat-2016-prize-livorno\/combat\/\" rel=\"attachment wp-att-28698\"><img loading=\"lazy\" decoding=\"async\" class=\"aligncenter size-full wp-image-28698\" alt=\"combat\" src=\"https:\/\/fiaf.net\/regioni\/toscana\/wp-content\/uploads\/2015\/12\/combat.jpg\" width=\"583\" height=\"248\" srcset=\"https:\/\/fiaf.net\/toscana\/wp-content\/uploads\/sites\/10\/2015\/12\/combat.jpg 583w, https:\/\/fiaf.net\/toscana\/wp-content\/uploads\/sites\/10\/2015\/12\/combat-300x128.jpg 300w\" sizes=\"auto, (max-width: 583px) 100vw, 583px\" \/><\/a><\/p>\n<h5 style=\"text-align: center\"><a href=\"http:\/\/www.premiocombat.it\/\" target=\"_blank\" rel=\"noopener\"><strong>http:\/\/www.premiocombat.it\/<\/strong><\/a><\/h5>\n<p>&nbsp;<\/p>\n<h4><span style=\"color: #000000\"><strong>START per il PREMIO COMBAT PRIZE 2016<\/strong><\/span><\/h4>\n<p><span style=\"color: #000000\">Aperte le iscrizioni alla settima edizione del<strong> PREMIO COMBAT PRIZE<\/strong>, concorso internazionale finalizzato alla continua ricerca dei diversi percorsi e talenti che caratterizzano l\u2019arte contemporanea. Sar\u00e0 il <strong>Museo Giovanni Fattori di Livorno<\/strong> come consueto a ospitare la mostra finale degli ottanta finalisti che quest\u2019anno si svolger\u00e0 dal 25 giugno al 16 luglio 2016. Quest\u2019anno il concorso sar\u00e0 arricchito dall\u2019ulteriore premio <strong>Fattori Contemporaneo<\/strong>, al cui vincitore sar\u00e0 offerta la possibilit\u00e0 di essere inserito nella programmazione annuale del Museo Fattori con una mostra personale, e la pubblicazione del catalogo. Sono inoltre previste due residenze d\u2019artista: a <strong>Firenze<\/strong> presso la prestigiosa <strong>Fondazione Il Bisonte<\/strong> e a <strong>Belgrado<\/strong>, anche questa novit\u00e0 2016, al <strong>Cultural Centre of Belgrade<\/strong>, dove gli artisti saranno invitati a sviluppare un progetto in situ. Al termine della residenza le opere saranno esposte in mostra a Firenze e nella capitale serba, la cui vivacit\u00e0 artistico-culturale si \u00e8 confermata negli ultimi anni una tra le pi\u00f9 stimolanti a livello europeo<\/span><\/p>\n\n    <div class=\"xs_social_share_widget xs_share_url after_content \t\tmain_content  wslu-style-1 wslu-share-box-shaped wslu-fill-colored wslu-none wslu-share-horizontal wslu-theme-font-no wslu-main_content\">\n\n\t\t\n        <ul>\n\t\t\t        <\/ul>\n    <\/div> \n","protected":false},"excerpt":{"rendered":"<p>http:\/\/www.premiocombat.it\/ &nbsp; START per il PREMIO COMBAT PRIZE 2016 Aperte le iscrizioni alla settima edizione del PREMIO COMBAT PRIZE, concorso &hellip;<\/p>\n","protected":false},"author":64,"featured_media":28699,"comment_status":"closed","ping_status":"closed","sticky":false,"template":"","format":"standard","meta":{"_acf_changed":false,"footnotes":""},"categories":[3],"tags":[],"class_list":["post-28697","post","type-post","status-publish","format-standard","has-post-thumbnail","hentry","category-concorsi-fotografici"],"acf":[],"_links":{"self":[{"href":"https:\/\/fiaf.net\/toscana\/wp-json\/wp\/v2\/posts\/28697","targetHints":{"allow":["GET"]}}],"collection":[{"href":"https:\/\/fiaf.net\/toscana\/wp-json\/wp\/v2\/posts"}],"about":[{"href":"https:\/\/fiaf.net\/toscana\/wp-json\/wp\/v2\/types\/post"}],"author":[{"embeddable":true,"href":"https:\/\/fiaf.net\/toscana\/wp-json\/wp\/v2\/users\/64"}],"replies":[{"embeddable":true,"href":"https:\/\/fiaf.net\/toscana\/wp-json\/wp\/v2\/comments?post=28697"}],"version-history":[{"count":0,"href":"https:\/\/fiaf.net\/toscana\/wp-json\/wp\/v2\/posts\/28697\/revisions"}],"wp:featuredmedia":[{"embeddable":true,"href":"https:\/\/fiaf.net\/toscana\/wp-json\/wp\/v2\/media\/28699"}],"wp:attachment":[{"href":"https:\/\/fiaf.net\/toscana\/wp-json\/wp\/v2\/media?parent=28697"}],"wp:term":[{"taxonomy":"category","embeddable":true,"href":"https:\/\/fiaf.net\/toscana\/wp-json\/wp\/v2\/categories?post=28697"},{"taxonomy":"post_tag","embeddable":true,"href":"https:\/\/fiaf.net\/toscana\/wp-json\/wp\/v2\/tags?post=28697"}],"curies":[{"name":"wp","href":"https:\/\/api.w.org\/{rel}","templated":true}]}}