{"id":30414,"date":"2016-04-07T21:45:40","date_gmt":"2016-04-07T19:45:40","guid":{"rendered":"https:\/\/fiaf.net\/regioni\/toscana\/?p=30414"},"modified":"2016-04-07T21:45:40","modified_gmt":"2016-04-07T19:45:40","slug":"42-comuni-in-mostra-campi-bisenzio","status":"publish","type":"post","link":"https:\/\/fiaf.net\/toscana\/2016\/04\/07\/42-comuni-in-mostra-campi-bisenzio\/","title":{"rendered":"42 comuni in mostra &gt; Campi Bisenzio"},"content":{"rendered":"<p><a href=\"https:\/\/fiaf.net\/regioni\/toscana\/2016\/03\/12\/42-comuni-in-mostra-campi-bisenzio\/locandina-28\/\" rel=\"attachment wp-att-30415\"><img loading=\"lazy\" decoding=\"async\" class=\"aligncenter size-full wp-image-30415\" alt=\"LOCANDINA\" src=\"https:\/\/fiaf.net\/regioni\/toscana\/wp-content\/uploads\/2016\/03\/LOCANDINA.jpg\" width=\"700\" height=\"988\" srcset=\"https:\/\/fiaf.net\/toscana\/wp-content\/uploads\/sites\/10\/2016\/03\/LOCANDINA.jpg 700w, https:\/\/fiaf.net\/toscana\/wp-content\/uploads\/sites\/10\/2016\/03\/LOCANDINA-213x300.jpg 213w\" sizes=\"auto, (max-width: 700px) 100vw, 700px\" \/><\/a><\/p>\n<p>&nbsp;<\/p>\n<p>&nbsp;<\/p>\n<h2 style=\"text-align: center\"><strong><span style=\"color: #0000ff\">42 COMUNI IN MOSTRA<\/span><\/strong><\/h2>\n<h5 style=\"text-align: center\"><strong>9 &#8211; 23 Aprile 2016<\/strong><br \/>\n<strong>inaugurazione Sabato 9 alle ore 16<\/strong><\/h5>\n<p style=\"text-align: center\"><strong><span style=\"color: #0000ff\">LA TINAIA, ROCCA STROZZI<\/span><\/strong><br \/>\n<span style=\"color: #000000\">Via Roma &#8211; Campi Bisenzio (FI)<\/span><\/p>\n<div><span style=\"color: #000000\">\u00a0<\/span><\/div>\n<div>\n<p><span style=\"color: #000000\">Dopo la prima presentazione al Centro Espositivo Antonio Berti di Sesto Fiorentino la mostra si trasferisce ora nella Tinaia della Rocca Strozzi di Campi Bisenzio.<\/span><\/p>\n<p><span style=\"color: #000000\">Il progetto della mostra \u00e8 nato, a suo tempo, dalla collaborazione tra la Provincia di Firenze, particolarmente nella persona dello stesso presidente Andrea Barducci, ed il Gruppo Video Fotografico Quintozoom, collaborazione dalla quale sono nate anche diverse mostre nella sede della Galleria Via Larga in Palazzo Medici Riccardi a Firenze.<\/span><\/p>\n<p><span style=\"color: #000000\">Il progetto, ad ampio respiro, avrebbe dovuto dar luogo a presentazioni, mostre, pubblicazioni che avessero per oggetto la scoperta o riscoperta di luoghi noti e meno noti nei vari comuni della Provincia di Firenze, ma ha poi avuto uno sviluppo diverso con l&#8217;abolizione delle Province.<\/span><\/p>\n<p><span style=\"color: #000000\">I fotografi del Gruppo hanno svolto la loro indagine sul territorio,\u00a0con attenzioni e sensibilit\u00e0 diverse,\u00a0che ha portato alla raccolta di una serie\u00a0di immagini di monumenti, edifici, luoghi, realt\u00e0 poco conosciuti o difficilmente raggiungibili o meritevoli, comunque, di ampia visibilit\u00e0.<\/span><\/p>\n<p><span style=\"color: #000000\">Nella mostra sono state scelte due immagini per comune che ogni socio ha ritenuto meritevoli di interesse, illustrandone con adeguata informazione il relativo contenuto: questo ha dato luogo ad un mosaico di realt\u00e0 che arricchisce ancora di pi\u00f9 il gi\u00e0 eccezionale patrimonio artistico e culturale della Provincia.<\/span><\/p>\n<\/div>\n\n    <div class=\"xs_social_share_widget xs_share_url after_content \t\tmain_content  wslu-style-1 wslu-share-box-shaped wslu-fill-colored wslu-none wslu-share-horizontal wslu-theme-font-no wslu-main_content\">\n\n\t\t\n        <ul>\n\t\t\t        <\/ul>\n    <\/div> \n","protected":false},"excerpt":{"rendered":"<p>&nbsp; &nbsp; 42 COMUNI IN MOSTRA 9 &#8211; 23 Aprile 2016 inaugurazione Sabato 9 alle ore 16 LA TINAIA, ROCCA &hellip;<\/p>\n","protected":false},"author":64,"featured_media":30416,"comment_status":"closed","ping_status":"closed","sticky":false,"template":"","format":"standard","meta":{"_acf_changed":false,"footnotes":""},"categories":[7],"tags":[],"class_list":["post-30414","post","type-post","status-publish","format-standard","has-post-thumbnail","hentry","category-mostre"],"acf":[],"_links":{"self":[{"href":"https:\/\/fiaf.net\/toscana\/wp-json\/wp\/v2\/posts\/30414","targetHints":{"allow":["GET"]}}],"collection":[{"href":"https:\/\/fiaf.net\/toscana\/wp-json\/wp\/v2\/posts"}],"about":[{"href":"https:\/\/fiaf.net\/toscana\/wp-json\/wp\/v2\/types\/post"}],"author":[{"embeddable":true,"href":"https:\/\/fiaf.net\/toscana\/wp-json\/wp\/v2\/users\/64"}],"replies":[{"embeddable":true,"href":"https:\/\/fiaf.net\/toscana\/wp-json\/wp\/v2\/comments?post=30414"}],"version-history":[{"count":0,"href":"https:\/\/fiaf.net\/toscana\/wp-json\/wp\/v2\/posts\/30414\/revisions"}],"wp:featuredmedia":[{"embeddable":true,"href":"https:\/\/fiaf.net\/toscana\/wp-json\/wp\/v2\/media\/30416"}],"wp:attachment":[{"href":"https:\/\/fiaf.net\/toscana\/wp-json\/wp\/v2\/media?parent=30414"}],"wp:term":[{"taxonomy":"category","embeddable":true,"href":"https:\/\/fiaf.net\/toscana\/wp-json\/wp\/v2\/categories?post=30414"},{"taxonomy":"post_tag","embeddable":true,"href":"https:\/\/fiaf.net\/toscana\/wp-json\/wp\/v2\/tags?post=30414"}],"curies":[{"name":"wp","href":"https:\/\/api.w.org\/{rel}","templated":true}]}}