{"id":30684,"date":"2016-04-12T22:00:17","date_gmt":"2016-04-12T20:00:17","guid":{"rendered":"https:\/\/fiaf.net\/regioni\/toscana\/?p=30684"},"modified":"2016-04-12T22:00:17","modified_gmt":"2016-04-12T20:00:17","slug":"fotografia-naturalistica-marina-di-carrara","status":"publish","type":"post","link":"https:\/\/fiaf.net\/toscana\/2016\/04\/12\/fotografia-naturalistica-marina-di-carrara\/","title":{"rendered":"Fotografia Naturalistica &gt; Marina di Carrara"},"content":{"rendered":"<p><a href=\"https:\/\/fiaf.net\/regioni\/toscana\/2016\/03\/24\/fotografia-naturalistica-marina-di-carrara\/volantino-biosfera\/\" rel=\"attachment wp-att-30685\"><img loading=\"lazy\" decoding=\"async\" class=\"aligncenter size-full wp-image-30685\" alt=\"volantino Biosfera\" src=\"https:\/\/fiaf.net\/regioni\/toscana\/wp-content\/uploads\/2016\/04\/volantino-Biosfera-.jpg\" width=\"700\" height=\"507\" srcset=\"https:\/\/fiaf.net\/toscana\/wp-content\/uploads\/sites\/10\/2016\/04\/volantino-Biosfera-.jpg 700w, https:\/\/fiaf.net\/toscana\/wp-content\/uploads\/sites\/10\/2016\/04\/volantino-Biosfera--300x217.jpg 300w\" sizes=\"auto, (max-width: 700px) 100vw, 700px\" \/><\/a><\/p>\n<h3 style=\"text-align: center\"><\/h3>\n<h3 style=\"text-align: center\"><span style=\"color: #000000\">Fotografia naturalistica e spedizioni<\/span><br \/>\n<span style=\"color: #000000\">guidate da biologi nei pi\u00f9 remoti<\/span><br \/>\n<strong><span style=\"color: #ff0000\">Santuari della Biodiversit\u00e0<\/span><\/strong><\/h3>\n<h5 style=\"text-align: center\"><strong>Marted\u00ec 19 Aprile 2016 alle ore 21<\/strong><\/h5>\n<h6 style=\"text-align: center\"><strong><span style=\"color: #ff0000\">Club Fotografico Apuano BFI<\/span> <\/strong><br \/>\n<span style=\"color: #000000\">Viale Galileo Galilei, 131<\/span><br \/>\n<span style=\"color: #000000\">Marina di Carrara<\/span><\/h6>\n\n    <div class=\"xs_social_share_widget xs_share_url after_content \t\tmain_content  wslu-style-1 wslu-share-box-shaped wslu-fill-colored wslu-none wslu-share-horizontal wslu-theme-font-no wslu-main_content\">\n\n\t\t\n        <ul>\n\t\t\t        <\/ul>\n    <\/div> \n","protected":false},"excerpt":{"rendered":"<p>Fotografia naturalistica e spedizioni guidate da biologi nei pi\u00f9 remoti Santuari della Biodiversit\u00e0 Marted\u00ec 19 Aprile 2016 alle ore 21 &hellip;<\/p>\n","protected":false},"author":64,"featured_media":30686,"comment_status":"closed","ping_status":"closed","sticky":false,"template":"","format":"standard","meta":{"_acf_changed":false,"footnotes":""},"categories":[2],"tags":[],"class_list":["post-30684","post","type-post","status-publish","format-standard","has-post-thumbnail","hentry","category-attivita_circoli"],"acf":[],"_links":{"self":[{"href":"https:\/\/fiaf.net\/toscana\/wp-json\/wp\/v2\/posts\/30684","targetHints":{"allow":["GET"]}}],"collection":[{"href":"https:\/\/fiaf.net\/toscana\/wp-json\/wp\/v2\/posts"}],"about":[{"href":"https:\/\/fiaf.net\/toscana\/wp-json\/wp\/v2\/types\/post"}],"author":[{"embeddable":true,"href":"https:\/\/fiaf.net\/toscana\/wp-json\/wp\/v2\/users\/64"}],"replies":[{"embeddable":true,"href":"https:\/\/fiaf.net\/toscana\/wp-json\/wp\/v2\/comments?post=30684"}],"version-history":[{"count":0,"href":"https:\/\/fiaf.net\/toscana\/wp-json\/wp\/v2\/posts\/30684\/revisions"}],"wp:featuredmedia":[{"embeddable":true,"href":"https:\/\/fiaf.net\/toscana\/wp-json\/wp\/v2\/media\/30686"}],"wp:attachment":[{"href":"https:\/\/fiaf.net\/toscana\/wp-json\/wp\/v2\/media?parent=30684"}],"wp:term":[{"taxonomy":"category","embeddable":true,"href":"https:\/\/fiaf.net\/toscana\/wp-json\/wp\/v2\/categories?post=30684"},{"taxonomy":"post_tag","embeddable":true,"href":"https:\/\/fiaf.net\/toscana\/wp-json\/wp\/v2\/tags?post=30684"}],"curies":[{"name":"wp","href":"https:\/\/api.w.org\/{rel}","templated":true}]}}