{"id":30911,"date":"2016-05-01T21:10:46","date_gmt":"2016-05-01T19:10:46","guid":{"rendered":"https:\/\/fiaf.net\/regioni\/toscana\/?p=30911"},"modified":"2016-05-01T21:10:46","modified_gmt":"2016-05-01T19:10:46","slug":"il-fascino-del-fashion-street-workshop-firenze","status":"publish","type":"post","link":"https:\/\/fiaf.net\/toscana\/2016\/05\/01\/il-fascino-del-fashion-street-workshop-firenze\/","title":{"rendered":"&#8220;Il Fascino del Fashion Street&#8221; &#8211; workshop &gt; Firenze"},"content":{"rendered":"<p><a href=\"https:\/\/fiaf.net\/regioni\/toscana\/2016\/04\/12\/il-fascino-del-fashion-street-workshop-firenze\/ipt_fashion_street_20160507\/\" rel=\"attachment wp-att-30912\"><img loading=\"lazy\" decoding=\"async\" class=\"aligncenter size-full wp-image-30912\" alt=\"IPT_Fashion_Street_20160507\" src=\"https:\/\/fiaf.net\/regioni\/toscana\/wp-content\/uploads\/2016\/04\/IPT_Fashion_Street_20160507.jpg\" width=\"700\" height=\"990\" srcset=\"https:\/\/fiaf.net\/toscana\/wp-content\/uploads\/sites\/10\/2016\/04\/IPT_Fashion_Street_20160507.jpg 700w, https:\/\/fiaf.net\/toscana\/wp-content\/uploads\/sites\/10\/2016\/04\/IPT_Fashion_Street_20160507-212x300.jpg 212w\" sizes=\"auto, (max-width: 700px) 100vw, 700px\" \/><\/a><\/p>\n<p>&nbsp;<\/p>\n<h5><span style=\"text-decoration: underline\"><strong>SABATO 7 MAGGIO 2016<\/strong><\/span><\/h5>\n<p><span style=\"color: #000000\">L\u2019associazione culturale Il PRIMO TERZO, organizza il secondo workshop \u201c<strong>Il fascino del Fashion Street<\/strong>\u201d per le\u00a0<strong>vie del centro di Firenze<\/strong>.<\/span><\/p>\n<p><span style=\"color: #000000\">Paolo Fani guider\u00e0 i corsisti attraverso i percorsi pi\u00f9 nascosti della citt\u00e0 di Dante, alla ricerca degli angoli pi\u00f9 suggestivi e caratteristici.<\/span><\/p>\n<p><span style=\"color: #000000\">Contestualizzazione dello scatto e tecniche di ripresa, con particolare attenzione alla gestione del controluce e all\u2019utilizzo del flash come luce di schiarita, sia sulla macchina che staccato, saranno gli argomenti principali durante la giornata di sabato 7 maggio.<\/span><br \/>\n<span style=\"color: #000000\">Revisione delle foto e sviluppo veloce con Lightroom, gli argomenti che saranno affrontati nella nostra sede il venerd\u00ec successivo.<\/span><\/p>\n<p><span style=\"color: #000000\">Per la prima volta, in un nostro workshop parteciper\u00e0 la splendida\u00a0<strong>Alena Alexandrovna Mayuk<\/strong>, modella professionista.<\/span><\/p>\n\n    <div class=\"xs_social_share_widget xs_share_url after_content \t\tmain_content  wslu-style-1 wslu-share-box-shaped wslu-fill-colored wslu-none wslu-share-horizontal wslu-theme-font-no wslu-main_content\">\n\n\t\t\n        <ul>\n\t\t\t        <\/ul>\n    <\/div> \n","protected":false},"excerpt":{"rendered":"<p>&nbsp; SABATO 7 MAGGIO 2016 L\u2019associazione culturale Il PRIMO TERZO, organizza il secondo workshop \u201cIl fascino del Fashion Street\u201d per &hellip;<\/p>\n","protected":false},"author":64,"featured_media":30913,"comment_status":"closed","ping_status":"closed","sticky":false,"template":"","format":"standard","meta":{"_acf_changed":false,"footnotes":""},"categories":[5],"tags":[],"class_list":["post-30911","post","type-post","status-publish","format-standard","has-post-thumbnail","hentry","category-generale"],"acf":[],"_links":{"self":[{"href":"https:\/\/fiaf.net\/toscana\/wp-json\/wp\/v2\/posts\/30911","targetHints":{"allow":["GET"]}}],"collection":[{"href":"https:\/\/fiaf.net\/toscana\/wp-json\/wp\/v2\/posts"}],"about":[{"href":"https:\/\/fiaf.net\/toscana\/wp-json\/wp\/v2\/types\/post"}],"author":[{"embeddable":true,"href":"https:\/\/fiaf.net\/toscana\/wp-json\/wp\/v2\/users\/64"}],"replies":[{"embeddable":true,"href":"https:\/\/fiaf.net\/toscana\/wp-json\/wp\/v2\/comments?post=30911"}],"version-history":[{"count":0,"href":"https:\/\/fiaf.net\/toscana\/wp-json\/wp\/v2\/posts\/30911\/revisions"}],"wp:featuredmedia":[{"embeddable":true,"href":"https:\/\/fiaf.net\/toscana\/wp-json\/wp\/v2\/media\/30913"}],"wp:attachment":[{"href":"https:\/\/fiaf.net\/toscana\/wp-json\/wp\/v2\/media?parent=30911"}],"wp:term":[{"taxonomy":"category","embeddable":true,"href":"https:\/\/fiaf.net\/toscana\/wp-json\/wp\/v2\/categories?post=30911"},{"taxonomy":"post_tag","embeddable":true,"href":"https:\/\/fiaf.net\/toscana\/wp-json\/wp\/v2\/tags?post=30911"}],"curies":[{"name":"wp","href":"https:\/\/api.w.org\/{rel}","templated":true}]}}