{"id":31313,"date":"2016-05-09T22:45:19","date_gmt":"2016-05-09T20:45:19","guid":{"rendered":"https:\/\/fiaf.net\/regioni\/toscana\/?p=31313"},"modified":"2016-05-09T22:45:19","modified_gmt":"2016-05-09T20:45:19","slug":"guarda-li-mostra-fotografica-livorno","status":"publish","type":"post","link":"https:\/\/fiaf.net\/toscana\/2016\/05\/09\/guarda-li-mostra-fotografica-livorno\/","title":{"rendered":"Guarda LI &#8211; mostra fotografica &gt; Livorno"},"content":{"rendered":"<p><a href=\"https:\/\/fiaf.net\/regioni\/toscana\/2016\/05\/01\/guarda-li-mostra-fotografica-livorno\/guarda-li-2\/\" rel=\"attachment wp-att-31314\"><img loading=\"lazy\" decoding=\"async\" class=\"aligncenter size-full wp-image-31314\" alt=\"guarda LI\" src=\"https:\/\/fiaf.net\/regioni\/toscana\/wp-content\/uploads\/2016\/05\/guarda-LI.jpg\" width=\"672\" height=\"960\" srcset=\"https:\/\/fiaf.net\/toscana\/wp-content\/uploads\/sites\/10\/2016\/05\/guarda-LI.jpg 672w, https:\/\/fiaf.net\/toscana\/wp-content\/uploads\/sites\/10\/2016\/05\/guarda-LI-210x300.jpg 210w\" sizes=\"auto, (max-width: 672px) 100vw, 672px\" \/><\/a><\/p>\n<p align=\"center\">\n<p><strong><span style=\"text-decoration: underline\">Venerd\u00ec 13 maggio, alle 11.30, a Palazzo Orlando (via G.D&#8217;Alesio 2)<\/span><\/strong><strong> sar\u00e0 inaugurata la mostra fotografica <span style=\"text-decoration: underline\">\u201cGuardaLI\u201d<\/span>, ideata dalla Commissione Ambiente\/Tutela paesaggio urbano dell&#8217;Origine degli Ingegneri della Provincia di Livorno, con la compartecipazione del Comune di Livorno.<\/strong><b><br \/>\n<strong>L\u2019iniziativa si svolge nell&#8217;ambito dell\u2019edizione 2016 del progetto \u201cDi Terra e di Mare. Livorno in Fotografia\u201d che &#8211; unico nel panorama italiano &#8211; abbraccia un periodo di circa otto mesi dedicati a mostre, workshop, lettura portfolio, incontri con l\u2019autore.<\/strong><br \/>\n<strong>Questa mostra fotografica scaturisce dal concorso fotografico omonimo.<\/strong><br \/>\n<strong>Lo scopo \u00e8 quello di raccogliere documentazione relativa ad immagini di luoghi e prospettive della citt\u00e0 di Livorno nel contesto attuale, di cogliere la percezione degli aspetti problematici dello spazio urbano dal punto di vista cittadino e porre in luce i fattori di criticit\u00e0 che influiscono sulla qualit\u00e0 della vita. Il contest fotografico \u00e8 il primo passo di uno studio sulle criticit\u00e0 urbanistiche e sul recupero del tessuto urbano con i suoi spazi e i suoi luoghi in un\u2019ottica di risoluzione delle loro criticit\u00e0: illustrare Livorno com\u2019\u00e8 oggi per capire come la vorremmo.<\/strong><br \/>\n<strong>Le immagini selezionate dalla giuria, composta dalla commissione organizzatrice con Filippo Romano e Mario Mencacci (fotografi professionisti esperti nella rappresentazione dello spazio urbano) sono oggetto di questa mostra fotografica.<\/strong><br \/>\n<strong>Le dieci fotografie ritenute pi\u00f9 significative saranno premiate ad un workshop che si svolger\u00e0 a Livorno in due giornate a fine aprile. Inoltre il materiale selezionato sar\u00e0 utilizzato come documentazione di base per un convegno che si svolger\u00e0 venerd\u00ec 13 maggio e che affronter\u00e0, con ottica multidisciplinare, il tema della \u201cRigenerazione urbana\u201d<\/strong><\/b>.<\/p>\n\n    <div class=\"xs_social_share_widget xs_share_url after_content \t\tmain_content  wslu-style-1 wslu-share-box-shaped wslu-fill-colored wslu-none wslu-share-horizontal wslu-theme-font-no wslu-main_content\">\n\n\t\t\n        <ul>\n\t\t\t        <\/ul>\n    <\/div> \n","protected":false},"excerpt":{"rendered":"<p>Venerd\u00ec 13 maggio, alle 11.30, a Palazzo Orlando (via G.D&#8217;Alesio 2) sar\u00e0 inaugurata la mostra fotografica \u201cGuardaLI\u201d, ideata dalla Commissione &hellip;<\/p>\n","protected":false},"author":64,"featured_media":31315,"comment_status":"closed","ping_status":"closed","sticky":false,"template":"","format":"standard","meta":{"_acf_changed":false,"footnotes":""},"categories":[7],"tags":[],"class_list":["post-31313","post","type-post","status-publish","format-standard","has-post-thumbnail","hentry","category-mostre"],"acf":[],"_links":{"self":[{"href":"https:\/\/fiaf.net\/toscana\/wp-json\/wp\/v2\/posts\/31313","targetHints":{"allow":["GET"]}}],"collection":[{"href":"https:\/\/fiaf.net\/toscana\/wp-json\/wp\/v2\/posts"}],"about":[{"href":"https:\/\/fiaf.net\/toscana\/wp-json\/wp\/v2\/types\/post"}],"author":[{"embeddable":true,"href":"https:\/\/fiaf.net\/toscana\/wp-json\/wp\/v2\/users\/64"}],"replies":[{"embeddable":true,"href":"https:\/\/fiaf.net\/toscana\/wp-json\/wp\/v2\/comments?post=31313"}],"version-history":[{"count":0,"href":"https:\/\/fiaf.net\/toscana\/wp-json\/wp\/v2\/posts\/31313\/revisions"}],"wp:featuredmedia":[{"embeddable":true,"href":"https:\/\/fiaf.net\/toscana\/wp-json\/wp\/v2\/media\/31315"}],"wp:attachment":[{"href":"https:\/\/fiaf.net\/toscana\/wp-json\/wp\/v2\/media?parent=31313"}],"wp:term":[{"taxonomy":"category","embeddable":true,"href":"https:\/\/fiaf.net\/toscana\/wp-json\/wp\/v2\/categories?post=31313"},{"taxonomy":"post_tag","embeddable":true,"href":"https:\/\/fiaf.net\/toscana\/wp-json\/wp\/v2\/tags?post=31313"}],"curies":[{"name":"wp","href":"https:\/\/api.w.org\/{rel}","templated":true}]}}