{"id":34718,"date":"2016-11-20T23:30:23","date_gmt":"2016-11-20T22:30:23","guid":{"rendered":"https:\/\/fiaf.net\/regioni\/toscana\/?p=34718"},"modified":"2016-11-20T23:30:23","modified_gmt":"2016-11-20T22:30:23","slug":"fotografia-dautore-stefano-mirabella-cecina","status":"publish","type":"post","link":"https:\/\/fiaf.net\/toscana\/2016\/11\/20\/fotografia-dautore-stefano-mirabella-cecina\/","title":{"rendered":"Fotografia d&#8217;Autore: Stefano Mirabella &gt; Cecina"},"content":{"rendered":"<p><a href=\"https:\/\/fiaf.net\/regioni\/toscana\/2016\/11\/04\/fotografia-dautore-stefano-mirabella-cecina\/stampa-25\/\" rel=\"attachment wp-att-34719\"><img loading=\"lazy\" decoding=\"async\" class=\"aligncenter size-full wp-image-34719\" alt=\"Stampa\" src=\"https:\/\/fiaf.net\/regioni\/toscana\/wp-content\/uploads\/2016\/11\/Stefano-Mirabella-serata-FBN.jpg\" width=\"600\" height=\"857\" srcset=\"https:\/\/fiaf.net\/toscana\/wp-content\/uploads\/sites\/10\/2016\/11\/Stefano-Mirabella-serata-FBN.jpg 600w, https:\/\/fiaf.net\/toscana\/wp-content\/uploads\/sites\/10\/2016\/11\/Stefano-Mirabella-serata-FBN-210x300.jpg 210w\" sizes=\"auto, (max-width: 600px) 100vw, 600px\" \/><\/a><\/p>\n<p>&nbsp;<\/p>\n<p><span style=\"color: #000000\"><strong>Fotografia d&#8217;Autore con STEFANO MIRABELLA<\/strong><\/span><\/p>\n<p><span style=\"color: #000000\"><strong>&#8220;Questione di Attimi&#8221; &#8211; <\/strong><em><b>una riflessione sulla Street Photography<\/b><\/em><b><br \/>\n<\/b><strong>CECINA &#8211; venerd\u00ec 25 novembre &#8211; ore 21,15<\/strong><\/span><\/p>\n<p><span style=\"color: #000000\"><em>\u201cLa fotografia per me \u00e8 la sintesi tra la rappresentazione della realt\u00e0 e la capacit\u00e0 di trascenderla\u201d.<\/em><\/span><br \/>\n<span style=\"color: #000000\"> <strong>Stefano Mirabella<\/strong> \u00e8 nato a Roma nel 1973. E\u2019 membro del 2013 del collettivo Italiano dedicato alla fotografia di strada chiamato Spontanea. Dal 2015 \u00e8 Leica Ambassador e docente della Leica Akademie.<\/span><br \/>\n<a title=\"http:\/\/stefanomirabella.com\/&lt;br \/&gt;\nCtrl + clic per seguire il collegamento\" href=\"http:\/\/stefanomirabella.com\/\" target=\"_blank\" rel=\"noopener\">http:\/\/stefanomirabella.com\/<\/a><\/p>\n<p style=\"text-align: center\"><a href=\"https:\/\/fiaf.net\/regioni\/toscana\/2016\/11\/12\/fotografia-dautore-stefano-mirabella-cecina\/stampa-27\/\" rel=\"attachment wp-att-34924\"><img loading=\"lazy\" decoding=\"async\" class=\"aligncenter size-full wp-image-34924\" alt=\"Stampa\" src=\"https:\/\/fiaf.net\/regioni\/toscana\/wp-content\/uploads\/2016\/11\/Stefano-Mirabella-serata-FBN-copia1.jpg\" width=\"240\" height=\"250\" \/><\/a><\/p>\n\n    <div class=\"xs_social_share_widget xs_share_url after_content \t\tmain_content  wslu-style-1 wslu-share-box-shaped wslu-fill-colored wslu-none wslu-share-horizontal wslu-theme-font-no wslu-main_content\">\n\n\t\t\n        <ul>\n\t\t\t        <\/ul>\n    <\/div> \n","protected":false},"excerpt":{"rendered":"<p>&nbsp; Fotografia d&#8217;Autore con STEFANO MIRABELLA &#8220;Questione di Attimi&#8221; &#8211; una riflessione sulla Street Photography CECINA &#8211; venerd\u00ec 25 novembre &hellip;<\/p>\n","protected":false},"author":64,"featured_media":34720,"comment_status":"closed","ping_status":"closed","sticky":false,"template":"","format":"standard","meta":{"_acf_changed":false,"footnotes":""},"categories":[2],"tags":[],"class_list":["post-34718","post","type-post","status-publish","format-standard","has-post-thumbnail","hentry","category-attivita_circoli"],"acf":[],"_links":{"self":[{"href":"https:\/\/fiaf.net\/toscana\/wp-json\/wp\/v2\/posts\/34718","targetHints":{"allow":["GET"]}}],"collection":[{"href":"https:\/\/fiaf.net\/toscana\/wp-json\/wp\/v2\/posts"}],"about":[{"href":"https:\/\/fiaf.net\/toscana\/wp-json\/wp\/v2\/types\/post"}],"author":[{"embeddable":true,"href":"https:\/\/fiaf.net\/toscana\/wp-json\/wp\/v2\/users\/64"}],"replies":[{"embeddable":true,"href":"https:\/\/fiaf.net\/toscana\/wp-json\/wp\/v2\/comments?post=34718"}],"version-history":[{"count":0,"href":"https:\/\/fiaf.net\/toscana\/wp-json\/wp\/v2\/posts\/34718\/revisions"}],"wp:featuredmedia":[{"embeddable":true,"href":"https:\/\/fiaf.net\/toscana\/wp-json\/wp\/v2\/media\/34720"}],"wp:attachment":[{"href":"https:\/\/fiaf.net\/toscana\/wp-json\/wp\/v2\/media?parent=34718"}],"wp:term":[{"taxonomy":"category","embeddable":true,"href":"https:\/\/fiaf.net\/toscana\/wp-json\/wp\/v2\/categories?post=34718"},{"taxonomy":"post_tag","embeddable":true,"href":"https:\/\/fiaf.net\/toscana\/wp-json\/wp\/v2\/tags?post=34718"}],"curies":[{"name":"wp","href":"https:\/\/api.w.org\/{rel}","templated":true}]}}