{"id":3774,"date":"2012-06-09T21:25:06","date_gmt":"2012-06-09T19:25:06","guid":{"rendered":"https:\/\/fiaf.net\/regioni\/toscana\/?p=3774"},"modified":"2012-06-09T21:25:06","modified_gmt":"2012-06-09T19:25:06","slug":"riomagno-foto-festival-2012","status":"publish","type":"post","link":"https:\/\/fiaf.net\/toscana\/2012\/06\/09\/riomagno-foto-festival-2012\/","title":{"rendered":"Riomagno Foto Festival 2012"},"content":{"rendered":"<p><a href=\"https:\/\/fiaf.net\/regioni\/toscana\/2012\/06\/09\/riomagno-foto-festival-2012\/copia-di-riomaqgno-foto-festival-2\/\" rel=\"attachment wp-att-3776\"><img loading=\"lazy\" decoding=\"async\" class=\"aligncenter size-full wp-image-3776\" title=\"Copia di Riomaqgno Foto Festival\" src=\"https:\/\/fiaf.net\/regioni\/toscana\/wp-content\/uploads\/2012\/06\/Copia-di-Riomaqgno-Foto-Festival.jpg\" alt=\"\" width=\"585\" height=\"800\" srcset=\"https:\/\/fiaf.net\/toscana\/wp-content\/uploads\/sites\/10\/2012\/06\/Copia-di-Riomaqgno-Foto-Festival.jpg 585w, https:\/\/fiaf.net\/toscana\/wp-content\/uploads\/sites\/10\/2012\/06\/Copia-di-Riomaqgno-Foto-Festival-219x300.jpg 219w\" sizes=\"auto, (max-width: 585px) 100vw, 585px\" \/><\/a><\/p>\n<p>Sabato 23 e domenica 24 giugno 2012 si terr\u00e0 la seconda edizione del \u201cRiomagno Foto Festival\u201d, una &#8220;due giorni fotografica&#8221; sull&#8217;esempio di Arles, in Francia, dove fotografi di ogni livello e genere, accomunati dalla stessa passione, si confronteranno esponendo le proprie opere, scambiandosi esperienze, promuovendo performance estemporanee che, in un clima di serena convivialit\u00e0, favoriranno l&#8217;arricchimento culturale di tutti i partecipanti alla kermesse.<br \/>\nQuesto secondo Riomagno Foto Festival prevede le esposizioni anche di importanti nomi della fotografia italiana (Pepi Merisio, Gabriele Rigon, Sandro Santioli) nonch\u00e9 la partecipazione di Frank Horvat, innalzando, cos\u00ec, il livello qualitativo del festival stesso che, comunque, manterr\u00e0 intatta la sua veste di \u201cfesta popolare\u201d.<br \/>\nUn paese intero tappezzato da oltre 4000 fotografie, animato nei vicoli da band musicali, ballerini, artisti di ogni genere che, anche nella passata edizione hanno caratterizzato la festosa due giorni versiliese. La sera, all\u2019apertura degli stand gastronomici, sar\u00e0 possibile degustare in una Riomagno apparecchiata a festa, i famosi \u201cTordelli\u201d.<br \/>\nLa nuova edizione, per\u00f2, nasce sotto i migliori auspici anche in virt\u00f9 di una accresciuta e consapevole base di partecipazione della comunit\u00e0 locale che si \u00e8 resa disponibile a mettere in atto tutto quanto possibile affinch\u00e9 l\u2019afflusso e la presenza dei visitatori (che si stimano in numero considerevolmente superiore rispetto agli oltre 3000 dello scorso anno) avvengano nel segno della migliore accoglienza e disponibilit\u00e0 possibili; il consenso, i numeri e l\u2019ampio eco anche a livello mediatico nazionale, riscontrati nell\u2019edizione passata, fanno ragionevolmente supporre che la manifestazione sia destinata a diventare un appuntamento fisso nel calendario degli eventi cultural-popolari delle estati versiliesi ed \u00e8 a questo obiettivo che gli organizzatori stanno pensando con sempre maggiore convinzione.<br \/>\nAspettiamo la vostra presenza e partecipazione per rinnovare il rito di una festa che rester\u00e0 piacevolmente, a lungo, negli occhi e nel cuore.<br \/>\nE\u2019 possibile visionare le immagini della prima edizione 2011, cliccando sul seguente link di YouTube:<\/p>\n<p>http:\/\/www.youtube.com\/watch?v=PGo-hXjs490<\/p>\n\n    <div class=\"xs_social_share_widget xs_share_url after_content \t\tmain_content  wslu-style-1 wslu-share-box-shaped wslu-fill-colored wslu-none wslu-share-horizontal wslu-theme-font-no wslu-main_content\">\n\n\t\t\n        <ul>\n\t\t\t        <\/ul>\n    <\/div> \n","protected":false},"excerpt":{"rendered":"<p>Sabato 23 e domenica 24 giugno 2012 si terr\u00e0 la seconda edizione del \u201cRiomagno Foto Festival\u201d, una &#8220;due giorni fotografica&#8221; &hellip;<\/p>\n","protected":false},"author":64,"featured_media":3775,"comment_status":"closed","ping_status":"open","sticky":false,"template":"","format":"standard","meta":{"_acf_changed":false,"footnotes":""},"categories":[6],"tags":[],"class_list":["post-3774","post","type-post","status-publish","format-standard","has-post-thumbnail","hentry","category-manifestazioni"],"acf":[],"_links":{"self":[{"href":"https:\/\/fiaf.net\/toscana\/wp-json\/wp\/v2\/posts\/3774","targetHints":{"allow":["GET"]}}],"collection":[{"href":"https:\/\/fiaf.net\/toscana\/wp-json\/wp\/v2\/posts"}],"about":[{"href":"https:\/\/fiaf.net\/toscana\/wp-json\/wp\/v2\/types\/post"}],"author":[{"embeddable":true,"href":"https:\/\/fiaf.net\/toscana\/wp-json\/wp\/v2\/users\/64"}],"replies":[{"embeddable":true,"href":"https:\/\/fiaf.net\/toscana\/wp-json\/wp\/v2\/comments?post=3774"}],"version-history":[{"count":0,"href":"https:\/\/fiaf.net\/toscana\/wp-json\/wp\/v2\/posts\/3774\/revisions"}],"wp:featuredmedia":[{"embeddable":true,"href":"https:\/\/fiaf.net\/toscana\/wp-json\/wp\/v2\/media\/3775"}],"wp:attachment":[{"href":"https:\/\/fiaf.net\/toscana\/wp-json\/wp\/v2\/media?parent=3774"}],"wp:term":[{"taxonomy":"category","embeddable":true,"href":"https:\/\/fiaf.net\/toscana\/wp-json\/wp\/v2\/categories?post=3774"},{"taxonomy":"post_tag","embeddable":true,"href":"https:\/\/fiaf.net\/toscana\/wp-json\/wp\/v2\/tags?post=3774"}],"curies":[{"name":"wp","href":"https:\/\/api.w.org\/{rel}","templated":true}]}}