{"id":39134,"date":"2017-08-10T23:40:19","date_gmt":"2017-08-10T21:40:19","guid":{"rendered":"https:\/\/fiaf.net\/regioni\/toscana\/?p=39134"},"modified":"2017-08-10T23:40:19","modified_gmt":"2017-08-10T21:40:19","slug":"con-le-mani-con-il-cuore-cortona","status":"publish","type":"post","link":"https:\/\/fiaf.net\/toscana\/2017\/08\/10\/con-le-mani-con-il-cuore-cortona\/","title":{"rendered":"&#8220;Con le mani, con il cuore&#8221; &gt; Cortona"},"content":{"rendered":"<p><a href=\"https:\/\/fiaf.net\/regioni\/toscana\/2017\/07\/15\/con-le-mani-con-il-cuore-cortona\/cortona-6\/\" rel=\"attachment wp-att-39135\"><img loading=\"lazy\" decoding=\"async\" class=\"aligncenter size-full wp-image-39135\" alt=\"cortona\" src=\"https:\/\/fiaf.net\/regioni\/toscana\/wp-content\/uploads\/2017\/07\/cortona.jpg\" width=\"600\" height=\"849\" srcset=\"https:\/\/fiaf.net\/toscana\/wp-content\/uploads\/sites\/10\/2017\/07\/cortona.jpg 600w, https:\/\/fiaf.net\/toscana\/wp-content\/uploads\/sites\/10\/2017\/07\/cortona-212x300.jpg 212w\" sizes=\"auto, (max-width: 600px) 100vw, 600px\" \/><\/a><\/p>\n<p style=\"text-align: center\"><span style=\"color: #000000\">Riconoscimento FIAF M95\/2017<\/span><\/p>\n<p><span style=\"color: #000000\"><strong>CON LE MANI, CON IL CUORE.<\/strong><\/span><br \/>\n<span style=\"color: #000000\"> &#8220;Viaggio nel volontariato del territorio&#8221;<\/span><\/p>\n<p><span style=\"color: #000000\">Il 10 agosto alle ore 18 nel chiostro del Centro Convegni Sant&#8217;Agostino in Cortona,si inaugura la nuova mostra dell&#8217;Associazione Culturale &#8220;CORTONA PHOTO ACADEMY&#8221;<\/span><\/p>\n<p><span style=\"color: #000000\">Con le mani, con il cuore. Viaggio nel volontariato del territorio<\/span><br \/>\n<span style=\"color: #000000\"> Mostra fotografica a cura del Cortona Photo Academy<\/span><br \/>\n<span style=\"color: #000000\"> 10-27 agosto Chiostro Sant\u2019Agostino<\/span><\/p>\n<p><span style=\"color: #000000\">Ci domandiamo da sempre, ci arrovelliamo dentro e fuori di noi su come essere felici: un\u2019ossessione che ci fa sbagliare fino a giocarci tutto. Confondiamo la felicit\u00e0 con la follia, con l\u2019egoismo, con la paura.<\/span><br \/>\n<span style=\"color: #000000\"> Lo si capisce dagli occhi, dalle mani, dal sorriso quando la felicit\u00e0 \u00e8 vera e quando \u00e8 finta: le fotografie te lo raccontano per anni e anni, non sbagliano mai.<\/span><br \/>\n<span style=\"color: #000000\"> Questa mostra la racconta: la forza e la semplicit\u00e0 con cui questa emozione sa avvolgere e ne svela il segreto profondissimo, cos\u00ec davanti agli occhi da non lo vedere\u2026 Dare.\u00a0<\/span><br \/>\n<span style=\"color: #000000\"> Dare senza ragione, dare senza pensare, dare se stessi, il tempo, le mani, le parole, dare ad altri uomini, mettere la nostra solitudine al servizio di un\u2019altra solitudine.<\/span><br \/>\n<span style=\"color: #000000\"> Dare perch\u00e9 \u00e8 una necessit\u00e0, dare per non sentire il freddo che fa, dare per vedere a colori, dare senza clamore. Sar\u00e0 il tempo a capire quanto sia importante l\u2019amore nella vita.<\/span><br \/>\n<span style=\"color: #000000\"> Un viaggio tra questa determinazione e questa dolcezza \u00e8 un viaggio che mette i brividi, di una bellezza cristallina, una storia di eroismo, quello che non va sui giornali, quello che non va sui film, quello che non ha bisogno di like o di fans: quello che cambia il mondo, anche se solo per un sorriso che prima non c\u2019era.<\/span><br \/>\n<span style=\"color: #000000\"> Qui sta il merito di questi fotografi. Il Cortona Photo Academy si guarda intorno e non solo sfrutta la luce giusta o sceglie l\u2019apertura focale adatta, insegue lo scatto che va oltre\u2026 Dove l\u2019idea e il pensiero non si arrestano.<\/span><br \/>\n<span style=\"color: #000000\"> Hanno trovato queste donne e questi uomini, cercando la fotografia che raccontasse un sogno in terra. Il progetto ha interessato un\u2019intera comunit\u00e0, che sa farsi carico di chi va pi\u00f9 lentamente, di chi sopravvive tutti i giorni a un dolore, di chi guarda il mondo con gli occhi di un bambino.\u00a0<\/span><br \/>\n<span style=\"color: #000000\"> I fotografi fermeranno in un clik tempo, amore e felicit\u00e0, insieme, per sempre.<\/span><\/p>\n<p><span style=\"color: #000000\">Albano Ricci<\/span><\/p>\n<p><span style=\"color: #000000\">(Assessore alla cultura Comune di Cortona)<\/span><\/p>\n<p style=\"text-align: center\"><a href=\"https:\/\/fiaf.net\/regioni\/toscana\/2017\/08\/04\/con-le-mani-con-il-cuore-cortona\/cortona-7\/\" rel=\"attachment wp-att-39210\"><img loading=\"lazy\" decoding=\"async\" class=\"aligncenter size-full wp-image-39210\" alt=\"cortona\" src=\"https:\/\/fiaf.net\/regioni\/toscana\/wp-content\/uploads\/2017\/08\/cortona.jpg\" width=\"250\" height=\"240\" \/><\/a><\/p>\n\n    <div class=\"xs_social_share_widget xs_share_url after_content \t\tmain_content  wslu-style-1 wslu-share-box-shaped wslu-fill-colored wslu-none wslu-share-horizontal wslu-theme-font-no wslu-main_content\">\n\n\t\t\n        <ul>\n\t\t\t        <\/ul>\n    <\/div> \n","protected":false},"excerpt":{"rendered":"<p>Riconoscimento FIAF M95\/2017 CON LE MANI, CON IL CUORE. &#8220;Viaggio nel volontariato del territorio&#8221; Il 10 agosto alle ore 18 &hellip;<\/p>\n","protected":false},"author":64,"featured_media":39136,"comment_status":"closed","ping_status":"closed","sticky":false,"template":"","format":"standard","meta":{"_acf_changed":false,"footnotes":""},"categories":[7],"tags":[],"class_list":["post-39134","post","type-post","status-publish","format-standard","has-post-thumbnail","hentry","category-mostre"],"acf":[],"_links":{"self":[{"href":"https:\/\/fiaf.net\/toscana\/wp-json\/wp\/v2\/posts\/39134","targetHints":{"allow":["GET"]}}],"collection":[{"href":"https:\/\/fiaf.net\/toscana\/wp-json\/wp\/v2\/posts"}],"about":[{"href":"https:\/\/fiaf.net\/toscana\/wp-json\/wp\/v2\/types\/post"}],"author":[{"embeddable":true,"href":"https:\/\/fiaf.net\/toscana\/wp-json\/wp\/v2\/users\/64"}],"replies":[{"embeddable":true,"href":"https:\/\/fiaf.net\/toscana\/wp-json\/wp\/v2\/comments?post=39134"}],"version-history":[{"count":0,"href":"https:\/\/fiaf.net\/toscana\/wp-json\/wp\/v2\/posts\/39134\/revisions"}],"wp:featuredmedia":[{"embeddable":true,"href":"https:\/\/fiaf.net\/toscana\/wp-json\/wp\/v2\/media\/39136"}],"wp:attachment":[{"href":"https:\/\/fiaf.net\/toscana\/wp-json\/wp\/v2\/media?parent=39134"}],"wp:term":[{"taxonomy":"category","embeddable":true,"href":"https:\/\/fiaf.net\/toscana\/wp-json\/wp\/v2\/categories?post=39134"},{"taxonomy":"post_tag","embeddable":true,"href":"https:\/\/fiaf.net\/toscana\/wp-json\/wp\/v2\/tags?post=39134"}],"curies":[{"name":"wp","href":"https:\/\/api.w.org\/{rel}","templated":true}]}}