{"id":4508,"date":"2012-07-21T23:50:24","date_gmt":"2012-07-21T21:50:24","guid":{"rendered":"https:\/\/fiaf.net\/regioni\/toscana\/?p=4508"},"modified":"2012-07-21T23:50:24","modified_gmt":"2012-07-21T21:50:24","slug":"foto-di-riomagno-foto-festival","status":"publish","type":"post","link":"https:\/\/fiaf.net\/toscana\/2012\/07\/21\/foto-di-riomagno-foto-festival\/","title":{"rendered":"Foto di Riomagno Foto Festival"},"content":{"rendered":"<p><a href=\"https:\/\/fiaf.net\/regioni\/toscana\/2012\/07\/21\/foto-di-riomagno-foto-festival\/riomagno-immagini\/\" rel=\"attachment wp-att-4510\"><img loading=\"lazy\" decoding=\"async\" class=\"aligncenter size-full wp-image-4510\" title=\"Riomagno immagini\" src=\"https:\/\/fiaf.net\/regioni\/toscana\/wp-content\/uploads\/2012\/07\/Riomagno-immagini.jpg\" alt=\"\" width=\"585\" height=\"800\" srcset=\"https:\/\/fiaf.net\/toscana\/wp-content\/uploads\/sites\/10\/2012\/07\/Riomagno-immagini.jpg 585w, https:\/\/fiaf.net\/toscana\/wp-content\/uploads\/sites\/10\/2012\/07\/Riomagno-immagini-219x300.jpg 219w\" sizes=\"auto, (max-width: 585px) 100vw, 585px\" \/><\/a><\/p>\n<p>Sabato 23 e Domenica 24 giugno si \u00e8 svolta a Riomagno, frazione del Comune di Seravezza, la seconda edizione del Riomagno Foto Festival. Manifestazione organizzata dal Circolo Fotografico L&#8217;Altissimo e dal Circolo Fotografico Micromosso, in collaborazione con il Comune di Seravezza e con il patrocinio della Federazione Italiana Associazioni Fotografiche, alla quale hanno partecipato fotografi di <em>ogni livello e genere, accomunati dalla stessa passione che, in un clima di serena convivialit\u00e0, hanno esposto<\/em> le proprie immagini, scambiato esperienze e promosso performance estemporanee, favorendo l&#8217;arricchimento culturale di tutti i partecipanti alla kermesse. Alla seconda edizione del Festival hanno partecipato esponendo le loro opere importanti nomi della fotografia italiana quali Pepi Merisio, Sandro Santioli e Gabriele Rigon, innalzando, cos\u00ec, il livello qualitativo del festival stesso che, comunque, ha mantenuto intatta la sua veste di \u201cfesta popolare\u201d.<\/p>\n<p>Il paese intero \u00e8 stato tappezzato da oltre 4000 fotografie, animato nei vicoli da band musicali, ballerini, artisti di ogni genere che, anche nella passata edizione, hanno caratterizzato la festosa due giorni versiliese. La sera, all\u2019apertura degli stand gastronomici, \u00e8 stato possibile degustare in una Riomagno apparecchiata a festa, i famosi \u201cTordelli\u201d.<\/p>\n<p><em>La nuova edizione, per\u00f2, \u00e8 nata<\/em> sotto i migliori auspici anche in virt\u00f9 di una accresciuta e consapevole base di partecipazione della comunit\u00e0 locale che si \u00e8 resa disponibile a mettere in atto tutto quanto possibile affinch\u00e9 l\u2019afflusso e la presenza dei visitatori (che sono stati stimati in numero considerevolmente superiore rispetto agli oltre 3000 dello scorso anno) sia avvenuto nel segno della migliore accoglienza e disponibilit\u00e0 possibili; il consenso, i numeri e l\u2019ampio eco anche a livello mediatico nazionale, riscontrati nell\u2019edizione appena trascorsa, fanno ragionevolmente supporre che la manifestazione sia destinata a diventare un appuntamento fisso nel calendario degli eventi cultural-popolari delle estati versiliesi ed \u00e8 a questo obiettivo che gli organizzatori stanno pensando con sempre maggiore convinzione.<\/p>\n<p>Vi aspettiamo al Riomagno Foto Festival 2013 per rinnovare il rito di una festa che rester\u00e0 piacevolmente, a lungo, negli occhi e nel cuore.<\/p>\n<p style=\"text-align: center\"><strong>ALCUNE IMMAGINI DEL RIOMAGNO FOTO FESTIVAL<\/strong><\/p>\n<p style=\"text-align: center\"><a href=\"https:\/\/fiaf.net\/regioni\/toscana\/2012\/07\/21\/foto-di-riomagno-foto-festival\/antonio_perrone_1_600x400\/\" rel=\"attachment wp-att-4511\"><img loading=\"lazy\" decoding=\"async\" class=\"aligncenter size-full wp-image-4511\" title=\"Antonio_Perrone_1_600x400\" src=\"https:\/\/fiaf.net\/regioni\/toscana\/wp-content\/uploads\/2012\/07\/Antonio_Perrone_1_600x400.jpg\" alt=\"\" width=\"600\" height=\"400\" srcset=\"https:\/\/fiaf.net\/toscana\/wp-content\/uploads\/sites\/10\/2012\/07\/Antonio_Perrone_1_600x400.jpg 600w, https:\/\/fiaf.net\/toscana\/wp-content\/uploads\/sites\/10\/2012\/07\/Antonio_Perrone_1_600x400-300x200.jpg 300w\" sizes=\"auto, (max-width: 600px) 100vw, 600px\" \/><\/a>Antonio Perrone<\/p>\n<p style=\"text-align: center\"><a href=\"https:\/\/fiaf.net\/regioni\/toscana\/2012\/07\/21\/foto-di-riomagno-foto-festival\/giuliano_andrea_ravasio_1_600x450\/\" rel=\"attachment wp-att-4512\"><img loading=\"lazy\" decoding=\"async\" class=\"aligncenter size-full wp-image-4512\" title=\"Giuliano_Andrea_Ravasio_1_600x450\" src=\"https:\/\/fiaf.net\/regioni\/toscana\/wp-content\/uploads\/2012\/07\/Giuliano_Andrea_Ravasio_1_600x450.jpg\" alt=\"\" width=\"600\" height=\"450\" srcset=\"https:\/\/fiaf.net\/toscana\/wp-content\/uploads\/sites\/10\/2012\/07\/Giuliano_Andrea_Ravasio_1_600x450.jpg 600w, https:\/\/fiaf.net\/toscana\/wp-content\/uploads\/sites\/10\/2012\/07\/Giuliano_Andrea_Ravasio_1_600x450-300x225.jpg 300w\" sizes=\"auto, (max-width: 600px) 100vw, 600px\" \/><\/a>Giuliano Andrea Ravasio<\/p>\n<p style=\"text-align: center\"><a href=\"https:\/\/fiaf.net\/regioni\/toscana\/2012\/07\/21\/foto-di-riomagno-foto-festival\/giuliano_andrea_ravasio_2_600x450\/\" rel=\"attachment wp-att-4513\"><img loading=\"lazy\" decoding=\"async\" class=\"aligncenter size-full wp-image-4513\" title=\"Giuliano_Andrea_Ravasio_2_600x450\" src=\"https:\/\/fiaf.net\/regioni\/toscana\/wp-content\/uploads\/2012\/07\/Giuliano_Andrea_Ravasio_2_600x450.jpg\" alt=\"\" width=\"600\" height=\"450\" srcset=\"https:\/\/fiaf.net\/toscana\/wp-content\/uploads\/sites\/10\/2012\/07\/Giuliano_Andrea_Ravasio_2_600x450.jpg 600w, https:\/\/fiaf.net\/toscana\/wp-content\/uploads\/sites\/10\/2012\/07\/Giuliano_Andrea_Ravasio_2_600x450-300x225.jpg 300w\" sizes=\"auto, (max-width: 600px) 100vw, 600px\" \/><\/a>Giuliano Andrea Ravasio<\/p>\n<p style=\"text-align: center\"><a href=\"https:\/\/fiaf.net\/regioni\/toscana\/2012\/07\/21\/foto-di-riomagno-foto-festival\/giulietta_mora_1_362x600\/\" rel=\"attachment wp-att-4514\"><img loading=\"lazy\" decoding=\"async\" class=\"aligncenter size-full wp-image-4514\" title=\"Giulietta_Mora_1_362x600\" src=\"https:\/\/fiaf.net\/regioni\/toscana\/wp-content\/uploads\/2012\/07\/Giulietta_Mora_1_362x600.jpg\" alt=\"\" width=\"362\" height=\"600\" srcset=\"https:\/\/fiaf.net\/toscana\/wp-content\/uploads\/sites\/10\/2012\/07\/Giulietta_Mora_1_362x600.jpg 362w, https:\/\/fiaf.net\/toscana\/wp-content\/uploads\/sites\/10\/2012\/07\/Giulietta_Mora_1_362x600-181x300.jpg 181w\" sizes=\"auto, (max-width: 362px) 100vw, 362px\" \/><\/a>Giulietta Mora<\/p>\n<p style=\"text-align: center\"><a href=\"https:\/\/fiaf.net\/regioni\/toscana\/2012\/07\/21\/foto-di-riomagno-foto-festival\/ivana_triossi_1_600x400\/\" rel=\"attachment wp-att-4515\"><img loading=\"lazy\" decoding=\"async\" class=\"aligncenter size-full wp-image-4515\" title=\"Ivana_Triossi_1_600x400\" src=\"https:\/\/fiaf.net\/regioni\/toscana\/wp-content\/uploads\/2012\/07\/Ivana_Triossi_1_600x400.jpg\" alt=\"\" width=\"600\" height=\"400\" srcset=\"https:\/\/fiaf.net\/toscana\/wp-content\/uploads\/sites\/10\/2012\/07\/Ivana_Triossi_1_600x400.jpg 600w, https:\/\/fiaf.net\/toscana\/wp-content\/uploads\/sites\/10\/2012\/07\/Ivana_Triossi_1_600x400-300x200.jpg 300w\" sizes=\"auto, (max-width: 600px) 100vw, 600px\" \/><\/a>Ivana Triossi<\/p>\n<p style=\"text-align: center\"><a href=\"https:\/\/fiaf.net\/regioni\/toscana\/2012\/07\/21\/foto-di-riomagno-foto-festival\/ivana_triossi_2_600x402\/\" rel=\"attachment wp-att-4516\"><img loading=\"lazy\" decoding=\"async\" class=\"aligncenter size-full wp-image-4516\" title=\"Ivana_Triossi_2_600x402\" src=\"https:\/\/fiaf.net\/regioni\/toscana\/wp-content\/uploads\/2012\/07\/Ivana_Triossi_2_600x402.jpg\" alt=\"\" width=\"600\" height=\"402\" srcset=\"https:\/\/fiaf.net\/toscana\/wp-content\/uploads\/sites\/10\/2012\/07\/Ivana_Triossi_2_600x402.jpg 600w, https:\/\/fiaf.net\/toscana\/wp-content\/uploads\/sites\/10\/2012\/07\/Ivana_Triossi_2_600x402-300x201.jpg 300w\" sizes=\"auto, (max-width: 600px) 100vw, 600px\" \/><\/a>Ivana Triossi<\/p>\n<p style=\"text-align: center\"><a href=\"https:\/\/fiaf.net\/regioni\/toscana\/2012\/07\/21\/foto-di-riomagno-foto-festival\/ivana_triossi_5_600x400\/\" rel=\"attachment wp-att-4517\"><img loading=\"lazy\" decoding=\"async\" class=\"aligncenter size-full wp-image-4517\" title=\"Ivana_Triossi_5_600x400\" src=\"https:\/\/fiaf.net\/regioni\/toscana\/wp-content\/uploads\/2012\/07\/Ivana_Triossi_5_600x400.jpg\" alt=\"\" width=\"600\" height=\"400\" srcset=\"https:\/\/fiaf.net\/toscana\/wp-content\/uploads\/sites\/10\/2012\/07\/Ivana_Triossi_5_600x400.jpg 600w, https:\/\/fiaf.net\/toscana\/wp-content\/uploads\/sites\/10\/2012\/07\/Ivana_Triossi_5_600x400-300x200.jpg 300w\" sizes=\"auto, (max-width: 600px) 100vw, 600px\" \/><\/a>Ivana Triossi<\/p>\n<p style=\"text-align: center\"><a href=\"https:\/\/fiaf.net\/regioni\/toscana\/2012\/07\/21\/foto-di-riomagno-foto-festival\/ivana_triossi_6_600x450\/\" rel=\"attachment wp-att-4518\"><img loading=\"lazy\" decoding=\"async\" class=\"aligncenter size-full wp-image-4518\" title=\"Ivana_Triossi_6_600x450\" src=\"https:\/\/fiaf.net\/regioni\/toscana\/wp-content\/uploads\/2012\/07\/Ivana_Triossi_6_600x450.jpg\" alt=\"\" width=\"600\" height=\"450\" srcset=\"https:\/\/fiaf.net\/toscana\/wp-content\/uploads\/sites\/10\/2012\/07\/Ivana_Triossi_6_600x450.jpg 600w, https:\/\/fiaf.net\/toscana\/wp-content\/uploads\/sites\/10\/2012\/07\/Ivana_Triossi_6_600x450-300x225.jpg 300w\" sizes=\"auto, (max-width: 600px) 100vw, 600px\" \/><\/a>Ivana Triossi<\/p>\n<p style=\"text-align: center\"><a href=\"https:\/\/fiaf.net\/regioni\/toscana\/2012\/07\/21\/foto-di-riomagno-foto-festival\/ivana_triossi_8_600x450\/\" rel=\"attachment wp-att-4519\"><img loading=\"lazy\" decoding=\"async\" class=\"aligncenter size-full wp-image-4519\" title=\"Ivana_Triossi_8_600x450\" src=\"https:\/\/fiaf.net\/regioni\/toscana\/wp-content\/uploads\/2012\/07\/Ivana_Triossi_8_600x450.jpg\" alt=\"\" width=\"600\" height=\"450\" srcset=\"https:\/\/fiaf.net\/toscana\/wp-content\/uploads\/sites\/10\/2012\/07\/Ivana_Triossi_8_600x450.jpg 600w, https:\/\/fiaf.net\/toscana\/wp-content\/uploads\/sites\/10\/2012\/07\/Ivana_Triossi_8_600x450-300x225.jpg 300w\" sizes=\"auto, (max-width: 600px) 100vw, 600px\" \/><\/a>Ivana Triossi<\/p>\n<p style=\"text-align: center\"><a href=\"https:\/\/fiaf.net\/regioni\/toscana\/2012\/07\/21\/foto-di-riomagno-foto-festival\/ivana_triossi_9_600x400\/\" rel=\"attachment wp-att-4520\"><img loading=\"lazy\" decoding=\"async\" class=\"aligncenter size-full wp-image-4520\" title=\"Ivana_Triossi_9_600x400\" src=\"https:\/\/fiaf.net\/regioni\/toscana\/wp-content\/uploads\/2012\/07\/Ivana_Triossi_9_600x400.jpg\" alt=\"\" width=\"600\" height=\"400\" srcset=\"https:\/\/fiaf.net\/toscana\/wp-content\/uploads\/sites\/10\/2012\/07\/Ivana_Triossi_9_600x400.jpg 600w, https:\/\/fiaf.net\/toscana\/wp-content\/uploads\/sites\/10\/2012\/07\/Ivana_Triossi_9_600x400-300x200.jpg 300w\" sizes=\"auto, (max-width: 600px) 100vw, 600px\" \/><\/a>Ivana Triossi<\/p>\n<p style=\"text-align: center\"><a href=\"https:\/\/fiaf.net\/regioni\/toscana\/2012\/07\/21\/foto-di-riomagno-foto-festival\/ivana_triossi_10_400x600\/\" rel=\"attachment wp-att-4521\"><img loading=\"lazy\" decoding=\"async\" class=\"aligncenter size-full wp-image-4521\" title=\"Ivana_Triossi_10_400x600\" src=\"https:\/\/fiaf.net\/regioni\/toscana\/wp-content\/uploads\/2012\/07\/Ivana_Triossi_10_400x600.jpg\" alt=\"\" width=\"400\" height=\"600\" srcset=\"https:\/\/fiaf.net\/toscana\/wp-content\/uploads\/sites\/10\/2012\/07\/Ivana_Triossi_10_400x600.jpg 400w, https:\/\/fiaf.net\/toscana\/wp-content\/uploads\/sites\/10\/2012\/07\/Ivana_Triossi_10_400x600-200x300.jpg 200w\" sizes=\"auto, (max-width: 400px) 100vw, 400px\" \/><\/a>Ivana Triossi<\/p>\n<p style=\"text-align: center\"><a href=\"https:\/\/fiaf.net\/regioni\/toscana\/2012\/07\/21\/foto-di-riomagno-foto-festival\/leone_nottoli_2_600x400\/\" rel=\"attachment wp-att-4522\"><img loading=\"lazy\" decoding=\"async\" class=\"aligncenter size-full wp-image-4522\" title=\"Leone_Nottoli_2_600x400\" src=\"https:\/\/fiaf.net\/regioni\/toscana\/wp-content\/uploads\/2012\/07\/Leone_Nottoli_2_600x400.jpg\" alt=\"\" width=\"600\" height=\"400\" srcset=\"https:\/\/fiaf.net\/toscana\/wp-content\/uploads\/sites\/10\/2012\/07\/Leone_Nottoli_2_600x400.jpg 600w, https:\/\/fiaf.net\/toscana\/wp-content\/uploads\/sites\/10\/2012\/07\/Leone_Nottoli_2_600x400-300x200.jpg 300w\" sizes=\"auto, (max-width: 600px) 100vw, 600px\" \/><\/a>Leone Nottoli<\/p>\n<p style=\"text-align: center\"><a href=\"https:\/\/fiaf.net\/regioni\/toscana\/2012\/07\/21\/foto-di-riomagno-foto-festival\/leone_nottoli_3_400x600\/\" rel=\"attachment wp-att-4523\"><img loading=\"lazy\" decoding=\"async\" class=\"aligncenter size-full wp-image-4523\" title=\"Leone_Nottoli_3_400x600\" src=\"https:\/\/fiaf.net\/regioni\/toscana\/wp-content\/uploads\/2012\/07\/Leone_Nottoli_3_400x600.jpg\" alt=\"\" width=\"400\" height=\"600\" srcset=\"https:\/\/fiaf.net\/toscana\/wp-content\/uploads\/sites\/10\/2012\/07\/Leone_Nottoli_3_400x600.jpg 400w, https:\/\/fiaf.net\/toscana\/wp-content\/uploads\/sites\/10\/2012\/07\/Leone_Nottoli_3_400x600-200x300.jpg 200w\" sizes=\"auto, (max-width: 400px) 100vw, 400px\" \/><\/a>Leone Nottoli<\/p>\n<p style=\"text-align: center\"><a href=\"https:\/\/fiaf.net\/regioni\/toscana\/2012\/07\/21\/foto-di-riomagno-foto-festival\/luigi_bianconi_1_535x450\/\" rel=\"attachment wp-att-4524\"><img loading=\"lazy\" decoding=\"async\" class=\"aligncenter size-full wp-image-4524\" title=\"Luigi_Bianconi_1_535x450\" src=\"https:\/\/fiaf.net\/regioni\/toscana\/wp-content\/uploads\/2012\/07\/Luigi_Bianconi_1_535x450.jpg\" alt=\"\" width=\"535\" height=\"450\" srcset=\"https:\/\/fiaf.net\/toscana\/wp-content\/uploads\/sites\/10\/2012\/07\/Luigi_Bianconi_1_535x450.jpg 535w, https:\/\/fiaf.net\/toscana\/wp-content\/uploads\/sites\/10\/2012\/07\/Luigi_Bianconi_1_535x450-300x252.jpg 300w\" sizes=\"auto, (max-width: 535px) 100vw, 535px\" \/><\/a>Luigi Bianconi<\/p>\n<p style=\"text-align: center\"><a href=\"https:\/\/fiaf.net\/regioni\/toscana\/2012\/07\/21\/foto-di-riomagno-foto-festival\/luigi_bianconi_2_600x400\/\" rel=\"attachment wp-att-4525\"><img loading=\"lazy\" decoding=\"async\" class=\"aligncenter size-full wp-image-4525\" title=\"Luigi_Bianconi_2_600x400\" src=\"https:\/\/fiaf.net\/regioni\/toscana\/wp-content\/uploads\/2012\/07\/Luigi_Bianconi_2_600x400.jpg\" alt=\"\" width=\"600\" height=\"400\" srcset=\"https:\/\/fiaf.net\/toscana\/wp-content\/uploads\/sites\/10\/2012\/07\/Luigi_Bianconi_2_600x400.jpg 600w, https:\/\/fiaf.net\/toscana\/wp-content\/uploads\/sites\/10\/2012\/07\/Luigi_Bianconi_2_600x400-300x200.jpg 300w\" sizes=\"auto, (max-width: 600px) 100vw, 600px\" \/><\/a>Luigi Bianconi<\/p>\n<p style=\"text-align: center\"><a href=\"https:\/\/fiaf.net\/regioni\/toscana\/2012\/07\/21\/foto-di-riomagno-foto-festival\/luigi_bianconi_3_449x450\/\" rel=\"attachment wp-att-4526\"><img loading=\"lazy\" decoding=\"async\" class=\"aligncenter size-full wp-image-4526\" title=\"Luigi_Bianconi_3_449x450\" src=\"https:\/\/fiaf.net\/regioni\/toscana\/wp-content\/uploads\/2012\/07\/Luigi_Bianconi_3_449x450.jpg\" alt=\"\" width=\"449\" height=\"450\" srcset=\"https:\/\/fiaf.net\/toscana\/wp-content\/uploads\/sites\/10\/2012\/07\/Luigi_Bianconi_3_449x450.jpg 449w, https:\/\/fiaf.net\/toscana\/wp-content\/uploads\/sites\/10\/2012\/07\/Luigi_Bianconi_3_449x450-300x300.jpg 300w, https:\/\/fiaf.net\/toscana\/wp-content\/uploads\/sites\/10\/2012\/07\/Luigi_Bianconi_3_449x450-150x150.jpg 150w\" sizes=\"auto, (max-width: 449px) 100vw, 449px\" \/><\/a>Luigi Bianconi<\/p>\n<p style=\"text-align: center\"><a href=\"https:\/\/fiaf.net\/regioni\/toscana\/2012\/07\/21\/foto-di-riomagno-foto-festival\/massimo_della-latta_1_400x600\/\" rel=\"attachment wp-att-4527\"><img loading=\"lazy\" decoding=\"async\" class=\"aligncenter size-full wp-image-4527\" title=\"Massimo_Della Latta_1_400x600\" src=\"https:\/\/fiaf.net\/regioni\/toscana\/wp-content\/uploads\/2012\/07\/Massimo_Della-Latta_1_400x600.jpg\" alt=\"\" width=\"400\" height=\"600\" srcset=\"https:\/\/fiaf.net\/toscana\/wp-content\/uploads\/sites\/10\/2012\/07\/Massimo_Della-Latta_1_400x600.jpg 400w, https:\/\/fiaf.net\/toscana\/wp-content\/uploads\/sites\/10\/2012\/07\/Massimo_Della-Latta_1_400x600-200x300.jpg 200w\" sizes=\"auto, (max-width: 400px) 100vw, 400px\" \/><\/a>Massimo Della Latta<\/p>\n<p style=\"text-align: center\"><a href=\"https:\/\/fiaf.net\/regioni\/toscana\/2012\/07\/21\/foto-di-riomagno-foto-festival\/massimo_della-lattadella-latta_2_400x600\/\" rel=\"attachment wp-att-4528\"><img loading=\"lazy\" decoding=\"async\" class=\"aligncenter size-full wp-image-4528\" title=\"Massimo_Della LattaDella Latta_2_400x600\" src=\"https:\/\/fiaf.net\/regioni\/toscana\/wp-content\/uploads\/2012\/07\/Massimo_Della-LattaDella-Latta_2_400x600.jpg\" alt=\"\" width=\"400\" height=\"600\" srcset=\"https:\/\/fiaf.net\/toscana\/wp-content\/uploads\/sites\/10\/2012\/07\/Massimo_Della-LattaDella-Latta_2_400x600.jpg 400w, https:\/\/fiaf.net\/toscana\/wp-content\/uploads\/sites\/10\/2012\/07\/Massimo_Della-LattaDella-Latta_2_400x600-200x300.jpg 200w\" sizes=\"auto, (max-width: 400px) 100vw, 400px\" \/><\/a>Massimo Della Latta<\/p>\n<p style=\"text-align: center\"><a href=\"https:\/\/fiaf.net\/regioni\/toscana\/2012\/07\/21\/foto-di-riomagno-foto-festival\/massimodella-latta_-3_400x600\/\" rel=\"attachment wp-att-4529\"><img loading=\"lazy\" decoding=\"async\" class=\"aligncenter size-full wp-image-4529\" title=\"MassimoDella Latta_ 3_400x600\" src=\"https:\/\/fiaf.net\/regioni\/toscana\/wp-content\/uploads\/2012\/07\/MassimoDella-Latta_-3_400x600.jpg\" alt=\"\" width=\"400\" height=\"600\" srcset=\"https:\/\/fiaf.net\/toscana\/wp-content\/uploads\/sites\/10\/2012\/07\/MassimoDella-Latta_-3_400x600.jpg 400w, https:\/\/fiaf.net\/toscana\/wp-content\/uploads\/sites\/10\/2012\/07\/MassimoDella-Latta_-3_400x600-200x300.jpg 200w\" sizes=\"auto, (max-width: 400px) 100vw, 400px\" \/><\/a>Massimo Della Latta<\/p>\n<p style=\"text-align: center\"><a href=\"https:\/\/fiaf.net\/regioni\/toscana\/2012\/07\/21\/foto-di-riomagno-foto-festival\/paolo_bini_1_600x386\/\" rel=\"attachment wp-att-4530\"><img loading=\"lazy\" decoding=\"async\" class=\"aligncenter size-full wp-image-4530\" title=\"Paolo_Bini_1_600x386\" src=\"https:\/\/fiaf.net\/regioni\/toscana\/wp-content\/uploads\/2012\/07\/Paolo_Bini_1_600x386.jpg\" alt=\"\" width=\"600\" height=\"386\" srcset=\"https:\/\/fiaf.net\/toscana\/wp-content\/uploads\/sites\/10\/2012\/07\/Paolo_Bini_1_600x386.jpg 600w, https:\/\/fiaf.net\/toscana\/wp-content\/uploads\/sites\/10\/2012\/07\/Paolo_Bini_1_600x386-300x193.jpg 300w\" sizes=\"auto, (max-width: 600px) 100vw, 600px\" \/><\/a>Paolo Bini<\/p>\n<p style=\"text-align: center\"><a href=\"https:\/\/fiaf.net\/regioni\/toscana\/2012\/07\/21\/foto-di-riomagno-foto-festival\/paolo_bini_2_600x400\/\" rel=\"attachment wp-att-4531\"><img loading=\"lazy\" decoding=\"async\" class=\"aligncenter size-full wp-image-4531\" title=\"Paolo_Bini_2_600x400\" src=\"https:\/\/fiaf.net\/regioni\/toscana\/wp-content\/uploads\/2012\/07\/Paolo_Bini_2_600x400.jpg\" alt=\"\" width=\"600\" height=\"400\" srcset=\"https:\/\/fiaf.net\/toscana\/wp-content\/uploads\/sites\/10\/2012\/07\/Paolo_Bini_2_600x400.jpg 600w, https:\/\/fiaf.net\/toscana\/wp-content\/uploads\/sites\/10\/2012\/07\/Paolo_Bini_2_600x400-300x200.jpg 300w\" sizes=\"auto, (max-width: 600px) 100vw, 600px\" \/><\/a>Paolo Bini<\/p>\n<p style=\"text-align: center\"><a href=\"https:\/\/fiaf.net\/regioni\/toscana\/2012\/07\/21\/foto-di-riomagno-foto-festival\/paolo_bini_3_600x400\/\" rel=\"attachment wp-att-4532\"><img loading=\"lazy\" decoding=\"async\" class=\"aligncenter size-full wp-image-4532\" title=\"Paolo_Bini_3_600x400\" src=\"https:\/\/fiaf.net\/regioni\/toscana\/wp-content\/uploads\/2012\/07\/Paolo_Bini_3_600x400.jpg\" alt=\"\" width=\"600\" height=\"400\" srcset=\"https:\/\/fiaf.net\/toscana\/wp-content\/uploads\/sites\/10\/2012\/07\/Paolo_Bini_3_600x400.jpg 600w, https:\/\/fiaf.net\/toscana\/wp-content\/uploads\/sites\/10\/2012\/07\/Paolo_Bini_3_600x400-300x200.jpg 300w\" sizes=\"auto, (max-width: 600px) 100vw, 600px\" \/><\/a>Paolo Bini<\/p>\n<p style=\"text-align: center\"><a href=\"https:\/\/fiaf.net\/regioni\/toscana\/2012\/07\/21\/foto-di-riomagno-foto-festival\/paolo_bini_4_600x401\/\" rel=\"attachment wp-att-4533\"><img loading=\"lazy\" decoding=\"async\" class=\"aligncenter size-full wp-image-4533\" title=\"Paolo_Bini_4_600x401\" src=\"https:\/\/fiaf.net\/regioni\/toscana\/wp-content\/uploads\/2012\/07\/Paolo_Bini_4_600x401.jpg\" alt=\"\" width=\"600\" height=\"401\" srcset=\"https:\/\/fiaf.net\/toscana\/wp-content\/uploads\/sites\/10\/2012\/07\/Paolo_Bini_4_600x401.jpg 600w, https:\/\/fiaf.net\/toscana\/wp-content\/uploads\/sites\/10\/2012\/07\/Paolo_Bini_4_600x401-300x201.jpg 300w\" sizes=\"auto, (max-width: 600px) 100vw, 600px\" \/><\/a>Paolo Bini<\/p>\n<p style=\"text-align: center\"><a href=\"https:\/\/fiaf.net\/regioni\/toscana\/2012\/07\/21\/foto-di-riomagno-foto-festival\/paolo_bini_5_600x450\/\" rel=\"attachment wp-att-4534\"><img loading=\"lazy\" decoding=\"async\" class=\"aligncenter size-full wp-image-4534\" title=\"Paolo_Bini_5_600x450\" src=\"https:\/\/fiaf.net\/regioni\/toscana\/wp-content\/uploads\/2012\/07\/Paolo_Bini_5_600x450.jpg\" alt=\"\" width=\"600\" height=\"450\" srcset=\"https:\/\/fiaf.net\/toscana\/wp-content\/uploads\/sites\/10\/2012\/07\/Paolo_Bini_5_600x450.jpg 600w, https:\/\/fiaf.net\/toscana\/wp-content\/uploads\/sites\/10\/2012\/07\/Paolo_Bini_5_600x450-300x225.jpg 300w\" sizes=\"auto, (max-width: 600px) 100vw, 600px\" \/><\/a>Paolo Bini<\/p>\n<p style=\"text-align: center\"><a href=\"https:\/\/fiaf.net\/regioni\/toscana\/2012\/07\/21\/foto-di-riomagno-foto-festival\/paolo_bini_6_600x400\/\" rel=\"attachment wp-att-4535\"><img loading=\"lazy\" decoding=\"async\" class=\"aligncenter size-full wp-image-4535\" title=\"Paolo_Bini_6_600x400\" src=\"https:\/\/fiaf.net\/regioni\/toscana\/wp-content\/uploads\/2012\/07\/Paolo_Bini_6_600x400.jpg\" alt=\"\" width=\"600\" height=\"400\" srcset=\"https:\/\/fiaf.net\/toscana\/wp-content\/uploads\/sites\/10\/2012\/07\/Paolo_Bini_6_600x400.jpg 600w, https:\/\/fiaf.net\/toscana\/wp-content\/uploads\/sites\/10\/2012\/07\/Paolo_Bini_6_600x400-300x200.jpg 300w\" sizes=\"auto, (max-width: 600px) 100vw, 600px\" \/><\/a>Paolo Bini<\/p>\n<p style=\"text-align: center\"><a href=\"https:\/\/fiaf.net\/regioni\/toscana\/2012\/07\/21\/foto-di-riomagno-foto-festival\/paolo_bini_7_452x600\/\" rel=\"attachment wp-att-4536\"><img loading=\"lazy\" decoding=\"async\" class=\"aligncenter size-full wp-image-4536\" title=\"Paolo_Bini_7_452x600\" src=\"https:\/\/fiaf.net\/regioni\/toscana\/wp-content\/uploads\/2012\/07\/Paolo_Bini_7_452x600.jpg\" alt=\"\" width=\"452\" height=\"600\" srcset=\"https:\/\/fiaf.net\/toscana\/wp-content\/uploads\/sites\/10\/2012\/07\/Paolo_Bini_7_452x600.jpg 452w, https:\/\/fiaf.net\/toscana\/wp-content\/uploads\/sites\/10\/2012\/07\/Paolo_Bini_7_452x600-226x300.jpg 226w\" sizes=\"auto, (max-width: 452px) 100vw, 452px\" \/><\/a>Paolo Bini<\/p>\n<p style=\"text-align: center\"><a href=\"https:\/\/fiaf.net\/regioni\/toscana\/2012\/07\/21\/foto-di-riomagno-foto-festival\/saro_di-bartolo_1_398x600\/\" rel=\"attachment wp-att-4537\"><img loading=\"lazy\" decoding=\"async\" class=\"aligncenter size-full wp-image-4537\" title=\"Saro_Di Bartolo_1_398x600\" src=\"https:\/\/fiaf.net\/regioni\/toscana\/wp-content\/uploads\/2012\/07\/Saro_Di-Bartolo_1_398x600.jpg\" alt=\"\" width=\"398\" height=\"600\" srcset=\"https:\/\/fiaf.net\/toscana\/wp-content\/uploads\/sites\/10\/2012\/07\/Saro_Di-Bartolo_1_398x600.jpg 398w, https:\/\/fiaf.net\/toscana\/wp-content\/uploads\/sites\/10\/2012\/07\/Saro_Di-Bartolo_1_398x600-199x300.jpg 199w\" sizes=\"auto, (max-width: 398px) 100vw, 398px\" \/><\/a>Saro Di Bartolo<\/p>\n<p style=\"text-align: center\"><a href=\"https:\/\/fiaf.net\/regioni\/toscana\/2012\/07\/21\/foto-di-riomagno-foto-festival\/susanna_bertoni_1_600x399\/\" rel=\"attachment wp-att-4538\"><img loading=\"lazy\" decoding=\"async\" class=\"aligncenter size-full wp-image-4538\" title=\"Susanna_Bertoni_1_600x399\" src=\"https:\/\/fiaf.net\/regioni\/toscana\/wp-content\/uploads\/2012\/07\/Susanna_Bertoni_1_600x399.jpg\" alt=\"\" width=\"600\" height=\"399\" srcset=\"https:\/\/fiaf.net\/toscana\/wp-content\/uploads\/sites\/10\/2012\/07\/Susanna_Bertoni_1_600x399.jpg 600w, https:\/\/fiaf.net\/toscana\/wp-content\/uploads\/sites\/10\/2012\/07\/Susanna_Bertoni_1_600x399-300x200.jpg 300w\" sizes=\"auto, (max-width: 600px) 100vw, 600px\" \/><\/a>Susanna Bertoni<\/p>\n<p style=\"text-align: center\"><a href=\"https:\/\/fiaf.net\/regioni\/toscana\/2012\/07\/21\/foto-di-riomagno-foto-festival\/susanna_bertoni_2_332x600\/\" rel=\"attachment wp-att-4539\"><img loading=\"lazy\" decoding=\"async\" class=\"aligncenter size-full wp-image-4539\" title=\"Susanna_Bertoni_2_332x600\" src=\"https:\/\/fiaf.net\/regioni\/toscana\/wp-content\/uploads\/2012\/07\/Susanna_Bertoni_2_332x600.jpg\" alt=\"\" width=\"332\" height=\"600\" srcset=\"https:\/\/fiaf.net\/toscana\/wp-content\/uploads\/sites\/10\/2012\/07\/Susanna_Bertoni_2_332x600.jpg 332w, https:\/\/fiaf.net\/toscana\/wp-content\/uploads\/sites\/10\/2012\/07\/Susanna_Bertoni_2_332x600-166x300.jpg 166w\" sizes=\"auto, (max-width: 332px) 100vw, 332px\" \/><\/a>Susanna Bertoni<\/p>\n<p style=\"text-align: center\"><a href=\"https:\/\/fiaf.net\/regioni\/toscana\/2012\/07\/21\/foto-di-riomagno-foto-festival\/riomagno-immagini-copia3\/\" rel=\"attachment wp-att-4540\"><img loading=\"lazy\" decoding=\"async\" class=\"aligncenter size-full wp-image-4540\" title=\"Riomagno immagini copia3\" src=\"https:\/\/fiaf.net\/regioni\/toscana\/wp-content\/uploads\/2012\/07\/Riomagno-immagini-copia3.jpg\" alt=\"\" width=\"573\" height=\"189\" srcset=\"https:\/\/fiaf.net\/toscana\/wp-content\/uploads\/sites\/10\/2012\/07\/Riomagno-immagini-copia3.jpg 573w, https:\/\/fiaf.net\/toscana\/wp-content\/uploads\/sites\/10\/2012\/07\/Riomagno-immagini-copia3-300x99.jpg 300w\" sizes=\"auto, (max-width: 573px) 100vw, 573px\" \/><\/a><\/p>\n\n    <div class=\"xs_social_share_widget xs_share_url after_content \t\tmain_content  wslu-style-1 wslu-share-box-shaped wslu-fill-colored wslu-none wslu-share-horizontal wslu-theme-font-no wslu-main_content\">\n\n\t\t\n        <ul>\n\t\t\t        <\/ul>\n    <\/div> \n","protected":false},"excerpt":{"rendered":"<p>Sabato 23 e Domenica 24 giugno si \u00e8 svolta a Riomagno, frazione del Comune di Seravezza, la seconda edizione del &hellip;<\/p>\n","protected":false},"author":64,"featured_media":4543,"comment_status":"closed","ping_status":"open","sticky":false,"template":"","format":"standard","meta":{"_acf_changed":false,"footnotes":""},"categories":[6],"tags":[],"class_list":["post-4508","post","type-post","status-publish","format-standard","has-post-thumbnail","hentry","category-manifestazioni"],"acf":[],"_links":{"self":[{"href":"https:\/\/fiaf.net\/toscana\/wp-json\/wp\/v2\/posts\/4508","targetHints":{"allow":["GET"]}}],"collection":[{"href":"https:\/\/fiaf.net\/toscana\/wp-json\/wp\/v2\/posts"}],"about":[{"href":"https:\/\/fiaf.net\/toscana\/wp-json\/wp\/v2\/types\/post"}],"author":[{"embeddable":true,"href":"https:\/\/fiaf.net\/toscana\/wp-json\/wp\/v2\/users\/64"}],"replies":[{"embeddable":true,"href":"https:\/\/fiaf.net\/toscana\/wp-json\/wp\/v2\/comments?post=4508"}],"version-history":[{"count":0,"href":"https:\/\/fiaf.net\/toscana\/wp-json\/wp\/v2\/posts\/4508\/revisions"}],"wp:featuredmedia":[{"embeddable":true,"href":"https:\/\/fiaf.net\/toscana\/wp-json\/wp\/v2\/media\/4543"}],"wp:attachment":[{"href":"https:\/\/fiaf.net\/toscana\/wp-json\/wp\/v2\/media?parent=4508"}],"wp:term":[{"taxonomy":"category","embeddable":true,"href":"https:\/\/fiaf.net\/toscana\/wp-json\/wp\/v2\/categories?post=4508"},{"taxonomy":"post_tag","embeddable":true,"href":"https:\/\/fiaf.net\/toscana\/wp-json\/wp\/v2\/tags?post=4508"}],"curies":[{"name":"wp","href":"https:\/\/api.w.org\/{rel}","templated":true}]}}