{"id":5076,"date":"2012-08-20T12:07:58","date_gmt":"2012-08-20T10:07:58","guid":{"rendered":"https:\/\/fiaf.net\/regioni\/toscana\/?p=5076"},"modified":"2012-08-20T12:07:58","modified_gmt":"2012-08-20T10:07:58","slug":"lungo-il-sentiero-della-memoria","status":"publish","type":"post","link":"https:\/\/fiaf.net\/toscana\/2012\/08\/20\/lungo-il-sentiero-della-memoria\/","title":{"rendered":"Lungo il sentiero della memoria"},"content":{"rendered":"<p><a href=\"https:\/\/fiaf.net\/regioni\/toscana\/2012\/08\/20\/lungo-il-sentiero-della-memoria\/collesalvetti-1-2\/\" rel=\"attachment wp-att-5078\"><img loading=\"lazy\" decoding=\"async\" class=\"aligncenter size-full wp-image-5078\" title=\"collesalvetti 1\" src=\"https:\/\/fiaf.net\/regioni\/toscana\/wp-content\/uploads\/2012\/08\/collesalvetti-1.jpg\" alt=\"\" width=\"660\" height=\"924\" srcset=\"https:\/\/fiaf.net\/toscana\/wp-content\/uploads\/sites\/10\/2012\/08\/collesalvetti-1.jpg 660w, https:\/\/fiaf.net\/toscana\/wp-content\/uploads\/sites\/10\/2012\/08\/collesalvetti-1-214x300.jpg 214w\" sizes=\"auto, (max-width: 660px) 100vw, 660px\" \/><\/a><\/p>\n<h4 style=\"text-align: center\">LUNGO IL SENTIERO DELLA MEMORIA &#8211; MOSTRA FOTOGRAFICA<\/h4>\n<p style=\"text-align: center\"><strong>DAL 1\u00b0 AL 9 SETTEMBRE\u00a0 &#8211;\u00a0 INAUGURAZIONE SABATO 1 ALLE ORE 18:30<\/strong><\/p>\n<p style=\"text-align: center\">SALONE PARROCCHIALE PAOLO II &#8211; VIA C.B. CAVOUR, 1\/C &#8211; COLLESALVETTI (LI)<\/p>\n<p style=\"text-align: center\">____________________<\/p>\n<p>Tra le diverse iniziative che il Fotoclub Collesalvetti ha messo in cantiere, per festeggiare l\u2019importante traguardo dei 30 anni di attivit\u00e0, oltre a quelle gi\u00e0 realizzate, ha allestito una nuova mostra di foto storiche, che gi\u00e0 in passato ha riportato un notevole successo di pubblico, nonch\u00e9 elogi e critiche positive, e che si inserisce nell\u2019ambito delle manifestazioni a corollario della classica fiera paesana di Collesalvetti.<\/p>\n<p>Saranno esposte fotografie, riproduzioni di cartoline e documenti d\u2019epoca, che dall\u2019Ottocento fino ai giorni nostri, ripercorrono la storia, gli avvenimenti sportivi cos\u00ec come quelli tristi delle due guerre mondiali, la vita quotidiana e gli eventi che hanno accompagnato la vita negli ultimi 150 anni della nostra comunit\u00e0. Anche questa volta, come gi\u00e0 in passato saranno proposte numerose immagini (di cui molte pressoch\u00e9 inedite), che grazie ancora al contributo dei cittadini colligiani, rendono il nostro archivio storico sempre pi\u00f9 ampio ed esaustivo.<\/p>\n<p>Questa mostra, rappresenta una tappa fondamentale per il compimento di uno degli obiettivi statutari che fin dalla nascita del Fotoclub, si erano imposti i soci fondatori; quello di preservare la memoria storico-fotografica del territorio.<\/p>\n<p>Martino Mancini Afi-Bfi<\/p>\n<p><span style=\"text-decoration: underline\">Presidente Fotoclub Collesalvetti Bfi<\/span><\/p>\n<p style=\"text-align: center\">___________________<\/p>\n<p style=\"text-align: center\">ALCUNE FOTO ESPOSTE<\/p>\n<p style=\"text-align: center\"><a href=\"https:\/\/fiaf.net\/regioni\/toscana\/2012\/08\/20\/lungo-il-sentiero-della-memoria\/attachment\/0001\/\" rel=\"attachment wp-att-5159\"><img loading=\"lazy\" decoding=\"async\" class=\"aligncenter size-full wp-image-5159\" title=\"0001\" src=\"https:\/\/fiaf.net\/regioni\/toscana\/wp-content\/uploads\/2012\/08\/0001.jpg\" alt=\"\" width=\"600\" height=\"492\" srcset=\"https:\/\/fiaf.net\/toscana\/wp-content\/uploads\/sites\/10\/2012\/08\/0001.jpg 600w, https:\/\/fiaf.net\/toscana\/wp-content\/uploads\/sites\/10\/2012\/08\/0001-300x246.jpg 300w\" sizes=\"auto, (max-width: 600px) 100vw, 600px\" \/><\/a><\/p>\n<p style=\"text-align: center\"><a href=\"https:\/\/fiaf.net\/regioni\/toscana\/2012\/08\/20\/lungo-il-sentiero-della-memoria\/attachment\/0002\/\" rel=\"attachment wp-att-5160\"><img loading=\"lazy\" decoding=\"async\" class=\"aligncenter size-full wp-image-5160\" title=\"0002\" src=\"https:\/\/fiaf.net\/regioni\/toscana\/wp-content\/uploads\/2012\/08\/0002.jpg\" alt=\"\" width=\"600\" height=\"387\" srcset=\"https:\/\/fiaf.net\/toscana\/wp-content\/uploads\/sites\/10\/2012\/08\/0002.jpg 600w, https:\/\/fiaf.net\/toscana\/wp-content\/uploads\/sites\/10\/2012\/08\/0002-300x194.jpg 300w\" sizes=\"auto, (max-width: 600px) 100vw, 600px\" \/><\/a><\/p>\n<p style=\"text-align: center\"><a href=\"https:\/\/fiaf.net\/regioni\/toscana\/2012\/08\/20\/lungo-il-sentiero-della-memoria\/attachment\/0011\/\" rel=\"attachment wp-att-5161\"><img loading=\"lazy\" decoding=\"async\" class=\"aligncenter size-full wp-image-5161\" title=\"0011\" src=\"https:\/\/fiaf.net\/regioni\/toscana\/wp-content\/uploads\/2012\/08\/0011.jpg\" alt=\"\" width=\"600\" height=\"379\" srcset=\"https:\/\/fiaf.net\/toscana\/wp-content\/uploads\/sites\/10\/2012\/08\/0011.jpg 600w, https:\/\/fiaf.net\/toscana\/wp-content\/uploads\/sites\/10\/2012\/08\/0011-300x190.jpg 300w\" sizes=\"auto, (max-width: 600px) 100vw, 600px\" \/><\/a><\/p>\n<p style=\"text-align: center\"><a href=\"https:\/\/fiaf.net\/regioni\/toscana\/2012\/08\/20\/lungo-il-sentiero-della-memoria\/attachment\/0041\/\" rel=\"attachment wp-att-5162\"><img loading=\"lazy\" decoding=\"async\" class=\"aligncenter size-full wp-image-5162\" title=\"0041\" src=\"https:\/\/fiaf.net\/regioni\/toscana\/wp-content\/uploads\/2012\/08\/0041.jpg\" alt=\"\" width=\"600\" height=\"373\" srcset=\"https:\/\/fiaf.net\/toscana\/wp-content\/uploads\/sites\/10\/2012\/08\/0041.jpg 600w, https:\/\/fiaf.net\/toscana\/wp-content\/uploads\/sites\/10\/2012\/08\/0041-300x187.jpg 300w\" sizes=\"auto, (max-width: 600px) 100vw, 600px\" \/><\/a><\/p>\n<p style=\"text-align: center\"><a href=\"https:\/\/fiaf.net\/regioni\/toscana\/2012\/08\/20\/lungo-il-sentiero-della-memoria\/attachment\/0059\/\" rel=\"attachment wp-att-5163\"><img loading=\"lazy\" decoding=\"async\" class=\"aligncenter size-full wp-image-5163\" title=\"0059\" src=\"https:\/\/fiaf.net\/regioni\/toscana\/wp-content\/uploads\/2012\/08\/0059.jpg\" alt=\"\" width=\"600\" height=\"433\" srcset=\"https:\/\/fiaf.net\/toscana\/wp-content\/uploads\/sites\/10\/2012\/08\/0059.jpg 600w, https:\/\/fiaf.net\/toscana\/wp-content\/uploads\/sites\/10\/2012\/08\/0059-300x217.jpg 300w\" sizes=\"auto, (max-width: 600px) 100vw, 600px\" \/><\/a><\/p>\n<p style=\"text-align: center\"><a href=\"https:\/\/fiaf.net\/regioni\/toscana\/2012\/08\/20\/lungo-il-sentiero-della-memoria\/attachment\/0137\/\" rel=\"attachment wp-att-5164\"><img loading=\"lazy\" decoding=\"async\" class=\"aligncenter size-full wp-image-5164\" title=\"0137\" src=\"https:\/\/fiaf.net\/regioni\/toscana\/wp-content\/uploads\/2012\/08\/0137.jpg\" alt=\"\" width=\"600\" height=\"400\" srcset=\"https:\/\/fiaf.net\/toscana\/wp-content\/uploads\/sites\/10\/2012\/08\/0137.jpg 600w, https:\/\/fiaf.net\/toscana\/wp-content\/uploads\/sites\/10\/2012\/08\/0137-300x200.jpg 300w\" sizes=\"auto, (max-width: 600px) 100vw, 600px\" \/><\/a><\/p>\n<p style=\"text-align: center\"><a href=\"https:\/\/fiaf.net\/regioni\/toscana\/2012\/08\/20\/lungo-il-sentiero-della-memoria\/attachment\/0141\/\" rel=\"attachment wp-att-5165\"><img loading=\"lazy\" decoding=\"async\" class=\"aligncenter size-full wp-image-5165\" title=\"0141\" src=\"https:\/\/fiaf.net\/regioni\/toscana\/wp-content\/uploads\/2012\/08\/0141.jpg\" alt=\"\" width=\"600\" height=\"435\" srcset=\"https:\/\/fiaf.net\/toscana\/wp-content\/uploads\/sites\/10\/2012\/08\/0141.jpg 600w, https:\/\/fiaf.net\/toscana\/wp-content\/uploads\/sites\/10\/2012\/08\/0141-300x218.jpg 300w\" sizes=\"auto, (max-width: 600px) 100vw, 600px\" \/><\/a><\/p>\n<p style=\"text-align: center\"><a href=\"https:\/\/fiaf.net\/regioni\/toscana\/2012\/08\/20\/lungo-il-sentiero-della-memoria\/attachment\/0160\/\" rel=\"attachment wp-att-5166\"><img loading=\"lazy\" decoding=\"async\" class=\"aligncenter size-full wp-image-5166\" title=\"0160\" src=\"https:\/\/fiaf.net\/regioni\/toscana\/wp-content\/uploads\/2012\/08\/0160.jpg\" alt=\"\" width=\"600\" height=\"378\" srcset=\"https:\/\/fiaf.net\/toscana\/wp-content\/uploads\/sites\/10\/2012\/08\/0160.jpg 600w, https:\/\/fiaf.net\/toscana\/wp-content\/uploads\/sites\/10\/2012\/08\/0160-300x189.jpg 300w\" sizes=\"auto, (max-width: 600px) 100vw, 600px\" \/><\/a><\/p>\n<p style=\"text-align: center\"><a href=\"https:\/\/fiaf.net\/regioni\/toscana\/2012\/08\/20\/lungo-il-sentiero-della-memoria\/attachment\/0196\/\" rel=\"attachment wp-att-5167\"><img loading=\"lazy\" decoding=\"async\" class=\"aligncenter size-full wp-image-5167\" title=\"0196\" src=\"https:\/\/fiaf.net\/regioni\/toscana\/wp-content\/uploads\/2012\/08\/0196.jpg\" alt=\"\" width=\"600\" height=\"400\" srcset=\"https:\/\/fiaf.net\/toscana\/wp-content\/uploads\/sites\/10\/2012\/08\/0196.jpg 600w, https:\/\/fiaf.net\/toscana\/wp-content\/uploads\/sites\/10\/2012\/08\/0196-300x200.jpg 300w\" sizes=\"auto, (max-width: 600px) 100vw, 600px\" \/><\/a><\/p>\n<p style=\"text-align: center\"><a href=\"https:\/\/fiaf.net\/regioni\/toscana\/2012\/08\/20\/lungo-il-sentiero-della-memoria\/attachment\/0367\/\" rel=\"attachment wp-att-5168\"><img loading=\"lazy\" decoding=\"async\" class=\"aligncenter size-full wp-image-5168\" title=\"0367\" src=\"https:\/\/fiaf.net\/regioni\/toscana\/wp-content\/uploads\/2012\/08\/0367.jpg\" alt=\"\" width=\"600\" height=\"378\" srcset=\"https:\/\/fiaf.net\/toscana\/wp-content\/uploads\/sites\/10\/2012\/08\/0367.jpg 600w, https:\/\/fiaf.net\/toscana\/wp-content\/uploads\/sites\/10\/2012\/08\/0367-300x189.jpg 300w\" sizes=\"auto, (max-width: 600px) 100vw, 600px\" \/><\/a><\/p>\n<p style=\"text-align: center\">\n<p style=\"text-align: center\"><a href=\"https:\/\/fiaf.net\/regioni\/toscana\/2012\/08\/20\/lungo-il-sentiero-della-memoria\/collesalvetti-3-copia\/\" rel=\"attachment wp-att-5169\"><img loading=\"lazy\" decoding=\"async\" class=\"aligncenter size-full wp-image-5169\" title=\"collesalvetti 3 copia\" src=\"https:\/\/fiaf.net\/regioni\/toscana\/wp-content\/uploads\/2012\/08\/collesalvetti-3-copia.jpg\" alt=\"\" width=\"412\" height=\"343\" srcset=\"https:\/\/fiaf.net\/toscana\/wp-content\/uploads\/sites\/10\/2012\/08\/collesalvetti-3-copia.jpg 412w, https:\/\/fiaf.net\/toscana\/wp-content\/uploads\/sites\/10\/2012\/08\/collesalvetti-3-copia-300x250.jpg 300w\" sizes=\"auto, (max-width: 412px) 100vw, 412px\" \/><\/a><\/p>\n\n    <div class=\"xs_social_share_widget xs_share_url after_content \t\tmain_content  wslu-style-1 wslu-share-box-shaped wslu-fill-colored wslu-none wslu-share-horizontal wslu-theme-font-no wslu-main_content\">\n\n\t\t\n        <ul>\n\t\t\t        <\/ul>\n    <\/div> \n","protected":false},"excerpt":{"rendered":"<p>LUNGO IL SENTIERO DELLA MEMORIA &#8211; MOSTRA FOTOGRAFICA DAL 1\u00b0 AL 9 SETTEMBRE\u00a0 &#8211;\u00a0 INAUGURAZIONE SABATO 1 ALLE ORE 18:30 &hellip;<\/p>\n","protected":false},"author":64,"featured_media":5081,"comment_status":"closed","ping_status":"open","sticky":false,"template":"","format":"standard","meta":{"_acf_changed":false,"footnotes":""},"categories":[7],"tags":[],"class_list":["post-5076","post","type-post","status-publish","format-standard","has-post-thumbnail","hentry","category-mostre"],"acf":[],"_links":{"self":[{"href":"https:\/\/fiaf.net\/toscana\/wp-json\/wp\/v2\/posts\/5076","targetHints":{"allow":["GET"]}}],"collection":[{"href":"https:\/\/fiaf.net\/toscana\/wp-json\/wp\/v2\/posts"}],"about":[{"href":"https:\/\/fiaf.net\/toscana\/wp-json\/wp\/v2\/types\/post"}],"author":[{"embeddable":true,"href":"https:\/\/fiaf.net\/toscana\/wp-json\/wp\/v2\/users\/64"}],"replies":[{"embeddable":true,"href":"https:\/\/fiaf.net\/toscana\/wp-json\/wp\/v2\/comments?post=5076"}],"version-history":[{"count":0,"href":"https:\/\/fiaf.net\/toscana\/wp-json\/wp\/v2\/posts\/5076\/revisions"}],"wp:featuredmedia":[{"embeddable":true,"href":"https:\/\/fiaf.net\/toscana\/wp-json\/wp\/v2\/media\/5081"}],"wp:attachment":[{"href":"https:\/\/fiaf.net\/toscana\/wp-json\/wp\/v2\/media?parent=5076"}],"wp:term":[{"taxonomy":"category","embeddable":true,"href":"https:\/\/fiaf.net\/toscana\/wp-json\/wp\/v2\/categories?post=5076"},{"taxonomy":"post_tag","embeddable":true,"href":"https:\/\/fiaf.net\/toscana\/wp-json\/wp\/v2\/tags?post=5076"}],"curies":[{"name":"wp","href":"https:\/\/api.w.org\/{rel}","templated":true}]}}