{"id":57640,"date":"2026-09-06T12:19:32","date_gmt":"2026-09-06T10:19:32","guid":{"rendered":"https:\/\/fiaf.net\/toscana\/?p=57640"},"modified":"2026-09-06T12:20:28","modified_gmt":"2026-09-06T10:20:28","slug":"agrosfera-in-valdarnoterra-lavoro-e-futuro","status":"publish","type":"post","link":"https:\/\/fiaf.net\/toscana\/2026\/09\/06\/agrosfera-in-valdarnoterra-lavoro-e-futuro\/","title":{"rendered":"AGROSFERA IN VALDARNO:TERRA, LAVORO E FUTURO"},"content":{"rendered":"<p><img loading=\"lazy\" decoding=\"async\" class=\"aligncenter wp-image-57641 size-large\" src=\"https:\/\/fiaf.net\/toscana\/wp-content\/uploads\/sites\/10\/2026\/09\/LOCANDINA_AGROSFERA-724x1024.jpg\" alt=\"\" width=\"724\" height=\"1024\" srcset=\"https:\/\/fiaf.net\/toscana\/wp-content\/uploads\/sites\/10\/2026\/09\/LOCANDINA_AGROSFERA-724x1024.jpg 724w, https:\/\/fiaf.net\/toscana\/wp-content\/uploads\/sites\/10\/2026\/09\/LOCANDINA_AGROSFERA-212x300.jpg 212w, https:\/\/fiaf.net\/toscana\/wp-content\/uploads\/sites\/10\/2026\/09\/LOCANDINA_AGROSFERA-768x1086.jpg 768w, https:\/\/fiaf.net\/toscana\/wp-content\/uploads\/sites\/10\/2026\/09\/LOCANDINA_AGROSFERA.jpg 842w\" sizes=\"auto, (max-width: 724px) 100vw, 724px\" \/><\/p>\n<h3 class=\"western\">AGROSFERA IN VALDARNO \u2013 TERRA, LAVORO E FUTURO<\/h3>\n<p><strong>Uno sguardo fotografico sul paesaggio che cambia<\/strong><\/p>\n<p>C\u2019\u00e8 una terra che racconta il passato, ma che guarda gi\u00e0 al futuro. \u00c8 il <strong>Valdarno<\/strong>, con i suoi paesaggi, le sue campagne, il lavoro quotidiano e le trasformazioni che, giorno dopo giorno, ne ridisegnano il volto.<br \/>\nDa questo territorio nasce <strong>\u201cAgrosfera in Valdarno \u2013 Terra, lavoro e futuro\u201d<\/strong>, la mostra fotografica collettiva con riconoscimento Fiaf M52-2026,\u00a0 realizzata dalla collaborazione tra l&#8217;<strong>Associazione Fotografica Francesco Mochi<\/strong> e il <strong>Gruppo Fotografico Carpe Diem<\/strong>, nell\u2019ambito del progetto nazionale FIAF <strong>\u201cAgrosfera \u2013 Storie di tradizione e innovazione\u201d<\/strong>.<\/p>\n<p>Un racconto a pi\u00f9 voci, costruito attraverso gli sguardi dei fotografi dei due gruppi, che osservano il mondo agricolo e il paesaggio del Valdarno andando oltre la semplice documentazione. Le immagini cercano le tracce di un rapporto antico tra persone e territorio, raccontano la fatica e la dignit\u00e0 del lavoro, ma intercettano anche i segnali di un cambiamento che sta modificando strumenti, pratiche e prospettive.<br \/>\nFotografie diverse per sensibilit\u00e0 e linguaggio si incontrano in un unico percorso, restituendo un\u2019immagine del Valdarno sospesa tra ci\u00f2 che \u00e8 stato e ci\u00f2 che potrebbe diventare, perch\u00e9 dietro ogni paesaggio agricolo ci sono persone, storie, scelte e un futuro ancora tutto da scrivere.<\/p>\n<p>La mostra sar\u00e0 ospitata dal <strong>19 al 29 settembre<\/strong> negli spazi di <strong>Palazzo Concini a Terranuova Bracciolini<\/strong>, offrendo al pubblico l&#8217;occasione di attraversare, attraverso la fotografia, un Valdarno autentico e in trasformazione.<\/p>\n<p>&nbsp;<\/p>\n\n    <div class=\"xs_social_share_widget xs_share_url after_content \t\tmain_content  wslu-style-1 wslu-share-box-shaped wslu-fill-colored wslu-none wslu-share-horizontal wslu-theme-font-no wslu-main_content\">\n\n\t\t\n        <ul>\n\t\t\t        <\/ul>\n    <\/div> \n","protected":false},"excerpt":{"rendered":"<p>AGROSFERA IN VALDARNO \u2013 TERRA, LAVORO E FUTURO Uno sguardo fotografico sul paesaggio che cambia C\u2019\u00e8 una terra che racconta &hellip;<\/p>\n","protected":false},"author":69,"featured_media":0,"comment_status":"closed","ping_status":"closed","sticky":false,"template":"","format":"standard","meta":{"_acf_changed":false,"footnotes":""},"categories":[2,7],"tags":[],"class_list":["post-57640","post","type-post","status-publish","format-standard","hentry","category-attivita_circoli","category-mostre"],"acf":[],"_links":{"self":[{"href":"https:\/\/fiaf.net\/toscana\/wp-json\/wp\/v2\/posts\/57640","targetHints":{"allow":["GET"]}}],"collection":[{"href":"https:\/\/fiaf.net\/toscana\/wp-json\/wp\/v2\/posts"}],"about":[{"href":"https:\/\/fiaf.net\/toscana\/wp-json\/wp\/v2\/types\/post"}],"author":[{"embeddable":true,"href":"https:\/\/fiaf.net\/toscana\/wp-json\/wp\/v2\/users\/69"}],"replies":[{"embeddable":true,"href":"https:\/\/fiaf.net\/toscana\/wp-json\/wp\/v2\/comments?post=57640"}],"version-history":[{"count":2,"href":"https:\/\/fiaf.net\/toscana\/wp-json\/wp\/v2\/posts\/57640\/revisions"}],"predecessor-version":[{"id":57643,"href":"https:\/\/fiaf.net\/toscana\/wp-json\/wp\/v2\/posts\/57640\/revisions\/57643"}],"wp:attachment":[{"href":"https:\/\/fiaf.net\/toscana\/wp-json\/wp\/v2\/media?parent=57640"}],"wp:term":[{"taxonomy":"category","embeddable":true,"href":"https:\/\/fiaf.net\/toscana\/wp-json\/wp\/v2\/categories?post=57640"},{"taxonomy":"post_tag","embeddable":true,"href":"https:\/\/fiaf.net\/toscana\/wp-json\/wp\/v2\/tags?post=57640"}],"curies":[{"name":"wp","href":"https:\/\/api.w.org\/{rel}","templated":true}]}}