{"id":7244,"date":"2012-12-06T20:49:28","date_gmt":"2012-12-06T19:49:28","guid":{"rendered":"https:\/\/fiaf.net\/regioni\/toscana\/?p=7244"},"modified":"2012-12-06T20:49:28","modified_gmt":"2012-12-06T19:49:28","slug":"night-heroes-di-giulia-canella","status":"publish","type":"post","link":"https:\/\/fiaf.net\/toscana\/2012\/12\/06\/night-heroes-di-giulia-canella\/","title":{"rendered":"Night Heroes di Giulia Canella"},"content":{"rendered":"<p><a href=\"https:\/\/fiaf.net\/regioni\/toscana\/2012\/12\/06\/night-heroes-di-giulia-canella\/canella-1\/\" rel=\"attachment wp-att-7246\"><img loading=\"lazy\" decoding=\"async\" class=\"aligncenter size-full wp-image-7246\" title=\"canella 1\" src=\"https:\/\/fiaf.net\/regioni\/toscana\/wp-content\/uploads\/2012\/12\/canella-1.png\" alt=\"\" width=\"480\" height=\"629\" srcset=\"https:\/\/fiaf.net\/toscana\/wp-content\/uploads\/sites\/10\/2012\/12\/canella-1.png 480w, https:\/\/fiaf.net\/toscana\/wp-content\/uploads\/sites\/10\/2012\/12\/canella-1-229x300.png 229w\" sizes=\"auto, (max-width: 480px) 100vw, 480px\" \/><\/a><a href=\"https:\/\/fiaf.net\/regioni\/toscana\/2012\/12\/06\/night-heroes-di-giulia-canella\/canella-2-2\/\" rel=\"attachment wp-att-7248\"><img loading=\"lazy\" decoding=\"async\" class=\"aligncenter size-full wp-image-7248\" title=\"canella 2\" src=\"https:\/\/fiaf.net\/regioni\/toscana\/wp-content\/uploads\/2012\/12\/canella-21.jpg\" alt=\"\" width=\"480\" height=\"351\" srcset=\"https:\/\/fiaf.net\/toscana\/wp-content\/uploads\/sites\/10\/2012\/12\/canella-21.jpg 480w, https:\/\/fiaf.net\/toscana\/wp-content\/uploads\/sites\/10\/2012\/12\/canella-21-300x219.jpg 300w\" sizes=\"auto, (max-width: 480px) 100vw, 480px\" \/><\/a><a href=\"https:\/\/fiaf.net\/regioni\/toscana\/2012\/12\/06\/night-heroes-di-giulia-canella\/canella-3\/\" rel=\"attachment wp-att-7249\"><img loading=\"lazy\" decoding=\"async\" class=\"aligncenter size-full wp-image-7249\" title=\"canella 3\" src=\"https:\/\/fiaf.net\/regioni\/toscana\/wp-content\/uploads\/2012\/12\/canella-3.jpg\" alt=\"\" width=\"480\" height=\"351\" srcset=\"https:\/\/fiaf.net\/toscana\/wp-content\/uploads\/sites\/10\/2012\/12\/canella-3.jpg 480w, https:\/\/fiaf.net\/toscana\/wp-content\/uploads\/sites\/10\/2012\/12\/canella-3-300x219.jpg 300w\" sizes=\"auto, (max-width: 480px) 100vw, 480px\" \/><\/a><a href=\"https:\/\/fiaf.net\/regioni\/toscana\/2012\/12\/06\/night-heroes-di-giulia-canella\/canella-4\/\" rel=\"attachment wp-att-7250\"><img loading=\"lazy\" decoding=\"async\" class=\"aligncenter size-full wp-image-7250\" title=\"canella 4\" src=\"https:\/\/fiaf.net\/regioni\/toscana\/wp-content\/uploads\/2012\/12\/canella-4.jpg\" alt=\"\" width=\"480\" height=\"351\" srcset=\"https:\/\/fiaf.net\/toscana\/wp-content\/uploads\/sites\/10\/2012\/12\/canella-4.jpg 480w, https:\/\/fiaf.net\/toscana\/wp-content\/uploads\/sites\/10\/2012\/12\/canella-4-300x219.jpg 300w\" sizes=\"auto, (max-width: 480px) 100vw, 480px\" \/><\/a><\/p>\n<p>Prima opera fotografica di Giulia Canella: <em>Night Heroes<\/em>, e-book edito da Secretwish. Si tratta di una raccolta fotografica ed un racconto ispirato ad essa. La storia parla di una ricerca continua della propria identit\u00e0 anche nei luoghi a volte meno opportuni, come la discoteca, in cui l&#8217;essere umano tende ad abbigliarsi e travestirsi per interpretare un personaggio che non \u00e8 nella vita quotidiana. L&#8217;interrogativo che vogliamo porre \u00e8 che tale ricerca dell&#8217;identit\u00e0 sia attraverso il mettersi una maschera o a togliersi quella che viene usata nella vita di tutti i giorni. Cos\u00ec le foto, con tagli e luci violenti, richiamano questa difficolt\u00e0 nel capirsi.<\/p>\n<p>L&#8217;e-book \u00e8 disponibile su Amazon e in un paio di giorni anche su Google Play e \u00a0Apple Store.<\/p>\n<div style=\"text-align: center\"><a href=\"http:\/\/www.giuliacanella.com\" target=\"_blank\" rel=\"noopener\">www.giuliacanella.com<\/a><\/div>\n\n    <div class=\"xs_social_share_widget xs_share_url after_content \t\tmain_content  wslu-style-1 wslu-share-box-shaped wslu-fill-colored wslu-none wslu-share-horizontal wslu-theme-font-no wslu-main_content\">\n\n\t\t\n        <ul>\n\t\t\t        <\/ul>\n    <\/div> \n","protected":false},"excerpt":{"rendered":"<p>Prima opera fotografica di Giulia Canella: Night Heroes, e-book edito da Secretwish. Si tratta di una raccolta fotografica ed un &hellip;<\/p>\n","protected":false},"author":64,"featured_media":7245,"comment_status":"closed","ping_status":"open","sticky":false,"template":"","format":"standard","meta":{"_acf_changed":false,"footnotes":""},"categories":[5],"tags":[],"class_list":["post-7244","post","type-post","status-publish","format-standard","has-post-thumbnail","hentry","category-generale"],"acf":[],"_links":{"self":[{"href":"https:\/\/fiaf.net\/toscana\/wp-json\/wp\/v2\/posts\/7244","targetHints":{"allow":["GET"]}}],"collection":[{"href":"https:\/\/fiaf.net\/toscana\/wp-json\/wp\/v2\/posts"}],"about":[{"href":"https:\/\/fiaf.net\/toscana\/wp-json\/wp\/v2\/types\/post"}],"author":[{"embeddable":true,"href":"https:\/\/fiaf.net\/toscana\/wp-json\/wp\/v2\/users\/64"}],"replies":[{"embeddable":true,"href":"https:\/\/fiaf.net\/toscana\/wp-json\/wp\/v2\/comments?post=7244"}],"version-history":[{"count":0,"href":"https:\/\/fiaf.net\/toscana\/wp-json\/wp\/v2\/posts\/7244\/revisions"}],"wp:featuredmedia":[{"embeddable":true,"href":"https:\/\/fiaf.net\/toscana\/wp-json\/wp\/v2\/media\/7245"}],"wp:attachment":[{"href":"https:\/\/fiaf.net\/toscana\/wp-json\/wp\/v2\/media?parent=7244"}],"wp:term":[{"taxonomy":"category","embeddable":true,"href":"https:\/\/fiaf.net\/toscana\/wp-json\/wp\/v2\/categories?post=7244"},{"taxonomy":"post_tag","embeddable":true,"href":"https:\/\/fiaf.net\/toscana\/wp-json\/wp\/v2\/tags?post=7244"}],"curies":[{"name":"wp","href":"https:\/\/api.w.org\/{rel}","templated":true}]}}