{"id":8683,"date":"2013-02-14T13:41:33","date_gmt":"2013-02-14T12:41:33","guid":{"rendered":"https:\/\/fiaf.net\/regioni\/toscana\/?p=8683"},"modified":"2013-02-14T13:41:33","modified_gmt":"2013-02-14T12:41:33","slug":"le-biciclette-di-quintozoom","status":"publish","type":"post","link":"https:\/\/fiaf.net\/toscana\/2013\/02\/14\/le-biciclette-di-quintozoom\/","title":{"rendered":"Le biciclette di Quintozoom"},"content":{"rendered":"<p><a href=\"https:\/\/fiaf.net\/regioni\/toscana\/2013\/02\/14\/le-biciclette-di-quintozoom\/targa-quintozoom-mondiali-2013\/\" rel=\"attachment wp-att-8685\"><img loading=\"lazy\" decoding=\"async\" class=\"aligncenter size-full wp-image-8685\" title=\"Targa Quintozoom Mondiali 2013\" src=\"https:\/\/fiaf.net\/regioni\/toscana\/wp-content\/uploads\/2013\/02\/Targa-Quintozoom-Mondiali-2013.jpg\" alt=\"\" width=\"704\" height=\"471\" srcset=\"https:\/\/fiaf.net\/toscana\/wp-content\/uploads\/sites\/10\/2013\/02\/Targa-Quintozoom-Mondiali-2013.jpg 704w, https:\/\/fiaf.net\/toscana\/wp-content\/uploads\/sites\/10\/2013\/02\/Targa-Quintozoom-Mondiali-2013-300x201.jpg 300w\" sizes=\"auto, (max-width: 704px) 100vw, 704px\" \/><\/a><\/p>\n<p style=\"text-align: center\">La mostra sar\u00e0 inaugurata il 15 febbraio, e rester\u00e0, insieme alle foto dei ragazzi delle scuole di Firenze, nella sede del S.m.s. di Peretola sino al 4 Marzo, poi sar\u00e0 riproposta nel periodo dei Mondiali nel Quartiere 5 Via Baracca a Firenze<\/p>\n\n    <div class=\"xs_social_share_widget xs_share_url after_content \t\tmain_content  wslu-style-1 wslu-share-box-shaped wslu-fill-colored wslu-none wslu-share-horizontal wslu-theme-font-no wslu-main_content\">\n\n\t\t\n        <ul>\n\t\t\t        <\/ul>\n    <\/div> \n","protected":false},"excerpt":{"rendered":"<p>La mostra sar\u00e0 inaugurata il 15 febbraio, e rester\u00e0, insieme alle foto dei ragazzi delle scuole di Firenze, nella sede &hellip;<\/p>\n","protected":false},"author":64,"featured_media":8684,"comment_status":"closed","ping_status":"open","sticky":false,"template":"","format":"standard","meta":{"_acf_changed":false,"footnotes":""},"categories":[7],"tags":[],"class_list":["post-8683","post","type-post","status-publish","format-standard","has-post-thumbnail","hentry","category-mostre"],"acf":[],"_links":{"self":[{"href":"https:\/\/fiaf.net\/toscana\/wp-json\/wp\/v2\/posts\/8683","targetHints":{"allow":["GET"]}}],"collection":[{"href":"https:\/\/fiaf.net\/toscana\/wp-json\/wp\/v2\/posts"}],"about":[{"href":"https:\/\/fiaf.net\/toscana\/wp-json\/wp\/v2\/types\/post"}],"author":[{"embeddable":true,"href":"https:\/\/fiaf.net\/toscana\/wp-json\/wp\/v2\/users\/64"}],"replies":[{"embeddable":true,"href":"https:\/\/fiaf.net\/toscana\/wp-json\/wp\/v2\/comments?post=8683"}],"version-history":[{"count":0,"href":"https:\/\/fiaf.net\/toscana\/wp-json\/wp\/v2\/posts\/8683\/revisions"}],"wp:featuredmedia":[{"embeddable":true,"href":"https:\/\/fiaf.net\/toscana\/wp-json\/wp\/v2\/media\/8684"}],"wp:attachment":[{"href":"https:\/\/fiaf.net\/toscana\/wp-json\/wp\/v2\/media?parent=8683"}],"wp:term":[{"taxonomy":"category","embeddable":true,"href":"https:\/\/fiaf.net\/toscana\/wp-json\/wp\/v2\/categories?post=8683"},{"taxonomy":"post_tag","embeddable":true,"href":"https:\/\/fiaf.net\/toscana\/wp-json\/wp\/v2\/tags?post=8683"}],"curies":[{"name":"wp","href":"https:\/\/api.w.org\/{rel}","templated":true}]}}