{"id":1119,"date":"2014-11-22T17:28:46","date_gmt":"2014-11-22T15:28:46","guid":{"rendered":"https:\/\/fiaf.net\/regioni\/trentino\/?p=1119"},"modified":"2014-11-22T17:28:46","modified_gmt":"2014-11-22T15:28:46","slug":"leggerezza-mostra-fotografica-del-fotoclub-immagine-merano","status":"publish","type":"post","link":"https:\/\/fiaf.net\/trentino\/leggerezza-mostra-fotografica-del-fotoclub-immagine-merano\/","title":{"rendered":"Leggerezza. Mostra fotografica del Fotoclub Immagine Merano"},"content":{"rendered":"<p><a href=\"https:\/\/fiaf.net\/trentino\/wp-content\/uploads\/sites\/6\/2014\/11\/cartolina-mostra.jpg\"><img loading=\"lazy\" decoding=\"async\" class=\"aligncenter size-full wp-image-1122\" alt=\"cartolina-mostra\" src=\"https:\/\/fiaf.net\/trentino\/wp-content\/uploads\/sites\/6\/2014\/11\/cartolina-mostra.jpg\" width=\"1402\" height=\"2971\" \/><\/a><\/p>\n<p>Il Fotoclub Immagine Merano vi invita alla serata inaugurale della mostra fotografica dei soci 2014 che si terr\u00e0 venerd\u00ec 28 novembre alle ore 20.30 presso la sala civica in via O. Huber 8, Merano. Nell&#8217;ambito della serata verranno proiettati gli audiovisivi fotografici realizzati dai soci del club. Sarete accolti con un piccolo buffet.<\/p>\n<p>Der Fotoclub Immagine Meran l\u00e4dt Sie zum Er\u00f6ffnungsabend der Fotoausstellung ein. Dieser findet am Freitag, 28. November, um 20.30 Uhr im B\u00fcrgersaal in der O.-Huber-Str. 8 in Meran, statt. Im Rahmen des Abends werden die Fotoprojektionen der Clubmitglieder gezeigt. Es erwartet Sie ein kleiner Umtrunk.<\/p>\n<p>Il presidente\/der Pr\u00e4sident<\/p>\n<p>FABRIZIO GIUSTI<\/p>\n<p style=\"text-align: center\"><a href=\"https:\/\/fiaf.net\/trentino\/wp-content\/uploads\/sites\/6\/2014\/11\/cartolina-mostra-retro.jpg\"><img loading=\"lazy\" decoding=\"async\" class=\"aligncenter  wp-image-1120\" alt=\"cartolina mostra retro\" src=\"https:\/\/fiaf.net\/trentino\/wp-content\/uploads\/sites\/6\/2014\/11\/cartolina-mostra-retro.jpg\" width=\"663\" height=\"319\" srcset=\"https:\/\/fiaf.net\/trentino\/wp-content\/uploads\/sites\/6\/2014\/11\/cartolina-mostra-retro.jpg 1105w, https:\/\/fiaf.net\/trentino\/wp-content\/uploads\/sites\/6\/2014\/11\/cartolina-mostra-retro-300x144.jpg 300w, https:\/\/fiaf.net\/trentino\/wp-content\/uploads\/sites\/6\/2014\/11\/cartolina-mostra-retro-1024x492.jpg 1024w, https:\/\/fiaf.net\/trentino\/wp-content\/uploads\/sites\/6\/2014\/11\/cartolina-mostra-retro-768x369.jpg 768w\" sizes=\"auto, (max-width: 663px) 100vw, 663px\" \/><\/a><\/p>\n\n    <div class=\"xs_social_share_widget xs_share_url after_content \t\tmain_content  wslu-style-1 wslu-share-box-shaped wslu-fill-colored wslu-none wslu-share-horizontal wslu-theme-font-no wslu-main_content\">\n\n\t\t\n        <ul>\n\t\t\t        <\/ul>\n    <\/div> \n","protected":false},"excerpt":{"rendered":"<p>Il Fotoclub Immagine Merano vi invita alla serata inaugurale della mostra fotografica dei soci 2014 che si terr\u00e0 venerd\u00ec 28 &hellip;<\/p>\n","protected":false},"author":64,"featured_media":1121,"comment_status":"closed","ping_status":"closed","sticky":false,"template":"","format":"standard","meta":{"_acf_changed":false,"footnotes":""},"categories":[3],"tags":[],"class_list":["post-1119","post","type-post","status-publish","format-standard","has-post-thumbnail","hentry","category-generale"],"acf":[],"_links":{"self":[{"href":"https:\/\/fiaf.net\/trentino\/wp-json\/wp\/v2\/posts\/1119","targetHints":{"allow":["GET"]}}],"collection":[{"href":"https:\/\/fiaf.net\/trentino\/wp-json\/wp\/v2\/posts"}],"about":[{"href":"https:\/\/fiaf.net\/trentino\/wp-json\/wp\/v2\/types\/post"}],"author":[{"embeddable":true,"href":"https:\/\/fiaf.net\/trentino\/wp-json\/wp\/v2\/users\/64"}],"replies":[{"embeddable":true,"href":"https:\/\/fiaf.net\/trentino\/wp-json\/wp\/v2\/comments?post=1119"}],"version-history":[{"count":0,"href":"https:\/\/fiaf.net\/trentino\/wp-json\/wp\/v2\/posts\/1119\/revisions"}],"wp:featuredmedia":[{"embeddable":true,"href":"https:\/\/fiaf.net\/trentino\/wp-json\/wp\/v2\/media\/1121"}],"wp:attachment":[{"href":"https:\/\/fiaf.net\/trentino\/wp-json\/wp\/v2\/media?parent=1119"}],"wp:term":[{"taxonomy":"category","embeddable":true,"href":"https:\/\/fiaf.net\/trentino\/wp-json\/wp\/v2\/categories?post=1119"},{"taxonomy":"post_tag","embeddable":true,"href":"https:\/\/fiaf.net\/trentino\/wp-json\/wp\/v2\/tags?post=1119"}],"curies":[{"name":"wp","href":"https:\/\/api.w.org\/{rel}","templated":true}]}}