{"id":1958,"date":"2019-08-12T16:59:53","date_gmt":"2019-08-12T14:59:53","guid":{"rendered":"https:\/\/fiaf.net\/regioni\/trentino\/?p=1958"},"modified":"2019-08-12T16:59:53","modified_gmt":"2019-08-12T14:59:53","slug":"frammenti-e-silenzio","status":"publish","type":"post","link":"https:\/\/fiaf.net\/trentino\/frammenti-e-silenzio\/","title":{"rendered":"FRAMMENTI E SILENZIO"},"content":{"rendered":"<p>Il Gruppo Fotoamatori Pergine, propone una mostra fotografica sulle ex carceri di Trento e Rovereto visitate nel 2013, 3 anni dopo la loro chiusura.<\/p>\n<p>L\u2019evento si inaugura\u00a0<strong>sabato\u00a014 SETTEMBRE alle ore 18.00<br \/>\n<\/strong><\/p>\n<p>Quando \u2013 il 14 giugno 2013 \u2013\u00a0 fu concesso ai fotoamatori di entrare nelle due strutture ormai vuote, si \u00e8 potuto toccare con mano questa realt\u00e0 per lo pi\u00f9 sconosciuta, respirare quella strana atmosfera di un passato recente che per lungo tempo ha fatto parte della vita della citt\u00e0.<br \/>\nLe piccole celle, le alte finestre che permettevano solo il passaggio della luce,\u00a0 la chiesa,\u00a0 il cortile, gli oggetti personali abbandonati\u00a0e tanti altri particolari testimoniavano lo scandire del tempo, momenti di vita quotidiana, pensieri ed emozioni espressi con forza da chi era costretto a condividere quegli spazi angusti.<br \/>\nVisitare e fotografare questi edifici, da poco dismessi, \u00e8 stata un\u2019esperienza molto significativa, ricca di emozioni, di conoscenze, di riflessioni che, con questa mostra, desideriamo condividere.<br \/>\nIl problema\u00a0<em>Carceri\u00a0<\/em>non \u00e8 un ricordo ma, purtroppo, ancora una triste e difficile realt\u00e0, con tanti lati oscuri e scarse risorse, soprattutto umane.<br \/>\nRimane un impegno politico e sociale che ci appartiene anche quando la struttura non \u00e8 pi\u00f9 al centro della citt\u00e0.<\/p>\n<p>La rassegna sar\u00e0 visitabile nello stand espositivo di Sala Maier a Pergine Valsugana tutti i giorni<strong>\u00a0dal\u00a014 al 20 settembre<\/strong>\u00a0dalle\u00a017.00 alle 20.00<\/p>\n<p><img decoding=\"async\" alt=\"\" src=\"https:\/\/www.fotoamatoripergine.it\/wp-content\/uploads\/2019\/09\/locandina-495x700.jpg\" \/><\/p>\n\n    <div class=\"xs_social_share_widget xs_share_url after_content \t\tmain_content  wslu-style-1 wslu-share-box-shaped wslu-fill-colored wslu-none wslu-share-horizontal wslu-theme-font-no wslu-main_content\">\n\n\t\t\n        <ul>\n\t\t\t        <\/ul>\n    <\/div> \n","protected":false},"excerpt":{"rendered":"<p>Il Gruppo Fotoamatori Pergine, propone una mostra fotografica sulle ex carceri di Trento e Rovereto visitate nel 2013, 3 anni &hellip;<\/p>\n","protected":false},"author":64,"featured_media":1959,"comment_status":"closed","ping_status":"closed","sticky":true,"template":"","format":"standard","meta":{"_acf_changed":false,"footnotes":""},"categories":[3],"tags":[],"class_list":["post-1958","post","type-post","status-publish","format-standard","has-post-thumbnail","hentry","category-generale"],"acf":[],"_links":{"self":[{"href":"https:\/\/fiaf.net\/trentino\/wp-json\/wp\/v2\/posts\/1958","targetHints":{"allow":["GET"]}}],"collection":[{"href":"https:\/\/fiaf.net\/trentino\/wp-json\/wp\/v2\/posts"}],"about":[{"href":"https:\/\/fiaf.net\/trentino\/wp-json\/wp\/v2\/types\/post"}],"author":[{"embeddable":true,"href":"https:\/\/fiaf.net\/trentino\/wp-json\/wp\/v2\/users\/64"}],"replies":[{"embeddable":true,"href":"https:\/\/fiaf.net\/trentino\/wp-json\/wp\/v2\/comments?post=1958"}],"version-history":[{"count":0,"href":"https:\/\/fiaf.net\/trentino\/wp-json\/wp\/v2\/posts\/1958\/revisions"}],"wp:featuredmedia":[{"embeddable":true,"href":"https:\/\/fiaf.net\/trentino\/wp-json\/wp\/v2\/media\/1959"}],"wp:attachment":[{"href":"https:\/\/fiaf.net\/trentino\/wp-json\/wp\/v2\/media?parent=1958"}],"wp:term":[{"taxonomy":"category","embeddable":true,"href":"https:\/\/fiaf.net\/trentino\/wp-json\/wp\/v2\/categories?post=1958"},{"taxonomy":"post_tag","embeddable":true,"href":"https:\/\/fiaf.net\/trentino\/wp-json\/wp\/v2\/tags?post=1958"}],"curies":[{"name":"wp","href":"https:\/\/api.w.org\/{rel}","templated":true}]}}