{"id":2417,"date":"2023-11-20T23:47:11","date_gmt":"2023-11-20T22:47:11","guid":{"rendered":"https:\/\/fiaf.net\/trentino\/?p=2417"},"modified":"2023-11-20T23:47:11","modified_gmt":"2023-11-20T22:47:11","slug":"tradizioni-merano","status":"publish","type":"post","link":"https:\/\/fiaf.net\/trentino\/tradizioni-merano\/","title":{"rendered":"TRADIZIONI &#8211; Merano"},"content":{"rendered":"<p><img loading=\"lazy\" decoding=\"async\" class=\"alignnone  wp-image-2418\" src=\"https:\/\/fiaf.net\/trentino\/wp-content\/uploads\/sites\/6\/2023\/11\/manifesto-mostra-2023.web_-scaled.jpg\" alt=\"\" width=\"523\" height=\"747\" srcset=\"https:\/\/fiaf.net\/trentino\/wp-content\/uploads\/sites\/6\/2023\/11\/manifesto-mostra-2023.web_-scaled.jpg 1792w, https:\/\/fiaf.net\/trentino\/wp-content\/uploads\/sites\/6\/2023\/11\/manifesto-mostra-2023.web_-210x300.jpg 210w, https:\/\/fiaf.net\/trentino\/wp-content\/uploads\/sites\/6\/2023\/11\/manifesto-mostra-2023.web_-717x1024.jpg 717w, https:\/\/fiaf.net\/trentino\/wp-content\/uploads\/sites\/6\/2023\/11\/manifesto-mostra-2023.web_-768x1097.jpg 768w, https:\/\/fiaf.net\/trentino\/wp-content\/uploads\/sites\/6\/2023\/11\/manifesto-mostra-2023.web_-1075x1536.jpg 1075w, https:\/\/fiaf.net\/trentino\/wp-content\/uploads\/sites\/6\/2023\/11\/manifesto-mostra-2023.web_-1434x2048.jpg 1434w\" sizes=\"auto, (max-width: 523px) 100vw, 523px\" \/><\/p>\n<p><b>Titolo della Mostra:<\/b>\u00a0&#8220;Tradizioni in Alto Adige &#8211; S\u00fcdtirol&#8221;.<\/p>\n<p><b>Organizzatore:<\/b>\u00a0Fotoclub Immagine Merano BFI (<a href=\"http:\/\/www.fotoclubimmagine.net\/\" target=\"_blank\" rel=\"noopener\" data-saferedirecturl=\"https:\/\/www.google.com\/url?q=http:\/\/www.fotoclubimmagine.net&amp;source=gmail&amp;ust=1700606524641000&amp;usg=AOvVaw2gV_X3T3FhiqjMEo_F7LEK\">www.fotoclubimmagine.net<\/a>)<br \/>\n<b>Tema:<\/b>\u00a0La mostra si concentra sulle tradizioni dell&#8217;Alto Adige, con un focus particolare su feste ed eventi tradizionali, oltre ad altri aspetti culturali della regione.<br \/>\n<b>Luogo:<\/b>\u00a0La mostra si terr\u00e0 a Merano, presso la sala esposizioni di Mairania 857, situata in Via Cavour, 1, 39012 Merano (BZ).<br \/>\n<b>Orari:<\/b>\u00a0La mostra sar\u00e0 aperta da luned\u00ec a sabato, dalle 15.30 alle 22.30. Chiusa domeniche e festivi.<\/p>\n<p><b>Descrizione Generale:<\/b>\u00a0Attraverso una serie di fotografie, la mostra cerca di catturare l&#8217;essenza delle tradizioni altoatesine, riflettendo su come queste si siano evolute e come continuino a influenzare la vita quotidiana nella regione.<br \/>\n<b>Intenzione Artistica:<\/b>\u00a0Gli organizzatori mirano a presentare un mix tra fotografia artistica e documentaria, offrendo uno sguardo sia moderno che tradizionale sulle usanze locali.<br \/>\n<b>Impatto Culturale:<\/b>\u00a0L&#8217;evento si propone come una celebrazione della ricca eredit\u00e0 culturale dell&#8217;Alto Adige, evidenziando il legame unico tra le persone, la loro storia e il paesaggio naturale.<br \/>\n<b>Pubblico Target:<\/b>\u00a0La mostra \u00e8 pensata per un pubblico ampio, includendo sia gli appassionati di fotografia che coloro interessati alla cultura e alla storia dell&#8217;Alto Adige.<\/p>\n<p>La citt\u00e0 di Merano si appresta a ospitare un evento che mette in luce la ricchezza culturale della regione: la mostra &#8216;Tradizioni in Alto Adige &#8211; S\u00fcdtirol&#8217;, curata con passione dal Fotoclub Immagine Merano BFI (<a href=\"http:\/\/www.fotoclubimmagine.net\/\" target=\"_blank\" rel=\"noopener\" data-saferedirecturl=\"https:\/\/www.google.com\/url?q=http:\/\/www.fotoclubimmagine.net&amp;source=gmail&amp;ust=1700606524641000&amp;usg=AOvVaw2gV_X3T3FhiqjMEo_F7LEK\">www.fotoclubimmagine.net<\/a>\u00a0|\u00a0<a href=\"mailto:info@fotoclubimmagine.net\" target=\"_blank\" rel=\"noopener\">info@fotoclubimmagine.net<\/a>). Questa esposizione si propone come una finestra aperta sulle tradizioni altoatesine, esplorando le feste e gli eventi che animano la vita delle sue comunit\u00e0. Le fotografie in mostra catturano momenti unici, mostrando il legame tra la gente e il loro patrimonio culturale in un modo che parole da sole non possono esprimere.<br \/>\nLa mostra, che rappresenta i lavori di fine anno dei membri del Fotoclub, offre uno sguardo autentico e personale sulle usanze locali, evidenziando il ruolo della fotografia come mezzo di narrazione e conservazione delle tradizioni. Si verr\u00e0 inaugurata l&#8217;1 Dicembre alle ore 19 e proseguir\u00e0 fino al 13 Dicembre, sempre presso la sala esposizioni di Mairania 857 in Via Cavour 1, a Merano, aperta da luned\u00ec a sabato dalle 15.30 alle 22.30. Si tratta di un&#8217;occasione imperdibile per chiunque sia interessato a scoprire le radici culturali dell&#8217;Alto Adige e le loro evoluzioni nel tempo.<br \/>\nIl Fotoclub Immagine Merano BFI, che organizza l&#8217;evento, \u00e8 un&#8217;associazione fondata nel 1990. Da allora, il club si \u00e8 dedicato alla diffusione della fotografia nei suoi vari aspetti, diventando un punto di riferimento prestigioso per la comunit\u00e0 meranese. Con sede in Via Vigneti 3, il Fotoclub \u00e8 un luogo di incontro e crescita per gli appassionati di fotografia, dove ogni gioved\u00ec i soci si ritrovano per condividere lavori, idee e approfondire aspetti tecnici e artistici dei vari generi fotografici.<br \/>\nIn concomitanza con la mostra &#8216;Tradizioni in Alto Adige &#8211; S\u00fcdtirol&#8217;, il Fotoclub Immagine Merano BFI inaugura la stagione dei tesseramenti per il 2024 e le iscrizioni al suo corso base di fotografia. Questo periodo dell&#8217;anno rappresenta un&#8217;opportunit\u00e0 ideale per chiunque sia interessato a entrare a far parte del mondo della fotografia. Il corso, pensato per principianti, offre un&#8217;introduzione completa sia alla tecnica sia alla composizione fotografica. Per coloro che desiderano esplorare questo affascinante hobby o per chi cerca un regalo originale per Natale, la mostra fornisce un&#8217;occasione perfetta per conoscere da vicino l&#8217;attivit\u00e0 del Fotoclub e i suoi membri.<br \/>\nLa mostra, oltre ad essere un&#8217;esposizione di immagini evocative, diventa cos\u00ec un punto di incontro per gli appassionati di fotografia e per chi \u00e8 curioso di scoprire di pi\u00f9 sul patrimonio culturale dell&#8217;Alto Adige. Il Fotoclub, con il suo impegno costante nella promozione della fotografia e nella valorizzazione della cultura locale, invita tutti a visitare la mostra e a cogliere l&#8217;opportunit\u00e0 di unirsi a una comunit\u00e0 che condivide la passione per l&#8217;arte visiva.<br \/>\nLa mostra &#8216;Tradizioni in Alto Adige &#8211; S\u00fcdtirol&#8217; \u00e8 quindi un evento che va oltre la semplice esposizione fotografica. \u00c8 un omaggio alla cultura locale, un invito alla scoperta e un&#8217;occasione per avvicinarsi al Fotoclub Immagine Merano BFI, contribuendo cos\u00ec attivamente alla vibrante attivit\u00e0 culturale della citt\u00e0 di Merano.<\/p>\n<p>&nbsp;<\/p>\n\n    <div class=\"xs_social_share_widget xs_share_url after_content \t\tmain_content  wslu-style-1 wslu-share-box-shaped wslu-fill-colored wslu-none wslu-share-horizontal wslu-theme-font-no wslu-main_content\">\n\n\t\t\n        <ul>\n\t\t\t        <\/ul>\n    <\/div> \n","protected":false},"excerpt":{"rendered":"<p>Titolo della Mostra:\u00a0&#8220;Tradizioni in Alto Adige &#8211; S\u00fcdtirol&#8221;. Organizzatore:\u00a0Fotoclub Immagine Merano BFI (www.fotoclubimmagine.net) Tema:\u00a0La mostra si concentra sulle tradizioni dell&#8217;Alto &hellip;<\/p>\n","protected":false},"author":40,"featured_media":2418,"comment_status":"closed","ping_status":"closed","sticky":true,"template":"","format":"standard","meta":{"_acf_changed":false,"footnotes":""},"categories":[3],"tags":[],"class_list":["post-2417","post","type-post","status-publish","format-standard","has-post-thumbnail","hentry","category-generale"],"acf":[],"_links":{"self":[{"href":"https:\/\/fiaf.net\/trentino\/wp-json\/wp\/v2\/posts\/2417","targetHints":{"allow":["GET"]}}],"collection":[{"href":"https:\/\/fiaf.net\/trentino\/wp-json\/wp\/v2\/posts"}],"about":[{"href":"https:\/\/fiaf.net\/trentino\/wp-json\/wp\/v2\/types\/post"}],"author":[{"embeddable":true,"href":"https:\/\/fiaf.net\/trentino\/wp-json\/wp\/v2\/users\/40"}],"replies":[{"embeddable":true,"href":"https:\/\/fiaf.net\/trentino\/wp-json\/wp\/v2\/comments?post=2417"}],"version-history":[{"count":1,"href":"https:\/\/fiaf.net\/trentino\/wp-json\/wp\/v2\/posts\/2417\/revisions"}],"predecessor-version":[{"id":2419,"href":"https:\/\/fiaf.net\/trentino\/wp-json\/wp\/v2\/posts\/2417\/revisions\/2419"}],"wp:featuredmedia":[{"embeddable":true,"href":"https:\/\/fiaf.net\/trentino\/wp-json\/wp\/v2\/media\/2418"}],"wp:attachment":[{"href":"https:\/\/fiaf.net\/trentino\/wp-json\/wp\/v2\/media?parent=2417"}],"wp:term":[{"taxonomy":"category","embeddable":true,"href":"https:\/\/fiaf.net\/trentino\/wp-json\/wp\/v2\/categories?post=2417"},{"taxonomy":"post_tag","embeddable":true,"href":"https:\/\/fiaf.net\/trentino\/wp-json\/wp\/v2\/tags?post=2417"}],"curies":[{"name":"wp","href":"https:\/\/api.w.org\/{rel}","templated":true}]}}