{"id":2432,"date":"2024-03-13T20:37:09","date_gmt":"2024-03-13T19:37:09","guid":{"rendered":"https:\/\/fiaf.net\/trentino\/?p=2432"},"modified":"2024-03-15T19:05:36","modified_gmt":"2024-03-15T18:05:36","slug":"il-mese-della-fotografia-bolzano","status":"publish","type":"post","link":"https:\/\/fiaf.net\/trentino\/il-mese-della-fotografia-bolzano\/","title":{"rendered":"IL MESE DELLA FOTOGRAFIA &#8211; Bolzano"},"content":{"rendered":"<div class=\"av-special-heading av-lr63ytcw-03b15c56e612a4ee8962e5d82abbeae0 av-special-heading-h2 blockquote modern-quote modern-centered  avia-builder-el-1  el_before_av_heading  avia-builder-el-first  av-inherit-size\">\n<h2 class=\"av-special-heading-tag\">IL MESE DELLA FOTOGRAFIA 2024<\/h2>\n<\/div>\n<div class=\"av-special-heading av-lr63z1qt-74f580ff99953921d51611ec50a680a5 av-special-heading-h3 blockquote modern-quote modern-centered  avia-builder-el-2  el_after_av_heading  avia-builder-el-last  av-inherit-size\">\n<h3 class=\"av-special-heading-tag\">Viaggio nel fotogiornalismo<\/h3>\n<div class=\"av-subheading av-subheading_below\">\n<p>Fotografie di Mario Dondero<\/p>\n<p><img loading=\"lazy\" decoding=\"async\" class=\"alignnone size-full wp-image-2434\" src=\"https:\/\/fiaf.net\/trentino\/wp-content\/uploads\/sites\/6\/2024\/02\/DONDERO_A3_-web-1053x1500-1.jpg\" alt=\"\" width=\"1053\" height=\"1500\" srcset=\"https:\/\/fiaf.net\/trentino\/wp-content\/uploads\/sites\/6\/2024\/02\/DONDERO_A3_-web-1053x1500-1.jpg 1053w, https:\/\/fiaf.net\/trentino\/wp-content\/uploads\/sites\/6\/2024\/02\/DONDERO_A3_-web-1053x1500-1-211x300.jpg 211w, https:\/\/fiaf.net\/trentino\/wp-content\/uploads\/sites\/6\/2024\/02\/DONDERO_A3_-web-1053x1500-1-719x1024.jpg 719w, https:\/\/fiaf.net\/trentino\/wp-content\/uploads\/sites\/6\/2024\/02\/DONDERO_A3_-web-1053x1500-1-768x1094.jpg 768w\" sizes=\"auto, (max-width: 1053px) 100vw, 1053px\" \/><\/p>\n<div class=\"flex_column av-xrcqls-a2b953ee67237107b48d3ddfa180051d av_one_full avia-builder-el-5 el_after_av_one_full el_before_av_hr first flex_column_div av-animated-generic fade-in column-top-margin avia_start_animation avia_start_delayed_animation\">\n<section class=\"av_textblock_section av-wnuewg-5491659ff04357a714ad0356ab7b9f32\">\n<div class=\"avia_textblock\">\n<p><strong>Inaugurazione:<\/strong>\u00a01 marzo 2024 ore 18.00<br \/>\n<strong>Periodo esposizione<\/strong>: 01 \u2013 23 marzo 2024<br \/>\n<strong>Luogo<\/strong>:\u00a0<a href=\"https:\/\/goo.gl\/maps\/yHQTV6TLGjzL6Sj56\" target=\"_blank\" rel=\"noopener\">Centro Trevi \u2013 TreviLab, \u00a0Via Cappuccini 28 \u2013 Bolzano<\/a><br \/>\n<strong>Orario<\/strong>: dal luned\u00ec al venerd\u00ec dalle ore 09:00 alle 18:00<\/p>\n<p>INGRESSO LIBERO<br \/>\nPer maggiori info scrivi\u00a0<a href=\"https:\/\/www.circolomodotti.bz.it\/pages\/contact\/\" target=\"_blank\" rel=\"noopener\">qui<\/a><\/p>\n<\/div>\n<\/section>\n<\/div>\n<div class=\"hr av-2e4ay8-a11e1be6ab5942a8a95d0ad28b504a4e hr-default  avia-builder-el-7  el_after_av_one_full  el_before_av_textblock \"><\/div>\n<section class=\"av_textblock_section av-lsddkocr-9e56d49bbd053b5480da5b1ca3c2ba4e\">\n<div class=\"avia_textblock\">\n<p>Negli ultimi anni, grazie al \u201c<strong>Mese della fotografia<\/strong>\u201d, abbiamo avuto modo di incontrare numerosi fotografi italiani. Quasi tutti hanno espresso la loro difficolt\u00e0 a continuare il mestiere di fotoreporter, soprattutto a causa delle trasformazioni che negli ultimi tempi hanno cambiato il modo di fare comunicazione, inclusa la perdita di riferimenti editoriali che prima pubblicavano e finanziavano il loro lavoro.<\/p>\n<p>Tuttavia, la crisi attuale del fotogiornalismo \u00e8 in gran parte legata a diversi fattori. In primo luogo, la transizione verso il digitale ha trasformato radicalmente il panorama dei media, rendendo pi\u00f9 semplice la condivisione immediata delle immagini ma generando al contempo un sovraccarico di informazioni visive. Inoltre, internet ha cambiato in modo radicale l\u2019accesso all\u2019informazione. Le notizie si avvicendano in modo sempre pi\u00f9 veloce, i video stanno sostituendo le fotografie e sono sempre pi\u00f9 utilizzati per documentare un avvenimento: ci si ferma sempre meno a guardare e riflettere sulle immagini.<\/p>\n<p>Un\u2019altra questione che il fotogiornalismo si trova ad affrontare \u00e8 la crescente sfida dell\u2019attendibilit\u00e0 e dell\u2019etica, ovvero quello che per il mondo digitale \u00e8 la comparsa dell\u2019intelligenza artificiale. La manipolazione delle immagini \u00e8 diventata pi\u00f9 semplice e la diffusione di fake news attraverso l\u2019uso di fotografie manipolate pu\u00f2 compromettere la fiducia del pubblico nel giornalismo visuale. La lotta per preservare l\u2019integrit\u00e0 del fotogiornalismo \u00e8 comunque in corso, poich\u00e9 la societ\u00e0 continua a navigare tra una sovrabbondanza di informazioni e una crescente necessit\u00e0 di una narrazione visiva autentica e accurata.<\/p>\n<p>Questi avvenimenti ci hanno portato a riflettere se non fosse il caso di tornare a quella che \u00e8 stata l\u2019origine della fotografia di reportage in Italia. Da qui il desiderio di incentrare il prossimo \u201cmese della fotografia\u201d sul fotogiornalismo italiano e sulla sua storia, anche attraverso la testimonianza diretta di alcuni dei suoi pi\u00f9 illustri protagonisti.<\/p>\n<p>Dedicare la mostra fotografica a\u00a0<strong>Mario Dondero<\/strong>, poter rendere omaggio a un fotografo che ha contribuito in modo significativo a documentare gli avvenimenti storici, sociali e culturali del nostro Paese nel secondo dopoguerra \u00e8 stato per noi un piacere, oltre che un onore.<\/p>\n<p>L\u2019essenzialit\u00e0 delle sue immagini, l\u2019assenza di effetti speciali, una naturale empatia verso i soggetti che riprende: sono questi i tratti distintivi che abbiamo apprezzato e accostano Mario Dondero alla fotografia che pi\u00f9 amiamo.<\/p>\n<p>Il fotogiornalismo italiano del dopoguerra ha svolto un ruolo significativo nel documentare e raccontare gli avvenimenti storici, politici, sociali e culturali del paese, il boom economico degli anni \u201850 e \u201860, le proteste degli anni \u201870, e i cambiamenti socioculturali degli anni \u201880 e \u201890.<br \/>\nSono stati molti i fotogiornalisti italiani che hanno contribuito in modo significativo a documentare la storia d\u2019Italia attraverso le loro immagini.<\/p>\n<p>___________________________________<\/p>\n<section class=\"av_textblock_section av-1ydtfk-7a41706b386d34cddf45a3b230510e1b\">\n<div class=\"avia_textblock\">\n<h4><strong>Le serate del fotoreportage<\/strong><\/h4>\n<\/div>\n<\/section>\n<div class=\"flex_column av-gy01kg-1b74a0e01451c0d36f92fb43910b2d5a av_one_full  avia-builder-el-13  el_after_av_textblock  el_before_av_textblock  first flex_column_div column-top-margin\">\n<section class=\"av_textblock_section av-lsddloz1-3c82ae96e2bef570e370e6ed430cb669\">\n<div class=\"avia_textblock\">\n<p>Per le serate successive all\u2019inaugurazione della mostra di Dondero, quindi, abbiamo invitato a Bolzano due grandi protagonisti della seconda met\u00e0 del Novecento:\u00a0<strong>Uliano Lucas<\/strong>\u00a0e\u00a0<strong>Ferdinando Scianna<\/strong>. Avremo l\u2019onore e il privilegio di ascoltare la loro esperienza e scoprire i loro lavori pi\u00f9 significativi. Inoltre, il legame di amicizia tra i nostri due ospiti e Mario Dondero ci permetter\u00e0 di avere una visione pi\u00f9 approfondita del grande maestro della fotografia documentaristica italiana. Termineremo il nostro \u201cmese della fotografia\u201d con un giovane fotogiornalista che rappresenta il possibile futuro di questo affascinante mestiere:\u00a0<strong>Matteo Bastianelli.<\/strong><\/p>\n<p>Matteo \u00e8 un fotografo, ma anche filmmaker, conosce e utilizza tutti gli strumenti pi\u00f9 innovativi per lavorare al meglio nella nuova frontiera della comunicazione.<\/p>\n<p>Nonostante queste sfide, il fotogiornalismo rimane un mezzo potente per dare voce alle persone e alle comunit\u00e0 colpite dalla crisi, per informare il pubblico e per ispirare azioni e cambiamenti. Gli occhi del mondo rimangono puntati sulle immagini che documentano la realt\u00e0 delle situazioni di crisi, spingendo i fotogiornalisti a trovare modi innovativi per superare le sfide e continuare a raccontare storie significative.<\/p>\n<p><img loading=\"lazy\" decoding=\"async\" class=\"alignnone size-full wp-image-2435\" src=\"https:\/\/fiaf.net\/trentino\/wp-content\/uploads\/sites\/6\/2024\/02\/Dondero-Invito_Retro_ok-copia-1500x714-1.jpg\" alt=\"\" width=\"1500\" height=\"714\" srcset=\"https:\/\/fiaf.net\/trentino\/wp-content\/uploads\/sites\/6\/2024\/02\/Dondero-Invito_Retro_ok-copia-1500x714-1.jpg 1500w, https:\/\/fiaf.net\/trentino\/wp-content\/uploads\/sites\/6\/2024\/02\/Dondero-Invito_Retro_ok-copia-1500x714-1-300x143.jpg 300w, https:\/\/fiaf.net\/trentino\/wp-content\/uploads\/sites\/6\/2024\/02\/Dondero-Invito_Retro_ok-copia-1500x714-1-1024x487.jpg 1024w, https:\/\/fiaf.net\/trentino\/wp-content\/uploads\/sites\/6\/2024\/02\/Dondero-Invito_Retro_ok-copia-1500x714-1-768x366.jpg 768w\" sizes=\"auto, (max-width: 1500px) 100vw, 1500px\" \/><\/p>\n<\/div>\n<\/section>\n<\/div>\n<\/div>\n<\/section>\n<\/div>\n<\/div>\n\n    <div class=\"xs_social_share_widget xs_share_url after_content \t\tmain_content  wslu-style-1 wslu-share-box-shaped wslu-fill-colored wslu-none wslu-share-horizontal wslu-theme-font-no wslu-main_content\">\n\n\t\t\n        <ul>\n\t\t\t        <\/ul>\n    <\/div> \n","protected":false},"excerpt":{"rendered":"<p>IL MESE DELLA FOTOGRAFIA 2024 Viaggio nel fotogiornalismo Fotografie di Mario Dondero Inaugurazione:\u00a01 marzo 2024 ore 18.00 Periodo esposizione: 01 &hellip;<\/p>\n","protected":false},"author":40,"featured_media":2433,"comment_status":"closed","ping_status":"closed","sticky":true,"template":"","format":"standard","meta":{"_acf_changed":false,"footnotes":""},"categories":[3],"tags":[],"class_list":["post-2432","post","type-post","status-publish","format-standard","has-post-thumbnail","hentry","category-generale"],"acf":[],"_links":{"self":[{"href":"https:\/\/fiaf.net\/trentino\/wp-json\/wp\/v2\/posts\/2432","targetHints":{"allow":["GET"]}}],"collection":[{"href":"https:\/\/fiaf.net\/trentino\/wp-json\/wp\/v2\/posts"}],"about":[{"href":"https:\/\/fiaf.net\/trentino\/wp-json\/wp\/v2\/types\/post"}],"author":[{"embeddable":true,"href":"https:\/\/fiaf.net\/trentino\/wp-json\/wp\/v2\/users\/40"}],"replies":[{"embeddable":true,"href":"https:\/\/fiaf.net\/trentino\/wp-json\/wp\/v2\/comments?post=2432"}],"version-history":[{"count":1,"href":"https:\/\/fiaf.net\/trentino\/wp-json\/wp\/v2\/posts\/2432\/revisions"}],"predecessor-version":[{"id":2436,"href":"https:\/\/fiaf.net\/trentino\/wp-json\/wp\/v2\/posts\/2432\/revisions\/2436"}],"wp:featuredmedia":[{"embeddable":true,"href":"https:\/\/fiaf.net\/trentino\/wp-json\/wp\/v2\/media\/2433"}],"wp:attachment":[{"href":"https:\/\/fiaf.net\/trentino\/wp-json\/wp\/v2\/media?parent=2432"}],"wp:term":[{"taxonomy":"category","embeddable":true,"href":"https:\/\/fiaf.net\/trentino\/wp-json\/wp\/v2\/categories?post=2432"},{"taxonomy":"post_tag","embeddable":true,"href":"https:\/\/fiaf.net\/trentino\/wp-json\/wp\/v2\/tags?post=2432"}],"curies":[{"name":"wp","href":"https:\/\/api.w.org\/{rel}","templated":true}]}}