{"id":2603,"date":"2025-09-12T15:44:39","date_gmt":"2025-09-12T13:44:39","guid":{"rendered":"https:\/\/fiaf.net\/trentino\/?p=2603"},"modified":"2025-11-10T08:33:38","modified_gmt":"2025-11-10T07:33:38","slug":"merano-stefano-schirato","status":"publish","type":"post","link":"https:\/\/fiaf.net\/trentino\/merano-stefano-schirato\/","title":{"rendered":"MERANO &#8211; STEFANO SCHIRATO"},"content":{"rendered":"<div >\n<div>Venerd\u00ec 19 settembre sar\u00e0 ospite del <strong>Fotoclub Immagine Merano BFI <\/strong>il fotoreporter <strong>Stefano Schirato.<\/strong><br \/>\nUna serata all&#8217;insegna della fotografia d&#8217;autore da non perdere. Centro per la Cultura di Merano ore 20.30<\/div>\n<\/div>\n<div ><\/div>\n<div ><strong>INGRESSO LIBERO<\/strong><\/div>\n<div >\n<div ><\/div>\n<\/div>\n<div >\n<div >&#8220;<strong>L&#8217;Elemento Umano<\/strong>: storie, memorie e fragilit\u00e0 di un fotogiornalista&#8221;.<\/div>\n<\/div>\n<div >\n<div >Stefano Schirato nasce a Bologna nel 1974, dove si laurea in Scienze Politiche. Lavora come fotografo freelance con un attento interesse sui temi sociali.<\/div>\n<div >Collabora con diverse riviste, associazioni e ONG quali Emergency, AVSI, Caritas Internationalis, ICMC, con le quali ha partecipato a progetti sui diritti umani, crisi dei rifugiati e immigrazione clandestina. Ha lavorato come fotografo di scena con il Premio Oscar Tornatore (Ba\u00e0ria, La Migliore Offerta), con Rocco Papaleo (Basilicata Coast to Coast), con Giuseppe Bonito (L\u2019Arminuta).<\/div>\n<div >Il suo lavoro \u00e8 stato pubblicato dal New York Times, CNN, Newsweek Japan, Vanity Fair, Al Jazeera, Le Figaro, Geo International, National Geographic.<\/div>\n<div >Ha diversi progetti in corso in Europa dell\u2019Est e in Africa sulla crisi dei rifugiati e negli ultimi 8 anni sta portando avanti un progetto sull&#8217;inquinamento e la corruzione in Italia. Dal 2014 \u00e8 docente di fotogiornalismo a Pescara, citt\u00e0 in cui vive, per la scuola Mood Photography, di cui \u00e8 socio fondatore.<\/div>\n<div >E\u2019 docente Leica Akademie Italia e insegna fotografia all\u2019Universit\u00e0 ISIA (Istituto Superiore per le Industrie Artistiche) di Pescara.<\/div>\n<\/div>\n<div ><\/div>\n<div >RICONOSCIMENTO FIAF E06\/2025<\/div>\n<div ><\/div>\n<div ><img loading=\"lazy\" decoding=\"async\" class=\"alignnone size-full wp-image-2604\" src=\"https:\/\/fiaf.net\/trentino\/wp-content\/uploads\/sites\/6\/2025\/09\/LOCANDINA-DOPPIA-SCHIRATO-WEB.jpg\" alt=\"\" width=\"1854\" height=\"1200\" srcset=\"https:\/\/fiaf.net\/trentino\/wp-content\/uploads\/sites\/6\/2025\/09\/LOCANDINA-DOPPIA-SCHIRATO-WEB.jpg 1854w, https:\/\/fiaf.net\/trentino\/wp-content\/uploads\/sites\/6\/2025\/09\/LOCANDINA-DOPPIA-SCHIRATO-WEB-300x194.jpg 300w, https:\/\/fiaf.net\/trentino\/wp-content\/uploads\/sites\/6\/2025\/09\/LOCANDINA-DOPPIA-SCHIRATO-WEB-1024x663.jpg 1024w, https:\/\/fiaf.net\/trentino\/wp-content\/uploads\/sites\/6\/2025\/09\/LOCANDINA-DOPPIA-SCHIRATO-WEB-768x497.jpg 768w, https:\/\/fiaf.net\/trentino\/wp-content\/uploads\/sites\/6\/2025\/09\/LOCANDINA-DOPPIA-SCHIRATO-WEB-1536x994.jpg 1536w\" sizes=\"auto, (max-width: 1854px) 100vw, 1854px\" \/><\/div>\n\n    <div class=\"xs_social_share_widget xs_share_url after_content \t\tmain_content  wslu-style-1 wslu-share-box-shaped wslu-fill-colored wslu-none wslu-share-horizontal wslu-theme-font-no wslu-main_content\">\n\n\t\t\n        <ul>\n\t\t\t        <\/ul>\n    <\/div> \n","protected":false},"excerpt":{"rendered":"<p>Venerd\u00ec 19 settembre sar\u00e0 ospite del Fotoclub Immagine Merano BFI il fotoreporter Stefano Schirato. Una serata all&#8217;insegna della fotografia d&#8217;autore &hellip;<\/p>\n","protected":false},"author":40,"featured_media":2605,"comment_status":"closed","ping_status":"closed","sticky":true,"template":"","format":"standard","meta":{"_acf_changed":false,"footnotes":""},"categories":[3],"tags":[],"class_list":["post-2603","post","type-post","status-publish","format-standard","has-post-thumbnail","hentry","category-generale"],"acf":[],"_links":{"self":[{"href":"https:\/\/fiaf.net\/trentino\/wp-json\/wp\/v2\/posts\/2603","targetHints":{"allow":["GET"]}}],"collection":[{"href":"https:\/\/fiaf.net\/trentino\/wp-json\/wp\/v2\/posts"}],"about":[{"href":"https:\/\/fiaf.net\/trentino\/wp-json\/wp\/v2\/types\/post"}],"author":[{"embeddable":true,"href":"https:\/\/fiaf.net\/trentino\/wp-json\/wp\/v2\/users\/40"}],"replies":[{"embeddable":true,"href":"https:\/\/fiaf.net\/trentino\/wp-json\/wp\/v2\/comments?post=2603"}],"version-history":[{"count":4,"href":"https:\/\/fiaf.net\/trentino\/wp-json\/wp\/v2\/posts\/2603\/revisions"}],"predecessor-version":[{"id":2610,"href":"https:\/\/fiaf.net\/trentino\/wp-json\/wp\/v2\/posts\/2603\/revisions\/2610"}],"wp:featuredmedia":[{"embeddable":true,"href":"https:\/\/fiaf.net\/trentino\/wp-json\/wp\/v2\/media\/2605"}],"wp:attachment":[{"href":"https:\/\/fiaf.net\/trentino\/wp-json\/wp\/v2\/media?parent=2603"}],"wp:term":[{"taxonomy":"category","embeddable":true,"href":"https:\/\/fiaf.net\/trentino\/wp-json\/wp\/v2\/categories?post=2603"},{"taxonomy":"post_tag","embeddable":true,"href":"https:\/\/fiaf.net\/trentino\/wp-json\/wp\/v2\/tags?post=2603"}],"curies":[{"name":"wp","href":"https:\/\/api.w.org\/{rel}","templated":true}]}}