{"id":631,"date":"2013-10-12T15:33:16","date_gmt":"2013-10-12T13:33:16","guid":{"rendered":"https:\/\/fiaf.net\/regioni\/trentino\/?p=631"},"modified":"2013-10-12T15:33:16","modified_gmt":"2013-10-12T13:33:16","slug":"op-pergine-progetto-ex-ospedale-psichiatrico","status":"publish","type":"post","link":"https:\/\/fiaf.net\/trentino\/op-pergine-progetto-ex-ospedale-psichiatrico\/","title":{"rendered":"OP! PERGINE | PROGETTO EX OSPEDALE PSICHIATRICO |"},"content":{"rendered":"<h2 style=\"text-align: center\"><strong>DA VENERDI 11 OTTOBRE<\/strong><\/h2>\n<h2 style=\"text-align: center\"><strong>PERGINE VALSUGANA (TN)<\/strong><br \/>\n<strong> Nuovo teatro Comunale | Piazza Garibaldi 5\/g<\/strong><\/h2>\n<h2 style=\"text-align: center\"><strong>OP! PERGINE | PROGETTO EX OSPEDALE PSICHIATRICO |<\/strong><\/h2>\n<p><strong>Da venerd\u00ec 11 ottobre<\/strong>, presso la sala espositiva del nuovo teatro comunale di Pergine Valsugana, \u00e8 possibile visitare la mostra realizzata dalla Fondazione Museo storico del Trentino in collaborazione con Pergine spettacolo aperto<\/p>\n<p><strong>\u00bb\u00bb\u00a0<a title=\"Il senso della follia\" href=\"http:\/\/fondazione.museostorico.it\/index.php\/Il-Museo\/Mostre-temporanee\/Il-senso-della-follia-120-anni-di-storia-dell-ospedale-di-Pergine-Valsugana-1882-2002\" target=\"_blank\" rel=\"noopener\">IL SENSO DELLA FOLLIA<\/a><\/strong><br \/>\n120 anni di storia dell&#8217;Ospedale di Pergine Valsugana<br \/>\n<strong>a cura di Rodolfo Taiani<\/strong><\/p>\n<p>Rispetto agli allestimenti precedenti, l&#8217;esposizione \u00e8 arricchita da alcune foto di \u00bb\u00bb\u00a0<strong><a title=\"OP! | rassegna fotografica di Luca Chist\u00e8 | \u00a9 2013 |\" href=\"http:\/\/www.lucachiste.com\/rlc\/Op\/OP.html\" target=\"_blank\" rel=\"noopener\">Luca Chist\u00e8<\/a><\/strong>\u00a0realizzate tra il 2008 e il 2009 all&#8217;interno dell&#8217;ex Ospedale psichiatrico, frutto di un pi\u00f9 ampio progetto dedicato alla citt\u00e0 di Pergine.<\/p>\n<p><a href=\"https:\/\/fiaf.net\/trentino\/wp-content\/uploads\/sites\/6\/2013\/10\/OP_19.jpg\"><img loading=\"lazy\" decoding=\"async\" class=\"alignnone size-full wp-image-632\" alt=\"OP_19\" src=\"https:\/\/fiaf.net\/trentino\/wp-content\/uploads\/sites\/6\/2013\/10\/OP_19.jpg\" width=\"800\" height=\"522\" srcset=\"https:\/\/fiaf.net\/trentino\/wp-content\/uploads\/sites\/6\/2013\/10\/OP_19.jpg 800w, https:\/\/fiaf.net\/trentino\/wp-content\/uploads\/sites\/6\/2013\/10\/OP_19-300x196.jpg 300w, https:\/\/fiaf.net\/trentino\/wp-content\/uploads\/sites\/6\/2013\/10\/OP_19-768x501.jpg 768w\" sizes=\"auto, (max-width: 800px) 100vw, 800px\" \/><\/a><\/p>\n<p>La mostra, organizzata nell&#8217;ambito di\u00a0<a title=\"OP! Progetto memoria ex Ospedale Psichiatrico di Pergine\" href=\"http:\/\/fondazione.museostorico.it\/index.php\/Progetti\/Progetti-attivi\/OP!-Pergine-progetto-memoria-ex-Ospedale-psichiatrico\" target=\"_blank\" rel=\"noopener\"><strong>OP! PERGINE: progetto memoria ex Ospedale psichiatrico<\/strong><\/a>, rimarr\u00e0 aperta fino al 18 novembre 2013 (da marted\u00ec a venerd\u00ec ore 16.00-20.00; sabato e domenica ore 16.00-22.00 . Ingresso libero).<\/p>\n<p>Per ulteriori informazioni :\u00bb\u00a0<a title=\"Rodolfo Taiani | Museo Storico |\" href=\"http:\/\/www.lucachiste.com\/Inviti\/info@museostorico.it\" target=\"_blank\" rel=\"noopener\">info@museostorico.it<\/a>\u00a0| tel. 0461.17 47 009\u00a0|<\/p>\n\n    <div class=\"xs_social_share_widget xs_share_url after_content \t\tmain_content  wslu-style-1 wslu-share-box-shaped wslu-fill-colored wslu-none wslu-share-horizontal wslu-theme-font-no wslu-main_content\">\n\n\t\t\n        <ul>\n\t\t\t        <\/ul>\n    <\/div> \n","protected":false},"excerpt":{"rendered":"<p>DA VENERDI 11 OTTOBRE PERGINE VALSUGANA (TN) Nuovo teatro Comunale | Piazza Garibaldi 5\/g OP! PERGINE | PROGETTO EX OSPEDALE &hellip;<\/p>\n","protected":false},"author":64,"featured_media":635,"comment_status":"closed","ping_status":"closed","sticky":false,"template":"","format":"standard","meta":{"_acf_changed":false,"footnotes":""},"categories":[3],"tags":[],"class_list":["post-631","post","type-post","status-publish","format-standard","has-post-thumbnail","hentry","category-generale"],"acf":[],"_links":{"self":[{"href":"https:\/\/fiaf.net\/trentino\/wp-json\/wp\/v2\/posts\/631","targetHints":{"allow":["GET"]}}],"collection":[{"href":"https:\/\/fiaf.net\/trentino\/wp-json\/wp\/v2\/posts"}],"about":[{"href":"https:\/\/fiaf.net\/trentino\/wp-json\/wp\/v2\/types\/post"}],"author":[{"embeddable":true,"href":"https:\/\/fiaf.net\/trentino\/wp-json\/wp\/v2\/users\/64"}],"replies":[{"embeddable":true,"href":"https:\/\/fiaf.net\/trentino\/wp-json\/wp\/v2\/comments?post=631"}],"version-history":[{"count":0,"href":"https:\/\/fiaf.net\/trentino\/wp-json\/wp\/v2\/posts\/631\/revisions"}],"wp:featuredmedia":[{"embeddable":true,"href":"https:\/\/fiaf.net\/trentino\/wp-json\/wp\/v2\/media\/635"}],"wp:attachment":[{"href":"https:\/\/fiaf.net\/trentino\/wp-json\/wp\/v2\/media?parent=631"}],"wp:term":[{"taxonomy":"category","embeddable":true,"href":"https:\/\/fiaf.net\/trentino\/wp-json\/wp\/v2\/categories?post=631"},{"taxonomy":"post_tag","embeddable":true,"href":"https:\/\/fiaf.net\/trentino\/wp-json\/wp\/v2\/tags?post=631"}],"curies":[{"name":"wp","href":"https:\/\/api.w.org\/{rel}","templated":true}]}}