{"id":1027,"date":"2020-11-29T17:13:13","date_gmt":"2020-11-29T15:13:13","guid":{"rendered":"https:\/\/fiaf.net\/regioni\/umbria\/?p=1027"},"modified":"2020-11-29T17:13:13","modified_gmt":"2020-11-29T15:13:13","slug":"federica-zucchini-autrice-dellanno-fiaf-regionale-umbria-2020","status":"publish","type":"post","link":"https:\/\/fiaf.net\/umbria\/federica-zucchini-autrice-dellanno-fiaf-regionale-umbria-2020\/","title":{"rendered":"Federica Zucchini Autrice dell&#8217;anno Fiaf regionale &#8211; Umbria 2020"},"content":{"rendered":"<p>Durante il convegno regionale Fiaf dell&#8217;umbria, tenutosi\u00a0 online domenica 22 novembre, si \u00e8 svolta la premiazione dell&#8217;autore dell&#8217;anno Fiaf regionale &#8211; Umbria 2020.<\/p>\n<p>La giuria composta da Massimo Agus, Enrico Genovesi e Saverio Langianni, ha proclamato vincitrice l&#8217;autrice folignate Federica Zucchini, con la seguente motivazione:<\/p>\n<div>&#8220;Nei propri lavori Federica Zucchini pone lo sguardo sulla sua vita familiare e la racconta con una densa poetica emozionale carica di intimit\u00e0. I momenti della quotidianit\u00e0 si trasfigurano in immagini di grande qualit\u00e0 fotografica e potenza visiva. L\u2019autrice costruisce i suoi portfolio con maturit\u00e0 espressiva e capacit\u00e0 di trascendere il particolare del proprio vissuto, tendendo verso un significato simbolico universale.&#8221;<\/div>\n<div><\/div>\n<div><\/div>\n<div><a href=\"https:\/\/fiaf.net\/umbria\/wp-content\/uploads\/sites\/11\/2020\/11\/Copia-di-Copy-of-Copy-of-Copy-of-Brown-Plain-Collages-Facebook-Post-1.png\"><img loading=\"lazy\" decoding=\"async\" class=\"alignleft size-full wp-image-1028\" alt=\"Copia di Copy of Copy of Copy of Brown Plain Collages Facebook Post (1)\" src=\"https:\/\/fiaf.net\/umbria\/wp-content\/uploads\/sites\/11\/2020\/11\/Copia-di-Copy-of-Copy-of-Copy-of-Brown-Plain-Collages-Facebook-Post-1.png\" width=\"940\" height=\"788\" srcset=\"https:\/\/fiaf.net\/umbria\/wp-content\/uploads\/sites\/11\/2020\/11\/Copia-di-Copy-of-Copy-of-Copy-of-Brown-Plain-Collages-Facebook-Post-1.png 940w, https:\/\/fiaf.net\/umbria\/wp-content\/uploads\/sites\/11\/2020\/11\/Copia-di-Copy-of-Copy-of-Copy-of-Brown-Plain-Collages-Facebook-Post-1-300x251.png 300w, https:\/\/fiaf.net\/umbria\/wp-content\/uploads\/sites\/11\/2020\/11\/Copia-di-Copy-of-Copy-of-Copy-of-Brown-Plain-Collages-Facebook-Post-1-768x644.png 768w\" sizes=\"auto, (max-width: 940px) 100vw, 940px\" \/><\/a><\/div>\n<div><\/div>\n\n    <div class=\"xs_social_share_widget xs_share_url after_content \t\tmain_content  wslu-style-1 wslu-share-box-shaped wslu-fill-colored wslu-none wslu-share-horizontal wslu-theme-font-no wslu-main_content\">\n\n\t\t\n        <ul>\n\t\t\t        <\/ul>\n    <\/div> \n","protected":false},"excerpt":{"rendered":"<p>Durante il convegno regionale Fiaf dell&#8217;umbria, tenutosi\u00a0 online domenica 22 novembre, si \u00e8 svolta la premiazione dell&#8217;autore dell&#8217;anno Fiaf regionale &hellip;<\/p>\n","protected":false},"author":64,"featured_media":1028,"comment_status":"closed","ping_status":"closed","sticky":false,"template":"","format":"standard","meta":{"_acf_changed":false,"footnotes":""},"categories":[5],"tags":[18,46,49,50],"class_list":["post-1027","post","type-post","status-publish","format-standard","has-post-thumbnail","hentry","category-generale","tag-autore-dellanno-regionale-fiaf-umbria","tag-federica-zucchini","tag-fiaf","tag-fiaf-umbria"],"acf":[],"_links":{"self":[{"href":"https:\/\/fiaf.net\/umbria\/wp-json\/wp\/v2\/posts\/1027","targetHints":{"allow":["GET"]}}],"collection":[{"href":"https:\/\/fiaf.net\/umbria\/wp-json\/wp\/v2\/posts"}],"about":[{"href":"https:\/\/fiaf.net\/umbria\/wp-json\/wp\/v2\/types\/post"}],"author":[{"embeddable":true,"href":"https:\/\/fiaf.net\/umbria\/wp-json\/wp\/v2\/users\/64"}],"replies":[{"embeddable":true,"href":"https:\/\/fiaf.net\/umbria\/wp-json\/wp\/v2\/comments?post=1027"}],"version-history":[{"count":0,"href":"https:\/\/fiaf.net\/umbria\/wp-json\/wp\/v2\/posts\/1027\/revisions"}],"wp:featuredmedia":[{"embeddable":true,"href":"https:\/\/fiaf.net\/umbria\/wp-json\/wp\/v2\/media\/1028"}],"wp:attachment":[{"href":"https:\/\/fiaf.net\/umbria\/wp-json\/wp\/v2\/media?parent=1027"}],"wp:term":[{"taxonomy":"category","embeddable":true,"href":"https:\/\/fiaf.net\/umbria\/wp-json\/wp\/v2\/categories?post=1027"},{"taxonomy":"post_tag","embeddable":true,"href":"https:\/\/fiaf.net\/umbria\/wp-json\/wp\/v2\/tags?post=1027"}],"curies":[{"name":"wp","href":"https:\/\/api.w.org\/{rel}","templated":true}]}}