{"id":1209,"date":"2021-03-13T23:33:18","date_gmt":"2021-03-13T21:33:18","guid":{"rendered":"https:\/\/fiaf.net\/regioni\/umbria\/?p=1209"},"modified":"2021-03-13T23:33:18","modified_gmt":"2021-03-13T21:33:18","slug":"officine-creative-italiane-presenta-letture-portfolio-online","status":"publish","type":"post","link":"https:\/\/fiaf.net\/umbria\/officine-creative-italiane-presenta-letture-portfolio-online\/","title":{"rendered":"OFFICINE CREATIVE ITALIANE PRESENTA: LETTURE PORTFOLIO ONLINE"},"content":{"rendered":"<div>\n<div dir=\"auto\">OFFICINE CREATIVE ITALIANE PRESENTA<\/div>\n<\/div>\n<div>\n<div dir=\"auto\">Luned\u00ec 15 marzo 2021 collegamento ore 21:15<\/div>\n<div dir=\"auto\">LETTURE PORTFOLIO ONLINE<\/div>\n<div dir=\"auto\">Con Maurizio Beucci, fotografo, Docente e Direttore\u00a0Leica Akademie Italy;\u00a0Claudia Ioan, fotografa Docente e Lettrice della Fotografia FIAF;\u00a0Massimiliano Tuveri, fotografo, Docente e Lettore della Fotografia FIAF.<\/div>\n<div dir=\"auto\"><\/div>\n<\/div>\n<div>\n<div dir=\"auto\">Questo \u00e8 il link per assistere:<\/div>\n<div dir=\"auto\"><\/div>\n<div dir=\"auto\"><a role=\"link\" href=\"https:\/\/officinecreativeitaliane.my.webex.com\/meet\/info?fbclid=IwAR2K0tbevGdr1zF9rmS4AYewGEmPJsswAOHaWXxqtgjLxfy4y5MvQsEHtK8\" target=\"_blank\" rel=\"nofollow noopener\">https:\/\/officinecreativeitaliane.my.webex.com\/meet\/info<\/a><\/div>\n<div dir=\"auto\"><\/div>\n<div dir=\"auto\">Evento a partecipazione libera. Ove si raggiunga il limite di presenze consentito dalla piattaforma, sar\u00e0 attivata la diretta streaming sulla Pagina di Officine Creative Italiane.Questa serata rappresenta una splendida occasione per proporre il proprio lavoro fotografico e conoscere interpretazione e Lettura da parte di Maurizio Beucci, una figura chiave nella fotografia italiana. Nella serata il mondo del professionismo in fotografia si incontrer\u00e0 con la FIAF\u00a0e il suo pubblico in un dialogo sicuramente stimolante e fruttuoso per tutti: l&#8217;arricchimento, come sempre, \u00e8 nel confronto.<\/div>\n<\/div>\n<div>\n<div dir=\"auto\"><\/div>\n<\/div>\n<div>\n<div dir=\"auto\">Si tratta di una nuova e importante serata di un ciclo di incontri interamente dedicati al Portfolio fotografico come espressione di progettualit\u00e0 e di fotografia consapevole finalizzata alla comunicazione di contenuti e narrazioni mediante i pi\u00f9 vari linguaggi. Il Portfolio fotografico rappresenta una delle modalit\u00e0 mediante cui sempre pi\u00f9 emerge l\u2019autorialit\u00e0 oggi; la Lettura Portfolio consente il confronto costruttivo e la condivisione. Intenzione dell\u2019autore e interpretazione dell\u2019opera si riuniscono cos\u00ec all\u2019interno di un dialogo fruttuoso, momento e motivo di crescita per tutti coloro che vogliano entrare per l\u2019appunto da autori nel mondo della fotografia.<\/div>\n<div dir=\"auto\">Il ciclo di serate di Lettura Portfolio si articoler\u00e0 con cadenza regolare nell\u2019arco dei prossimi mesi e sar\u00e0 a partecipazione libera da tutta Italia.<\/div>\n<div dir=\"auto\"><\/div>\n<\/div>\n<div>\n<div dir=\"auto\">I Lettori Portfolio del 15 marzo saranno:<\/div>\n<div dir=\"auto\">&#8211; MAURIZIO BEUCCI, fotografo, docente e direttore di Leica Akademie Italy. \u00c9 Photographic Assets Manager di\u00a0Leica Camera\u00a0Italia, per la quale cura le risorse fotografiche e le relazioni con i fotografi.<\/div>\n<\/div>\n<div>\n<div dir=\"auto\">I suoi lavori sono stati esposti in varie gallerie d&#8217;Europa, dalla Somerset House di Londra alla Leica Galerie di Milano e sono stati pubblicati in numerose riviste nazionali e internazionali.<\/div>\n<div dir=\"auto\">\u00c9 studioso di storia della fotografia e di postfotografia della quale ne osserva i valori di pensiero visivo e le sue applicazioni.<\/div>\n<div dir=\"auto\"><\/div>\n<div dir=\"auto\">&#8211; CLAUDIA IOAN, fotografa professionista Certified By Leica, Docente FIAF e Leica Akademie Italy; Lettrice della Fotografia; Tutor Fotografico FIAF; Coordinatrice Didattica FIAF Centro Italia; Referente GAU &#8211; Gruppo Audiovisivi Umbria DiAF; co-fondatrice e Presidente di Officine Creative Italiane. \u00c8 contributor di vari magazine; nel 2020 \u00e8 stata in mostra all&#8217;ICP &#8211; International Center of Photography\u00a0di New York.<\/div>\n<div dir=\"auto\"><\/div>\n<\/div>\n<div>\n<div dir=\"auto\">&#8211; MASSIMILIANO TUVERI, fotografo professionista Certified By Leica, Docente FIAF; LettORE della Fotografia; Tutor Fotografico FIAF; co-referente Didattica FIAF Centro Italia; Referente GAL &#8211; Gruppo Audiovisivi Lazio DiAF; co-fondatore e Vice-Presidente di Officine Creative Italiane. \u00c8 contributor di vari magazine.<\/div>\n<div dir=\"auto\"><\/div>\n<div dir=\"auto\">SERATA ONLINE ORGANIZZATA NELL&#8217;AMBITO DELL\u2019ATTUALE OFFERTA\u00a0FIAF\u00a02021 a cura dell\u2019Associazione culturale fotografica Officine Creative Italiane, Perugia.<\/div>\n<\/div>\n<div>\n<div dir=\"auto\">Per informazioni:<\/div>\n<div dir=\"auto\">info@officinecreativeitaliane.com<\/div>\n<div dir=\"auto\"><\/div>\n<div dir=\"auto\"><\/div>\n<div dir=\"auto\"><\/div>\n<div dir=\"auto\"><\/div>\n<div dir=\"auto\"><\/div>\n<div dir=\"auto\"><a href=\"https:\/\/fiaf.net\/umbria\/wp-content\/uploads\/sites\/11\/2021\/03\/Post-Officine-Creative-Italiane-3.png\"><img loading=\"lazy\" decoding=\"async\" class=\"alignleft size-large wp-image-1210\" alt=\"Post Officine Creative Italiane-3\" src=\"https:\/\/fiaf.net\/umbria\/wp-content\/uploads\/sites\/11\/2021\/03\/Post-Officine-Creative-Italiane-3-1024x858.png\" width=\"1024\" height=\"858\" srcset=\"https:\/\/fiaf.net\/umbria\/wp-content\/uploads\/sites\/11\/2021\/03\/Post-Officine-Creative-Italiane-3-1024x858.png 1024w, https:\/\/fiaf.net\/umbria\/wp-content\/uploads\/sites\/11\/2021\/03\/Post-Officine-Creative-Italiane-3-300x251.png 300w, https:\/\/fiaf.net\/umbria\/wp-content\/uploads\/sites\/11\/2021\/03\/Post-Officine-Creative-Italiane-3-768x644.png 768w, https:\/\/fiaf.net\/umbria\/wp-content\/uploads\/sites\/11\/2021\/03\/Post-Officine-Creative-Italiane-3-1536x1288.png 1536w, https:\/\/fiaf.net\/umbria\/wp-content\/uploads\/sites\/11\/2021\/03\/Post-Officine-Creative-Italiane-3.png 1880w\" sizes=\"auto, (max-width: 1024px) 100vw, 1024px\" \/><\/a> <a href=\"https:\/\/fiaf.net\/umbria\/wp-content\/uploads\/sites\/11\/2021\/03\/Schermata-2021-03-11-alle-09.44.57.png\"><img loading=\"lazy\" decoding=\"async\" class=\"alignleft size-large wp-image-1211\" alt=\"Schermata 2021-03-11 alle 09.44.57\" src=\"https:\/\/fiaf.net\/umbria\/wp-content\/uploads\/sites\/11\/2021\/03\/Schermata-2021-03-11-alle-09.44.57.png\" width=\"1020\" height=\"1018\" srcset=\"https:\/\/fiaf.net\/umbria\/wp-content\/uploads\/sites\/11\/2021\/03\/Schermata-2021-03-11-alle-09.44.57.png 1020w, https:\/\/fiaf.net\/umbria\/wp-content\/uploads\/sites\/11\/2021\/03\/Schermata-2021-03-11-alle-09.44.57-300x300.png 300w, https:\/\/fiaf.net\/umbria\/wp-content\/uploads\/sites\/11\/2021\/03\/Schermata-2021-03-11-alle-09.44.57-150x150.png 150w, https:\/\/fiaf.net\/umbria\/wp-content\/uploads\/sites\/11\/2021\/03\/Schermata-2021-03-11-alle-09.44.57-768x766.png 768w\" sizes=\"auto, (max-width: 1020px) 100vw, 1020px\" \/><\/a><\/div>\n<\/div>\n\n    <div class=\"xs_social_share_widget xs_share_url after_content \t\tmain_content  wslu-style-1 wslu-share-box-shaped wslu-fill-colored wslu-none wslu-share-horizontal wslu-theme-font-no wslu-main_content\">\n\n\t\t\n        <ul>\n\t\t\t        <\/ul>\n    <\/div> \n","protected":false},"excerpt":{"rendered":"<p>OFFICINE CREATIVE ITALIANE PRESENTA Luned\u00ec 15 marzo 2021 collegamento ore 21:15 LETTURE PORTFOLIO ONLINE Con Maurizio Beucci, fotografo, Docente e &hellip;<\/p>\n","protected":false},"author":64,"featured_media":1210,"comment_status":"closed","ping_status":"closed","sticky":false,"template":"","format":"standard","meta":{"_acf_changed":false,"footnotes":""},"categories":[2,5,6],"tags":[25,32,41,42,49,54,68,86,87,98,103,106,140],"class_list":["post-1209","post","type-post","status-publish","format-standard","has-post-thumbnail","hentry","category-attivita-circoli","category-generale","category-manifestazioni","tag-claudia-ioan","tag-cultura-fotografica","tag-dipartimento-cultura-fiaf","tag-dipartimento-didattica-fiaf","tag-fiaf","tag-fotografia","tag-incontri-online","tag-letture-portfolio","tag-letture-portfolio-online","tag-masssimiliano-tuveri","tag-officine-creative-italiane","tag-perugia","tag-umbria"],"acf":[],"_links":{"self":[{"href":"https:\/\/fiaf.net\/umbria\/wp-json\/wp\/v2\/posts\/1209","targetHints":{"allow":["GET"]}}],"collection":[{"href":"https:\/\/fiaf.net\/umbria\/wp-json\/wp\/v2\/posts"}],"about":[{"href":"https:\/\/fiaf.net\/umbria\/wp-json\/wp\/v2\/types\/post"}],"author":[{"embeddable":true,"href":"https:\/\/fiaf.net\/umbria\/wp-json\/wp\/v2\/users\/64"}],"replies":[{"embeddable":true,"href":"https:\/\/fiaf.net\/umbria\/wp-json\/wp\/v2\/comments?post=1209"}],"version-history":[{"count":0,"href":"https:\/\/fiaf.net\/umbria\/wp-json\/wp\/v2\/posts\/1209\/revisions"}],"wp:featuredmedia":[{"embeddable":true,"href":"https:\/\/fiaf.net\/umbria\/wp-json\/wp\/v2\/media\/1210"}],"wp:attachment":[{"href":"https:\/\/fiaf.net\/umbria\/wp-json\/wp\/v2\/media?parent=1209"}],"wp:term":[{"taxonomy":"category","embeddable":true,"href":"https:\/\/fiaf.net\/umbria\/wp-json\/wp\/v2\/categories?post=1209"},{"taxonomy":"post_tag","embeddable":true,"href":"https:\/\/fiaf.net\/umbria\/wp-json\/wp\/v2\/tags?post=1209"}],"curies":[{"name":"wp","href":"https:\/\/api.w.org\/{rel}","templated":true}]}}