{"id":1655,"date":"2022-02-27T21:17:17","date_gmt":"2022-02-27T20:17:17","guid":{"rendered":"https:\/\/fiaf.net\/umbria\/?p=1655"},"modified":"2022-02-27T21:17:17","modified_gmt":"2022-02-27T20:17:17","slug":"polaroid-storia-della-fotografia-istantanea","status":"publish","type":"post","link":"https:\/\/fiaf.net\/umbria\/polaroid-storia-della-fotografia-istantanea\/","title":{"rendered":"POLAROID &#8211; STORIA DELLA FOTOGRAFIA ISTANTANEA"},"content":{"rendered":"<div class=\"cxmmr5t8 oygrvhab kvgmc6g5 hcukyx3x c1et5uql ii04i59q\">\n<div class=\"\" dir=\"auto\"><span class=\"\" style=\"font-family: AvenirNext-Regular;font-size: small\">OFFICINE CREATIVE ITALIANE presenta<\/span><\/div>\n<\/div>\n<div class=\"cxmmr5t8 oygrvhab hcukyx3x o9v6fnle c1et5uql ii04i59q\">\n<div class=\"\" dir=\"auto\"><span class=\"\" style=\"font-family: AvenirNext-Regular;font-size: small\">POLAROID &#8211; STORIA DELLA FOTOGRAFIA ISTANTANEA <\/span><\/div>\n<div class=\"\" dir=\"auto\"><span class=\"\" style=\"font-family: AvenirNext-Regular;font-size: small\">Seminario di Fotografia ONLINE<\/span><\/div>\n<div class=\"\" dir=\"auto\"><span class=\"\" style=\"font-family: AvenirNext-Regular;font-size: small\">A cura di Claudia Ioan, DirettriceDipartimento Didattica FIAF<\/span><\/div>\n<div class=\"\" dir=\"auto\"><strong><span class=\"\" style=\"font-family: AvenirNext-Regular;font-size: small\">LUNED\u00cc 27 FEBBRAIO COLLEGAMENTO ORE 21:15<\/span><\/strong><\/div>\n<\/div>\n<div class=\"cxmmr5t8 oygrvhab hcukyx3x o9v6fnle c1et5uql ii04i59q\">\n<div class=\"\" dir=\"auto\"><span class=\"\" style=\"font-family: AvenirNext-Regular;font-size: small\"><span class=\"\" style=\"color: #050505\"><span class=\"\">Se diciamo Polaroid, ci vengono immediatamente alla mente i grandi fotografi che ne hanno fatto una loro firma, Andy Warhol in testa. La fotografia istantanea ci accompagna ormai da 70 anni grazie all\u2019intuizione e invenzione di una pellicola che consent\u00ec finalmente di visionare l&#8217;immagine immediatamente dopo essere stata impressa; e non ha perso il suo fascino. Utilizzata indifferentemente da appassionati e professionisti, incarna da decenni una filosofia fotografica ben precisa: immortalare l\u2019attimo con un\u2019opera unica.<\/span><\/span><\/span><\/div>\n<\/div>\n<div class=\"cxmmr5t8 oygrvhab hcukyx3x o9v6fnle c1et5uql ii04i59q\">\n<div class=\"\" dir=\"auto\"><span class=\"\" style=\"font-family: AvenirNext-Regular;font-size: small\">POLAROID &#8211; STORIA DELLA FOTOGRAFIA ISTANTANEA fa parte dei Seminari di Fotografia online del luned\u00ec di Officine Creative Italiane a cura di Claudia Ioan, Direttrice DiD FIAF, Docente universitaria di Fotografia e Storia della Fotografia, fotografa professionista Certified By <a class=\"esr5mh6w nhd2j8a9 kvgmc6g5 cxmmr5t8 rz4wbd8a qt6c0cv9 p7hjln8o r7d6kgcz rq0escxv f1sip0of e9989ue4 oygrvhab qu0x051f i1ao9s8h esuyzwwr gpro0wi8 b1v8xokw a8nywdso lzcic4wl nc684nl6 jb3vyjys hcukyx3x oajrlxb2 q66pz984 g5ia77u1\" href=\"https:\/\/www.facebook.com\/LeicaCameraItalia\/?__cft__[0]=AZWxyWsWwNgsMMMIs_tDfGnOYAHUF_haci122WYeqXlJ5EItCRxP2FyBQxsa9IbMGwZ12N3MUc0mVRmPVoWLGuQ_IwWZ7X3OmLw3ycTFQedDvxlNCH_Do1p2ym8AGTRpYTiu7r7d1nVaJ6yVeyq27voO&amp;__tn__=kK-R\" target=\"_blank\" rel=\"noopener\"><span class=\"nc684nl6\">Leica Camera<\/span><\/a> Italia e Docente <a class=\"esr5mh6w nhd2j8a9 kvgmc6g5 cxmmr5t8 rz4wbd8a qt6c0cv9 p7hjln8o r7d6kgcz rq0escxv f1sip0of e9989ue4 oygrvhab qu0x051f i1ao9s8h esuyzwwr gpro0wi8 b1v8xokw a8nywdso lzcic4wl nc684nl6 jb3vyjys hcukyx3x oajrlxb2 q66pz984 g5ia77u1\" href=\"https:\/\/www.facebook.com\/leicaAkademieItaly\/?__cft__[0]=AZWxyWsWwNgsMMMIs_tDfGnOYAHUF_haci122WYeqXlJ5EItCRxP2FyBQxsa9IbMGwZ12N3MUc0mVRmPVoWLGuQ_IwWZ7X3OmLw3ycTFQedDvxlNCH_Do1p2ym8AGTRpYTiu7r7d1nVaJ6yVeyq27voO&amp;__tn__=kK-R\" target=\"_blank\" rel=\"noopener\"><span class=\"nc684nl6\">Leica Akademie Italy<\/span><\/a>, co-fondatrice dell&#8217;Associazione culturale fotografica Officine Creative Italiane.<\/span><\/div>\n<\/div>\n<div class=\"cxmmr5t8 oygrvhab hcukyx3x o9v6fnle c1et5uql ii04i59q\">\n<div class=\"\" dir=\"auto\"><span class=\"\" style=\"font-family: AvenirNext-Regular;font-size: small\">I Seminari di Fotografia Online 2020-21 di Officine Creative Italiane, Associazione culturale fotografica con sede a Perugia e online, sono un&#8217;attivit\u00e0 annuale (da settembre a luglio) di formazione culturale permanente con cadenza settimanale a partecipazione gratuita, con RICONOSCIMENTO FIAF N15\/2021; questa serata \u00e8 riservata agli associati ordinari e ai titolari della Tessera Online di Officine Creative Italiane.<\/span><\/div>\n<\/div>\n<div class=\"cxmmr5t8 oygrvhab hcukyx3x o9v6fnle c1et5uql ii04i59q\">\n<div class=\"\" dir=\"auto\"><span class=\"\" style=\"font-family: AvenirNext-Regular;font-size: small\">I Soci troveranno il link per la partecipazione nel Gruppo Facebook di Associazione.<\/span><\/div>\n<\/div>\n<div class=\"cxmmr5t8 oygrvhab hcukyx3x o9v6fnle c1et5uql ii04i59q\">\n<div class=\"\" dir=\"auto\"><span class=\"\" style=\"font-family: AvenirNext-Regular;font-size: small\">Volete partecipare? \u00c8 facilissimo! La Tessera Online di Officine Creative Italiane \u00e8 a disposizione con validit\u00e0 al 31 dicembre 2022 al prezzo simbolico di 12\u20ac.<\/span><\/div>\n<div class=\"\" dir=\"auto\"><span class=\"\" style=\"font-family: AvenirNext-Regular;font-size: small\">Chiedeteci tutte le informazioni:<\/span><\/div>\n<div class=\"\" dir=\"auto\"><span class=\"\" style=\"font-family: AvenirNext-Regular;font-size: small\"><a class=\"mailto-link\" href=\"mailto:info@officinecreativeitaliane.com\" target=\"_blank\" rel=\"noopener\">info@officinecreativeitaliane.com<\/a><\/span><\/div>\n<\/div>\n<h6>(Fotografia di Nino Migliori \u00a9)<\/h6>\n<p><img loading=\"lazy\" decoding=\"async\" class=\"alignnone size-medium wp-image-1657\" src=\"https:\/\/fiaf.net\/umbria\/wp-content\/uploads\/sites\/11\/2022\/02\/Post-Officine-Creative-Italiane-1-1-300x251.jpg\" alt=\"\" width=\"300\" height=\"251\" srcset=\"https:\/\/fiaf.net\/umbria\/wp-content\/uploads\/sites\/11\/2022\/02\/Post-Officine-Creative-Italiane-1-1-300x251.jpg 300w, https:\/\/fiaf.net\/umbria\/wp-content\/uploads\/sites\/11\/2022\/02\/Post-Officine-Creative-Italiane-1-1-1024x858.jpg 1024w, https:\/\/fiaf.net\/umbria\/wp-content\/uploads\/sites\/11\/2022\/02\/Post-Officine-Creative-Italiane-1-1-768x644.jpg 768w, https:\/\/fiaf.net\/umbria\/wp-content\/uploads\/sites\/11\/2022\/02\/Post-Officine-Creative-Italiane-1-1-1536x1288.jpg 1536w, https:\/\/fiaf.net\/umbria\/wp-content\/uploads\/sites\/11\/2022\/02\/Post-Officine-Creative-Italiane-1-1.jpg 1880w\" sizes=\"auto, (max-width: 300px) 100vw, 300px\" \/><\/p>\n\n    <div class=\"xs_social_share_widget xs_share_url after_content \t\tmain_content  wslu-style-1 wslu-share-box-shaped wslu-fill-colored wslu-none wslu-share-horizontal wslu-theme-font-no wslu-main_content\">\n\n\t\t\n        <ul>\n\t\t\t        <\/ul>\n    <\/div> \n","protected":false},"excerpt":{"rendered":"<p>OFFICINE CREATIVE ITALIANE presenta POLAROID &#8211; STORIA DELLA FOTOGRAFIA ISTANTANEA Seminario di Fotografia ONLINE A cura di Claudia Ioan, DirettriceDipartimento &hellip;<\/p>\n","protected":false},"author":3,"featured_media":1657,"comment_status":"closed","ping_status":"closed","sticky":false,"template":"","format":"standard","meta":{"_acf_changed":false,"footnotes":""},"categories":[2,5],"tags":[25,42,50,103,121,122],"class_list":["post-1655","post","type-post","status-publish","format-standard","has-post-thumbnail","hentry","category-attivita-circoli","category-generale","tag-claudia-ioan","tag-dipartimento-didattica-fiaf","tag-fiaf-umbria","tag-officine-creative-italiane","tag-seminari-di-fotografia","tag-seminari-online"],"acf":[],"_links":{"self":[{"href":"https:\/\/fiaf.net\/umbria\/wp-json\/wp\/v2\/posts\/1655","targetHints":{"allow":["GET"]}}],"collection":[{"href":"https:\/\/fiaf.net\/umbria\/wp-json\/wp\/v2\/posts"}],"about":[{"href":"https:\/\/fiaf.net\/umbria\/wp-json\/wp\/v2\/types\/post"}],"author":[{"embeddable":true,"href":"https:\/\/fiaf.net\/umbria\/wp-json\/wp\/v2\/users\/3"}],"replies":[{"embeddable":true,"href":"https:\/\/fiaf.net\/umbria\/wp-json\/wp\/v2\/comments?post=1655"}],"version-history":[{"count":2,"href":"https:\/\/fiaf.net\/umbria\/wp-json\/wp\/v2\/posts\/1655\/revisions"}],"predecessor-version":[{"id":1661,"href":"https:\/\/fiaf.net\/umbria\/wp-json\/wp\/v2\/posts\/1655\/revisions\/1661"}],"wp:featuredmedia":[{"embeddable":true,"href":"https:\/\/fiaf.net\/umbria\/wp-json\/wp\/v2\/media\/1657"}],"wp:attachment":[{"href":"https:\/\/fiaf.net\/umbria\/wp-json\/wp\/v2\/media?parent=1655"}],"wp:term":[{"taxonomy":"category","embeddable":true,"href":"https:\/\/fiaf.net\/umbria\/wp-json\/wp\/v2\/categories?post=1655"},{"taxonomy":"post_tag","embeddable":true,"href":"https:\/\/fiaf.net\/umbria\/wp-json\/wp\/v2\/tags?post=1655"}],"curies":[{"name":"wp","href":"https:\/\/api.w.org\/{rel}","templated":true}]}}