{"id":1752,"date":"2022-05-22T10:17:00","date_gmt":"2022-05-22T08:17:00","guid":{"rendered":"https:\/\/fiaf.net\/umbria\/?p=1752"},"modified":"2022-05-22T10:17:00","modified_gmt":"2022-05-22T08:17:00","slug":"all-about-saul-leiter","status":"publish","type":"post","link":"https:\/\/fiaf.net\/umbria\/all-about-saul-leiter\/","title":{"rendered":"ALL ABOUT SAUL LEITER"},"content":{"rendered":"<div class=\"cxmmr5t8 oygrvhab hcukyx3x o9v6fnle c1et5uql ii04i59q\">\n<div class=\"\" dir=\"auto\"><span class=\"\" style=\"font-family: AvenirNext-Regular;font-size: small\">ALL ABOUT SAUL LEITER<\/span><\/div>\n<div class=\"\" dir=\"auto\"><span class=\"\" style=\"font-family: AvenirNext-Regular;font-size: small\">A cura di CLAUDIA IOAN, Direttrice Dipartimento Didattica FIAF<\/span><\/div>\n<div class=\"\" dir=\"auto\"><strong><span class=\"\" style=\"font-family: AvenirNext-Regular;font-size: small\">LUNED\u00cc 23 MAGGIO 2022 collegamento ORE 21:15<\/span><\/strong><\/div>\n<div class=\"\" dir=\"auto\"><span class=\"\" style=\"font-family: AvenirNext-Regular;font-size: small\">Seminario di Fotografia ONLINE (riservato ai Soci Ordinari e Soci Online) <\/span><\/div>\n<div class=\"\" dir=\"auto\"><span class=\"\" style=\"font-family: AvenirNext-Regular;font-size: small\">\u00a0<\/span><\/div>\n<div class=\"\" dir=\"auto\"><span class=\"\" style=\"font-family: AvenirNext-Regular;font-size: small\">Gli associati di Officine Creative Italiane troveranno il link nel Gruppo Privato Facebook dell\u2019Associazione. Come sempre, ove si raggiunga il limite di partecipanti della piattaforma, sar\u00e0 attivata la diretta streaming all\u2019interno del Gruppo Privato Facebook \u201cOfficine Creative Italiane &#8211; Associazione 2022\u201d.<\/span><\/div>\n<div class=\"\" dir=\"auto\"><span class=\"\" style=\"font-family: AvenirNext-Regular;font-size: small\">\u00a0<\/span><\/div>\n<div class=\"\" dir=\"auto\"><span class=\"\" style=\"font-family: AvenirNext-Regular;font-size: small\"><span class=\"\" style=\"color: #050505\"><span class=\"\">Saul Leiter, artista americano a tutto tondo, \u00e8 tornato alla ribalta nel nuovo millennio dopo decenni di oscurit\u00e0: la sua fotografia a colori \u00e8 parte integrante della rivoluzione iniziata negli Anni \u201950 da pochi pionieri illuminati che hanno trovato nel colore la loro vena pi\u00f9 autentica e autoriale. Saul Leiter ha spaziato con naturalezza attraverso modalit\u00e0 espressive differenti, dalla fotografia di moda alla pittura, brillando in una ricerca personale condotta in privato che, riscoperta nel 2006, lo colloca oggi indiscutibilmente tra i grandi Maestri della Fotografia a colori.<\/span><\/span><\/span><\/div>\n<\/div>\n<div class=\"cxmmr5t8 oygrvhab hcukyx3x o9v6fnle c1et5uql ii04i59q\">\n<div class=\"\" dir=\"auto\"><span class=\"\" style=\"font-family: AvenirNext-Regular;font-size: small\">ALL ABOUT SAUL LEITER \u00e8 parte dei Seminari di Fotografia online del luned\u00ec di Officine Creative Italiane a cura di Claudia Ioan, Direttrice DiD FIAF, Docente universitaria di Fotografia e Storia della Fotografia, fotografa professionista Certified By <a class=\"esr5mh6w nhd2j8a9 kvgmc6g5 cxmmr5t8 rz4wbd8a qt6c0cv9 p7hjln8o r7d6kgcz rq0escxv f1sip0of e9989ue4 oygrvhab qu0x051f i1ao9s8h esuyzwwr gpro0wi8 b1v8xokw a8nywdso lzcic4wl nc684nl6 jb3vyjys hcukyx3x oajrlxb2 q66pz984 g5ia77u1\" href=\"https:\/\/www.facebook.com\/LeicaCameraItalia\/?__cft__[0]=AZXsdS41PjO8wXCXcIv78GqxXEPlOUr0tfblnTVELf5oUTvbqhsnAR9htToxFyn4emLrMsM4n_FG9mdiPqlA0FRfPvhPbJ2sXycYSFYg9wqEAaUv_dJr_VE8QTPDfmZ8qsz0T85KZiKXtzYbgw1NiAbt&amp;__tn__=kK-R\" target=\"_blank\" rel=\"noopener\"><span class=\"nc684nl6\">Leica Camera<\/span><\/a> Italia e Docente <a class=\"esr5mh6w nhd2j8a9 kvgmc6g5 cxmmr5t8 rz4wbd8a qt6c0cv9 p7hjln8o r7d6kgcz rq0escxv f1sip0of e9989ue4 oygrvhab qu0x051f i1ao9s8h esuyzwwr gpro0wi8 b1v8xokw a8nywdso lzcic4wl nc684nl6 jb3vyjys hcukyx3x oajrlxb2 q66pz984 g5ia77u1\" href=\"https:\/\/www.facebook.com\/leicaAkademieItaly\/?__cft__[0]=AZXsdS41PjO8wXCXcIv78GqxXEPlOUr0tfblnTVELf5oUTvbqhsnAR9htToxFyn4emLrMsM4n_FG9mdiPqlA0FRfPvhPbJ2sXycYSFYg9wqEAaUv_dJr_VE8QTPDfmZ8qsz0T85KZiKXtzYbgw1NiAbt&amp;__tn__=kK-R\" target=\"_blank\" rel=\"noopener\"><span class=\"nc684nl6\">Leica Akademie Italy<\/span><\/a>, co-fondatrice dell&#8217;Associazione culturale fotografica Officine Creative Italiane.<\/span><\/div>\n<\/div>\n<div class=\"cxmmr5t8 oygrvhab hcukyx3x o9v6fnle c1et5uql ii04i59q\">\n<div class=\"\" dir=\"auto\"><span class=\"\" style=\"font-family: AvenirNext-Regular;font-size: small\">I Seminari di Fotografia Online 2021-22 di Officine Creative Italiane, Associazione culturale fotografica con sede a Perugia e online, sono un&#8217;attivit\u00e0 annuale (da settembre a luglio) di formazione culturale permanente con cadenza settimanale a partecipazione gratuita, con RICONOSCIMENTO FIAF N15\/2021; questa serata \u00e8 riservata agli associati ordinari e ai titolari della Tessera Online di Officine Creative Italiane.<\/span><\/div>\n<\/div>\n<div class=\"cxmmr5t8 oygrvhab hcukyx3x o9v6fnle c1et5uql ii04i59q\">\n<div class=\"\" dir=\"auto\"><span class=\"\" style=\"font-family: AvenirNext-Regular;font-size: small\">Volete partecipare? <\/span><span class=\"\">Chiedeteci tutte le informazioni:<\/span><\/div>\n<div class=\"\" dir=\"auto\"><span class=\"\" style=\"font-family: AvenirNext-Regular;font-size: small\"><a class=\"mailto-link\" href=\"mailto:info@officinecreativeitaliane.com\" target=\"_blank\" rel=\"noopener\">info@officinecreativeitaliane.com<\/a><\/span><\/div>\n<h6>(Fotografia di Saul Leiter \u00a9)<\/h6>\n<p><img loading=\"lazy\" decoding=\"async\" class=\"alignnone size-medium wp-image-1753\" src=\"https:\/\/fiaf.net\/umbria\/wp-content\/uploads\/sites\/11\/2022\/05\/Post-Officine-Creative-Italiane-copia-2-300x251.jpg\" alt=\"\" width=\"300\" height=\"251\" srcset=\"https:\/\/fiaf.net\/umbria\/wp-content\/uploads\/sites\/11\/2022\/05\/Post-Officine-Creative-Italiane-copia-2-300x251.jpg 300w, https:\/\/fiaf.net\/umbria\/wp-content\/uploads\/sites\/11\/2022\/05\/Post-Officine-Creative-Italiane-copia-2-1024x858.jpg 1024w, https:\/\/fiaf.net\/umbria\/wp-content\/uploads\/sites\/11\/2022\/05\/Post-Officine-Creative-Italiane-copia-2-768x644.jpg 768w, https:\/\/fiaf.net\/umbria\/wp-content\/uploads\/sites\/11\/2022\/05\/Post-Officine-Creative-Italiane-copia-2-1536x1288.jpg 1536w, https:\/\/fiaf.net\/umbria\/wp-content\/uploads\/sites\/11\/2022\/05\/Post-Officine-Creative-Italiane-copia-2.jpg 1880w\" sizes=\"auto, (max-width: 300px) 100vw, 300px\" \/><\/p>\n<\/div>\n\n    <div class=\"xs_social_share_widget xs_share_url after_content \t\tmain_content  wslu-style-1 wslu-share-box-shaped wslu-fill-colored wslu-none wslu-share-horizontal wslu-theme-font-no wslu-main_content\">\n\n\t\t\n        <ul>\n\t\t\t        <\/ul>\n    <\/div> \n","protected":false},"excerpt":{"rendered":"<p>ALL ABOUT SAUL LEITER A cura di CLAUDIA IOAN, Direttrice Dipartimento Didattica FIAF LUNED\u00cc 23 MAGGIO 2022 collegamento ORE 21:15 &hellip;<\/p>\n","protected":false},"author":3,"featured_media":1753,"comment_status":"closed","ping_status":"closed","sticky":false,"template":"","format":"standard","meta":{"_acf_changed":false,"footnotes":""},"categories":[2,5,160],"tags":[25,37,50,103,121,122],"class_list":["post-1752","post","type-post","status-publish","format-standard","has-post-thumbnail","hentry","category-attivita-circoli","category-generale","category-seminari-corsi-webinar","tag-claudia-ioan","tag-did-fiaf","tag-fiaf-umbria","tag-officine-creative-italiane","tag-seminari-di-fotografia","tag-seminari-online"],"acf":[],"_links":{"self":[{"href":"https:\/\/fiaf.net\/umbria\/wp-json\/wp\/v2\/posts\/1752","targetHints":{"allow":["GET"]}}],"collection":[{"href":"https:\/\/fiaf.net\/umbria\/wp-json\/wp\/v2\/posts"}],"about":[{"href":"https:\/\/fiaf.net\/umbria\/wp-json\/wp\/v2\/types\/post"}],"author":[{"embeddable":true,"href":"https:\/\/fiaf.net\/umbria\/wp-json\/wp\/v2\/users\/3"}],"replies":[{"embeddable":true,"href":"https:\/\/fiaf.net\/umbria\/wp-json\/wp\/v2\/comments?post=1752"}],"version-history":[{"count":1,"href":"https:\/\/fiaf.net\/umbria\/wp-json\/wp\/v2\/posts\/1752\/revisions"}],"predecessor-version":[{"id":1754,"href":"https:\/\/fiaf.net\/umbria\/wp-json\/wp\/v2\/posts\/1752\/revisions\/1754"}],"wp:featuredmedia":[{"embeddable":true,"href":"https:\/\/fiaf.net\/umbria\/wp-json\/wp\/v2\/media\/1753"}],"wp:attachment":[{"href":"https:\/\/fiaf.net\/umbria\/wp-json\/wp\/v2\/media?parent=1752"}],"wp:term":[{"taxonomy":"category","embeddable":true,"href":"https:\/\/fiaf.net\/umbria\/wp-json\/wp\/v2\/categories?post=1752"},{"taxonomy":"post_tag","embeddable":true,"href":"https:\/\/fiaf.net\/umbria\/wp-json\/wp\/v2\/tags?post=1752"}],"curies":[{"name":"wp","href":"https:\/\/api.w.org\/{rel}","templated":true}]}}