{"id":1852,"date":"2022-10-20T09:59:22","date_gmt":"2022-10-20T07:59:22","guid":{"rendered":"https:\/\/fiaf.net\/umbria\/?p=1852"},"modified":"2022-10-20T09:59:22","modified_gmt":"2022-10-20T07:59:22","slug":"lab-fiaf-124-confini","status":"publish","type":"post","link":"https:\/\/fiaf.net\/umbria\/lab-fiaf-124-confini\/","title":{"rendered":"LAB FIAF 124 \u201cCONFINI&#8221;"},"content":{"rendered":"<div class=\"kmwttqpk n3t5jt4f l7ghb35v kjdc1dyq m8h3af8h gh25dzvf\">\n<div class=\"\" dir=\"auto\"><strong>CONFINI<\/strong><br \/>\nLAB Di CULT FIAF 124 UMBRIA<br \/>\nCOORDINATORI CLAUDIA IOAN E MASSIMILIANO TUVERI<br \/>\nSABATO 22 OTTOBRE 2022 ORE 10<br \/>\n<strong>BIBLIOTECA VILLA URBANI<\/strong><br \/>\nVIA GIOVANNI PENNACCHI, 19, PERUGIA<br \/>\n<strong>OPPURE ONLINE<\/strong>:\u00a0<a role=\"link\" href=\"https:\/\/officinecreativeitaliane.us19.list-manage.com\/track\/click?u=c7209e550f4e6d28099f8928d&amp;id=dd5510fd57&amp;e=95eb380a33\" target=\"_blank\" rel=\"nofollow noopener\" data-saferedirecturl=\"https:\/\/www.google.com\/url?q=https:\/\/officinecreativeitaliane.us19.list-manage.com\/track\/click?u%3Dc7209e550f4e6d28099f8928d%26id%3Ddd5510fd57%26e%3D95eb380a33&amp;source=gmail&amp;ust=1666338986916000&amp;usg=AOvVaw24bJsc2HltjQw4vh7XWfwk\">https:\/\/officinecreativeitaliane.my.webex.com\/meet\/info<\/a><br \/>\nPercorso gratuito di produzione fotografica in presenza e online aperto a tutti (per l&#8217;Umbria e altre Regioni): potete aderire in qualunque momento!<\/p>\n<p>\u201cCONFINI\u201d \u00c8 IL NUOVO TEMA DEI LAB DEL DIPARTIMENTO CULTURA DELLA FIAF (Federazione Italiana Associazioni Fotografiche).<br \/>\nInizia con entusiasmo nell\u2019autunno 2022 il nuovissimo percorso FIAF di produzione fotografica a tema Confini all\u2019interno dei LAB 124 (Umbria e altre Regioni) e 125 (Lazio) sotto la guida dei Coordinatori Claudia Ioan, Direttrice\u00a0<a role=\"link\" href=\"https:\/\/officinecreativeitaliane.us19.list-manage.com\/track\/click?u=c7209e550f4e6d28099f8928d&amp;id=01a1ec0568&amp;e=95eb380a33\" target=\"_blank\" rel=\"noopener\" data-saferedirecturl=\"https:\/\/www.google.com\/url?q=https:\/\/officinecreativeitaliane.us19.list-manage.com\/track\/click?u%3Dc7209e550f4e6d28099f8928d%26id%3D01a1ec0568%26e%3D95eb380a33&amp;source=gmail&amp;ust=1666338986916000&amp;usg=AOvVaw2EdXJBcLois6nIVtY6fcMl\">DiD FIAF &#8211; Dipartimento Didattica<\/a>\u00a0e fotografa professionista, e Massimiliano Tuveri, fotografo professionista e Docente FIAF.<br \/>\nIl percorso laboratoriale FIAF \u00e8 uno spazio creativo neutro: non \u00e8 l\u2019emanazione di un Circolo fotografico ma un luogo di incontro aperto, caratterizzato dal confronto e dalla crescita; prevede incontri quindicinali da ottobre 2022 a giugno 2023, la consegna delle opere a giugno 2023 e le mostre nell\u2019autunno 2023.<br \/>\nIl percorso prevede una parte di input teorico e di ispirazione da parte dei Coordinatori; e una parte pratica, in cui i partecipanti svilupperanno la propria declinazione personale del tema Confini e metteranno a punto il proprio progetto fotografico dall\u2019idea alla mostra sotto la guida dei Coordinatori. Il LAB \u00e8 come sempre completamente gratuito per i partecipanti e aperto a tutti; per la prima partecipazione ai Laboratori sono ammessi anche fotografi non iscritti alla FIAF, ma dalla seconda esperienza \u00e8 richiesto il tesseramento. Ai partecipanti \u00e8 richiesto di realizzare opere originali a tema all\u2019interno del LAB (non sono ammessi lavori d\u2019archivio o gi\u00e0 in itinere). I Coordinatori raccoglieranno le adesioni e le opere (che non potranno risultare prodotte in pi\u00f9 LAB); \u00e8 prevista una mostra finale e la pubblicazione del catalogo digitale nel sito web della FIAF.<\/p>\n<p>CONFINI &#8211; PRIME RIFLESSIONI SUL CONCEPT<br \/>\nIl tema Confini si presta a un ampio ventaglio di interpretazioni e letture possibili: naturalmente il primo significato fisico e geopolitico sorge immediatamente all\u2019attenzione. Ma il concetto di confine in realt\u00e0 pu\u00f2 essere rinvenuto in una moltitudine di ambiti e discipline: arti visive (fotografia e pittura), storia, letteratura, musica, sociologia, economia, perfino psicologia. A mero titolo di esempio, la cultura, la lingua, l\u2019istruzione, possono rappresentare barriere e disparit\u00e0, e quindi dividere; oppure unire, creando senso di comunit\u00e0. Al concetto di confine si pu\u00f2 collegare quello di frontiera, e le sfumature di significato, cos\u00ec come le valenze culturali, si moltiplicano (si pensi alle diverse suggestioni legate all\u2019Ovest americano e all\u2019Europa).<br \/>\nTutti i generi fotografici si prestano a interpretare le sfaccettature infinite del confine variamente inteso, dal reportage alla fotografia concettuale, e saranno tutte opzioni aperte per i partecipanti.<br \/>\nRicordiamo che i LAB FIAF sono un\u2019attivit\u00e0 del Dipartimento Cultura della FIAF, Direttore Silvano Bicocchi, che ringraziamo.<\/p>\n<p>Per l\u2019iscrizione ai LAB FIAF 124 e 125 \u00e8 obbligatoria l\u2019adesione tramite email a:<br \/>\n<a href=\"mailto:info@officinecreativeitaliane.com\" target=\"_blank\" rel=\"noopener\">info@officinecreativeitaliane.com<\/a><\/p>\n<p>Si ringrazia il Sistema Bibliotecario Perugia &#8211;\u00a0<a role=\"link\" href=\"https:\/\/officinecreativeitaliane.us19.list-manage.com\/track\/click?u=c7209e550f4e6d28099f8928d&amp;id=bbd8df1ab7&amp;e=95eb380a33\" target=\"_blank\" rel=\"noopener\" data-saferedirecturl=\"https:\/\/www.google.com\/url?q=https:\/\/officinecreativeitaliane.us19.list-manage.com\/track\/click?u%3Dc7209e550f4e6d28099f8928d%26id%3Dbbd8df1ab7%26e%3D95eb380a33&amp;source=gmail&amp;ust=1666338986916000&amp;usg=AOvVaw36VcOlzPyaHCE4wxu71Tja\">Biblioteche comunali Perugia<\/a>\u00a0per la preziosa collaborazione<br \/>\n<a role=\"link\" href=\"https:\/\/officinecreativeitaliane.us19.list-manage.com\/track\/click?u=c7209e550f4e6d28099f8928d&amp;id=848b892a49&amp;e=95eb380a33\" target=\"_blank\" rel=\"noopener\" data-saferedirecturl=\"https:\/\/www.google.com\/url?q=https:\/\/officinecreativeitaliane.us19.list-manage.com\/track\/click?u%3Dc7209e550f4e6d28099f8928d%26id%3D848b892a49%26e%3D95eb380a33&amp;source=gmail&amp;ust=1666338986916000&amp;usg=AOvVaw0Hl2JVp9Z9bj3S9AqSWq56\">Cultura Comune di Perugia<\/a><\/p>\n<p>N.B. A breve sar\u00e0 avviato anche il LAB FIAF 125 LAZIO in presenza a Roma<\/p><\/div>\n<\/div>\n\n    <div class=\"xs_social_share_widget xs_share_url after_content \t\tmain_content  wslu-style-1 wslu-share-box-shaped wslu-fill-colored wslu-none wslu-share-horizontal wslu-theme-font-no wslu-main_content\">\n\n\t\t\n        <ul>\n\t\t\t        <\/ul>\n    <\/div> \n","protected":false},"excerpt":{"rendered":"<p>CONFINI LAB Di CULT FIAF 124 UMBRIA COORDINATORI CLAUDIA IOAN E MASSIMILIANO TUVERI SABATO 22 OTTOBRE 2022 ORE 10 BIBLIOTECA &hellip;<\/p>\n","protected":false},"author":3,"featured_media":1853,"comment_status":"closed","ping_status":"closed","sticky":false,"template":"","format":"standard","meta":{"_acf_changed":false,"footnotes":""},"categories":[2,160],"tags":[25,50,80,95],"class_list":["post-1852","post","type-post","status-publish","format-standard","has-post-thumbnail","hentry","category-attivita-circoli","category-seminari-corsi-webinar","tag-claudia-ioan","tag-fiaf-umbria","tag-lab-di-cult","tag-massimiliano-tuveri"],"acf":[],"_links":{"self":[{"href":"https:\/\/fiaf.net\/umbria\/wp-json\/wp\/v2\/posts\/1852","targetHints":{"allow":["GET"]}}],"collection":[{"href":"https:\/\/fiaf.net\/umbria\/wp-json\/wp\/v2\/posts"}],"about":[{"href":"https:\/\/fiaf.net\/umbria\/wp-json\/wp\/v2\/types\/post"}],"author":[{"embeddable":true,"href":"https:\/\/fiaf.net\/umbria\/wp-json\/wp\/v2\/users\/3"}],"replies":[{"embeddable":true,"href":"https:\/\/fiaf.net\/umbria\/wp-json\/wp\/v2\/comments?post=1852"}],"version-history":[{"count":1,"href":"https:\/\/fiaf.net\/umbria\/wp-json\/wp\/v2\/posts\/1852\/revisions"}],"predecessor-version":[{"id":1854,"href":"https:\/\/fiaf.net\/umbria\/wp-json\/wp\/v2\/posts\/1852\/revisions\/1854"}],"wp:featuredmedia":[{"embeddable":true,"href":"https:\/\/fiaf.net\/umbria\/wp-json\/wp\/v2\/media\/1853"}],"wp:attachment":[{"href":"https:\/\/fiaf.net\/umbria\/wp-json\/wp\/v2\/media?parent=1852"}],"wp:term":[{"taxonomy":"category","embeddable":true,"href":"https:\/\/fiaf.net\/umbria\/wp-json\/wp\/v2\/categories?post=1852"},{"taxonomy":"post_tag","embeddable":true,"href":"https:\/\/fiaf.net\/umbria\/wp-json\/wp\/v2\/tags?post=1852"}],"curies":[{"name":"wp","href":"https:\/\/api.w.org\/{rel}","templated":true}]}}