{"id":1970,"date":"2023-01-11T10:48:39","date_gmt":"2023-01-11T09:48:39","guid":{"rendered":"https:\/\/fiaf.net\/umbria\/?p=1970"},"modified":"2023-01-11T10:48:39","modified_gmt":"2023-01-11T09:48:39","slug":"confini-lab-di-cult-fiaf-124-umbria-e-altre-regioni","status":"publish","type":"post","link":"https:\/\/fiaf.net\/umbria\/confini-lab-di-cult-fiaf-124-umbria-e-altre-regioni\/","title":{"rendered":"CONFINI &#8211; LAB Di CULT FIAF 124 UMBRIA E ALTRE REGIONI"},"content":{"rendered":"<div class=\"kmwttqpk n3t5jt4f l7ghb35v kjdc1dyq m8h3af8h gh25dzvf\">\n<div class=\"\" dir=\"auto\">\n<div>\n<h2 dir=\"auto\"><strong><span style=\"font-family: AvenirNext-Regular\">CONFINI &#8211; LAB Di CULT FIAF 124 UMBRIA E ALTRE REGIONI<\/span><\/strong><\/h2>\n<h2 dir=\"auto\"><strong><span style=\"font-family: AvenirNext-Regular\">SABATO 14 GENNAIO ORE 10<\/span><\/strong><\/h2>\n<div dir=\"auto\"><\/div>\n<div dir=\"auto\"><span style=\"font-family: AvenirNext-Regular\">c\/o Biblioteca comunale Villa Urbani<\/span><\/div>\n<div dir=\"auto\"><span style=\"font-family: AvenirNext-Regular\">Via Pennacchi 19 Perugia<\/span><\/div>\n<div dir=\"auto\"><span style=\"font-family: AvenirNext-Regular\">Coordinatori <a role=\"link\" href=\"https:\/\/www.facebook.com\/claudia.ioan.7?__cft__[0]=AZV_37KW7eDGjNxdhLsq1SnDHH4An8rF1Di_P9yaNHsNMzFHHifotqneG6AhjRg35huRXmSR3DATvaTQwTFvD_D5OIqRX158I-QZAB7J5fHPeU8AT-Dwmz8ucS-aBGTvazkDM2g86gA1gfM6eCsuwE1FHkmFHmptjgXkBlABytjiAgT99ldvtUc2PGCBl7PA1WuhDJoullrH4toDHRwDS9c0&amp;__tn__=-]K-y-R\" target=\"_blank\" rel=\"noopener\" data-saferedirecturl=\"https:\/\/www.google.com\/url?q=https:\/\/www.facebook.com\/claudia.ioan.7?__cft__%5B0%5D%3DAZV_37KW7eDGjNxdhLsq1SnDHH4An8rF1Di_P9yaNHsNMzFHHifotqneG6AhjRg35huRXmSR3DATvaTQwTFvD_D5OIqRX158I-QZAB7J5fHPeU8AT-Dwmz8ucS-aBGTvazkDM2g86gA1gfM6eCsuwE1FHkmFHmptjgXkBlABytjiAgT99ldvtUc2PGCBl7PA1WuhDJoullrH4toDHRwDS9c0%26__tn__%3D-%5DK-y-R&amp;source=gmail&amp;ust=1673516756231000&amp;usg=AOvVaw0WzOP9R88PojCOPS-Jrs56\">Claudia Ioan<\/a> &amp; <a role=\"link\" href=\"https:\/\/www.facebook.com\/massimiliano.tuveri.3?__cft__[0]=AZV_37KW7eDGjNxdhLsq1SnDHH4An8rF1Di_P9yaNHsNMzFHHifotqneG6AhjRg35huRXmSR3DATvaTQwTFvD_D5OIqRX158I-QZAB7J5fHPeU8AT-Dwmz8ucS-aBGTvazkDM2g86gA1gfM6eCsuwE1FHkmFHmptjgXkBlABytjiAgT99ldvtUc2PGCBl7PA1WuhDJoullrH4toDHRwDS9c0&amp;__tn__=-]K-y-R\" target=\"_blank\" rel=\"noopener\" data-saferedirecturl=\"https:\/\/www.google.com\/url?q=https:\/\/www.facebook.com\/massimiliano.tuveri.3?__cft__%5B0%5D%3DAZV_37KW7eDGjNxdhLsq1SnDHH4An8rF1Di_P9yaNHsNMzFHHifotqneG6AhjRg35huRXmSR3DATvaTQwTFvD_D5OIqRX158I-QZAB7J5fHPeU8AT-Dwmz8ucS-aBGTvazkDM2g86gA1gfM6eCsuwE1FHkmFHmptjgXkBlABytjiAgT99ldvtUc2PGCBl7PA1WuhDJoullrH4toDHRwDS9c0%26__tn__%3D-%5DK-y-R&amp;source=gmail&amp;ust=1673516756231000&amp;usg=AOvVaw3KDqzitZuBj7HjwiIW8xVX\">Massimiliano Tuveri<\/a><\/span><\/div>\n<div dir=\"auto\"><span style=\"font-family: AvenirNext-Regular\">(<strong>in presenza e online<\/strong> in collaborazione con Sistema <a role=\"link\" href=\"https:\/\/www.facebook.com\/bibliotechecomunali.perugia?__cft__[0]=AZV_37KW7eDGjNxdhLsq1SnDHH4An8rF1Di_P9yaNHsNMzFHHifotqneG6AhjRg35huRXmSR3DATvaTQwTFvD_D5OIqRX158I-QZAB7J5fHPeU8AT-Dwmz8ucS-aBGTvazkDM2g86gA1gfM6eCsuwE1FHkmFHmptjgXkBlABytjiAgT99ldvtUc2PGCBl7PA1WuhDJoullrH4toDHRwDS9c0&amp;__tn__=-]K-y-R\" target=\"_blank\" rel=\"noopener\" data-saferedirecturl=\"https:\/\/www.google.com\/url?q=https:\/\/www.facebook.com\/bibliotechecomunali.perugia?__cft__%5B0%5D%3DAZV_37KW7eDGjNxdhLsq1SnDHH4An8rF1Di_P9yaNHsNMzFHHifotqneG6AhjRg35huRXmSR3DATvaTQwTFvD_D5OIqRX158I-QZAB7J5fHPeU8AT-Dwmz8ucS-aBGTvazkDM2g86gA1gfM6eCsuwE1FHkmFHmptjgXkBlABytjiAgT99ldvtUc2PGCBl7PA1WuhDJoullrH4toDHRwDS9c0%26__tn__%3D-%5DK-y-R&amp;source=gmail&amp;ust=1673516756231000&amp;usg=AOvVaw0JyOfWWUhfoNtO4d976ugp\">Biblioteche comunali Perugia<\/a>)<\/span><\/div>\n<\/div>\n<div>\n<div dir=\"auto\"><\/div>\n<div dir=\"auto\"><span style=\"font-family: AvenirNext-Regular\"><strong>PROSSIMI INCONTRI:<\/strong> il sabato mattina, con cadenza quindicinale (salvo diversamente indicato), dalle ore 10 alle ore 12<\/span><\/div>\n<\/div>\n<div>\n<div dir=\"auto\"><\/div>\n<div dir=\"auto\"><span style=\"font-family: AvenirNext-Regular\">\u00c8 sempre possibile aderire al percorso FIAF di produzione fotografica a tema Confini all\u2019interno del LAB 124 Umbria (e altre Regioni) sotto la guida dei Coordinatori Claudia Ioan, Direttrice Dipartimento Didattica FIAF e fotografa professionista, e Massimiliano Tuveri, fotografo professionista e Docente FIAF.<\/span><\/div>\n<div dir=\"auto\"><span style=\"font-family: AvenirNext-Regular\">Il percorso laboratoriale FIAF \u00e8 uno spazio creativo neutro: non \u00e8 l\u2019emanazione di un Circolo fotografico ma un luogo di incontro aperto, caratterizzato dal confronto e dalla crescita; prevede la consegna delle opere a giugno 2023 e le mostre nell\u2019autunno 2023.<\/span><\/div>\n<div dir=\"auto\"><span style=\"font-family: AvenirNext-Regular\">Il percorso prevede una parte di input teorico e di ispirazione da parte dei Coordinatori; e una parte pratica, in cui i partecipanti svilupperanno la propria declinazione personale del tema Confini e metteranno a punto il proprio progetto fotografico dall\u2019idea alla mostra sotto la guida dei Coordinatori. Il LAB \u00e8 come sempre completamente gratuito per i partecipanti e aperto a tutti; per la prima partecipazione ai Laboratori sono ammessi anche fotografi non iscritti alla FIAF, ma dalla seconda iscrizione \u00e8 richiesto il tesseramento alla Federazione. Ai partecipanti \u00e8 richiesto di realizzare opere originali a tema all\u2019interno del LAB (non sono ammessi lavori d\u2019archivio o gi\u00e0 in itinere). I Coordinatori raccoglieranno le adesioni e le opere (che non potranno risultare prodotte in pi\u00f9 LAB); \u00e8 prevista una mostra finale e la pubblicazione del catalogo digitale nel sito web della FIAF.<\/span><\/div>\n<div dir=\"auto\"><span style=\"font-family: AvenirNext-Regular\">Ricordiamo che i LAB FIAF sono un\u2019attivit\u00e0 del Dipartimento Cultura della FIAF, Direttore Silvano Bicocchi; \u00e8 prevista una sinergia con il Dipartimento Didattica, Direttrice Claudia Ioan, e Dipartimento AudioVisivi FIAF, Direttore Roberto Puato.<\/span><\/div>\n<div dir=\"auto\"><span style=\"font-family: AvenirNext-Regular\">\u00a0<\/span><\/div>\n<div dir=\"auto\"><span style=\"font-family: AvenirNext-Regular\">Per l\u2019iscrizione al LAB FIAF 124 \u00e8 obbligatorio inoltrare l\u2019adesione tramite email a:<\/span><\/div>\n<div dir=\"auto\"><span style=\"font-family: AvenirNext-Regular\"><a href=\"mailto:info@officinecreativeitaliane.com\" target=\"_blank\" rel=\"noopener\">info@officinecreativeitaliane.com<\/a><\/span><\/div>\n<\/div>\n<\/div>\n<\/div>\n\n    <div class=\"xs_social_share_widget xs_share_url after_content \t\tmain_content  wslu-style-1 wslu-share-box-shaped wslu-fill-colored wslu-none wslu-share-horizontal wslu-theme-font-no wslu-main_content\">\n\n\t\t\n        <ul>\n\t\t\t        <\/ul>\n    <\/div> \n","protected":false},"excerpt":{"rendered":"<p>CONFINI &#8211; LAB Di CULT FIAF 124 UMBRIA E ALTRE REGIONI SABATO 14 GENNAIO ORE 10 c\/o Biblioteca comunale Villa &hellip;<\/p>\n","protected":false},"author":108,"featured_media":1971,"comment_status":"closed","ping_status":"closed","sticky":false,"template":"","format":"standard","meta":{"_acf_changed":false,"footnotes":""},"categories":[2,160],"tags":[25,50,80,95],"class_list":["post-1970","post","type-post","status-publish","format-standard","has-post-thumbnail","hentry","category-attivita-circoli","category-seminari-corsi-webinar","tag-claudia-ioan","tag-fiaf-umbria","tag-lab-di-cult","tag-massimiliano-tuveri"],"acf":[],"_links":{"self":[{"href":"https:\/\/fiaf.net\/umbria\/wp-json\/wp\/v2\/posts\/1970","targetHints":{"allow":["GET"]}}],"collection":[{"href":"https:\/\/fiaf.net\/umbria\/wp-json\/wp\/v2\/posts"}],"about":[{"href":"https:\/\/fiaf.net\/umbria\/wp-json\/wp\/v2\/types\/post"}],"author":[{"embeddable":true,"href":"https:\/\/fiaf.net\/umbria\/wp-json\/wp\/v2\/users\/108"}],"replies":[{"embeddable":true,"href":"https:\/\/fiaf.net\/umbria\/wp-json\/wp\/v2\/comments?post=1970"}],"version-history":[{"count":2,"href":"https:\/\/fiaf.net\/umbria\/wp-json\/wp\/v2\/posts\/1970\/revisions"}],"predecessor-version":[{"id":1973,"href":"https:\/\/fiaf.net\/umbria\/wp-json\/wp\/v2\/posts\/1970\/revisions\/1973"}],"wp:featuredmedia":[{"embeddable":true,"href":"https:\/\/fiaf.net\/umbria\/wp-json\/wp\/v2\/media\/1971"}],"wp:attachment":[{"href":"https:\/\/fiaf.net\/umbria\/wp-json\/wp\/v2\/media?parent=1970"}],"wp:term":[{"taxonomy":"category","embeddable":true,"href":"https:\/\/fiaf.net\/umbria\/wp-json\/wp\/v2\/categories?post=1970"},{"taxonomy":"post_tag","embeddable":true,"href":"https:\/\/fiaf.net\/umbria\/wp-json\/wp\/v2\/tags?post=1970"}],"curies":[{"name":"wp","href":"https:\/\/api.w.org\/{rel}","templated":true}]}}