{"id":1982,"date":"2023-01-20T14:24:46","date_gmt":"2023-01-20T13:24:46","guid":{"rendered":"https:\/\/fiaf.net\/umbria\/?p=1982"},"modified":"2023-01-20T14:24:46","modified_gmt":"2023-01-20T13:24:46","slug":"joan-fontcuberta-2-la-furia-delle-immagini-seminario-di-fotografia-online-di-officine-creative-italiane","status":"publish","type":"post","link":"https:\/\/fiaf.net\/umbria\/joan-fontcuberta-2-la-furia-delle-immagini-seminario-di-fotografia-online-di-officine-creative-italiane\/","title":{"rendered":"JOAN FONTCUBERTA #2 &#8211; LA FURIA DELLE IMMAGINI, Seminario di Fotografia ONLINE di Officine Creative Italiane"},"content":{"rendered":"<div class=\"x1mh8g0r x11i5rnm xat24cr xdj266r x1vvkbs x126k92a\">\n<div class=\"\" dir=\"auto\">\n<div dir=\"auto\"><span style=\"font-family: AvenirNext-Regular\"><a role=\"link\" href=\"https:\/\/www.facebook.com\/officinecreativeitaliane?__cft__[0]=AZVMNNUYhFJY1--pUx5i_K8HwS4OnOXrQBmkF4RuBkSxnIaWdICoRxJ5UVsw-YOZ1Q3UA3poc2T3NgWdn3o6ez2bJ1_BRrCPtudfcFzOOreFjVsz2z5T4LJmN_NtN1JJXAJzkWY1xXbQxUVmP1GJkLwi2Ex18MKjnUIID0AUxZZpDPzHzWFAE6IfaWLFPYU_eTM&amp;__tn__=-]K-R\" target=\"_blank\" rel=\"noopener\" data-saferedirecturl=\"https:\/\/www.google.com\/url?q=https:\/\/www.facebook.com\/officinecreativeitaliane?__cft__%5B0%5D%3DAZVMNNUYhFJY1--pUx5i_K8HwS4OnOXrQBmkF4RuBkSxnIaWdICoRxJ5UVsw-YOZ1Q3UA3poc2T3NgWdn3o6ez2bJ1_BRrCPtudfcFzOOreFjVsz2z5T4LJmN_NtN1JJXAJzkWY1xXbQxUVmP1GJkLwi2Ex18MKjnUIID0AUxZZpDPzHzWFAE6IfaWLFPYU_eTM%26__tn__%3D-%5DK-R&amp;source=gmail&amp;ust=1673516756231000&amp;usg=AOvVaw2gV2iYSXum8y-BeWrZu9wT\">Officine Creative Italiane<\/a> presenta:<\/span><\/div>\n<div dir=\"auto\"><strong><span style=\"font-family: AvenirNext-Regular\">JOAN FONTCUBERTA #2 &#8211; LA FURIA DELLE IMMAGINI\u00a0<\/span><\/strong><\/div>\n<div dir=\"auto\"><strong><span style=\"font-family: AvenirNext-Regular\">Seminario di Fotografia ONLINE<\/span><\/strong><\/div>\n<div dir=\"auto\"><span style=\"font-family: AvenirNext-Regular\">A cura di Claudia Ioan, Direttrice DiD &#8211; Dipartimento Didattica FIAF<\/span><\/div>\n<div dir=\"auto\"><strong><span style=\"font-family: AvenirNext-Regular\">LUNED\u00cc 23 GENNAIO 2023 COLLEGAMENTO ORE 21:15<\/span><\/strong><\/div>\n<div dir=\"auto\"><span style=\"font-family: AvenirNext-Regular\">\u00a0<\/span><\/div>\n<div dir=\"auto\"><strong><span style=\"font-family: AvenirNext-Regular\">(il link per il collegamento sar\u00e0 comunicato nei gruppi FB e WA riservati agli associati)<\/span><\/strong><\/div>\n<div dir=\"auto\"><\/div>\n<div dir=\"auto\">\n<p>\u201cDopo aver esplorato il mondo visionario di Joan Fontcuberta artista e teorico, ci addentriamo in questo secondo incontro nelle sua saggistica pi\u00f9 recente, caratterizzata da una profonda riflessione sull\u2019era della Post-Fotografia. Viviamo immersi in un ecosistema fatto di immagini prodotte in numero incalcolabile, che circolano in rete a velocit\u00e0 furiosa e incontrollata, quasi dotate di vita propria e quindi in grado di influenzare tutti i processi relativi a cultura, informazione, comunicazione. Sono immagini dematerializzate, accessibili per appropriazione e riuso, in grado di scuotere alle fondamenta i concetti di autorialit\u00e0, di originalit\u00e0, di propriet\u00e0, di verit\u00e0.<br \/>\nJoan Fontcuberta, classe 1955, fotografo, saggista, curatore e docente spagnolo, offre riflessioni profonde sul ruolo e il significato della fotografia, esplorando i confini mobili tra verit\u00e0\/realt\u00e0 e finzione\/illusione.\u201d (Claudia Ioan)<\/p>\n<p>JOAN FONTCUBERTA #2 &#8211; LA FURIA DELLE IMMAGINI fa parte dei Seminari di Fotografia online del luned\u00ec, un percorso di formazione culturale permanente gratuita di durata annuale (settembre 2022-luglio 2023) riservato agli associati ordinari e online di Officine Creative Italiane, a cura di Claudia Ioan. Certificazione FIAF N16\/2022.<\/p>\n<p>Aspettiamo tutti gli appassionati!<br \/>\nPer informazioni e dettagli: <a href=\"mailto:info@officinecreativeitaliane.com\">info@officinecreativeitaliane.com<\/a><\/p>\n<p>(Fotografia di Joan Fontcuberta \u00a9)<\/p>\n<\/div>\n<\/div>\n<\/div>\n\n    <div class=\"xs_social_share_widget xs_share_url after_content \t\tmain_content  wslu-style-1 wslu-share-box-shaped wslu-fill-colored wslu-none wslu-share-horizontal wslu-theme-font-no wslu-main_content\">\n\n\t\t\n        <ul>\n\t\t\t        <\/ul>\n    <\/div> \n","protected":false},"excerpt":{"rendered":"<p>Officine Creative Italiane presenta: JOAN FONTCUBERTA #2 &#8211; LA FURIA DELLE IMMAGINI\u00a0 Seminario di Fotografia ONLINE A cura di Claudia &hellip;<\/p>\n","protected":false},"author":108,"featured_media":1984,"comment_status":"closed","ping_status":"closed","sticky":false,"template":"","format":"standard","meta":{"_acf_changed":false,"footnotes":""},"categories":[2,160],"tags":[25,32,42,49,54,67,103,190,191],"class_list":["post-1982","post","type-post","status-publish","format-standard","has-post-thumbnail","hentry","category-attivita-circoli","category-seminari-corsi-webinar","tag-claudia-ioan","tag-cultura-fotografica","tag-dipartimento-didattica-fiaf","tag-fiaf","tag-fotografia","tag-incontri-di-fotografia","tag-officine-creative-italiane","tag-seminario-di-fotografia-online","tag-grandi-autori"],"acf":[],"_links":{"self":[{"href":"https:\/\/fiaf.net\/umbria\/wp-json\/wp\/v2\/posts\/1982","targetHints":{"allow":["GET"]}}],"collection":[{"href":"https:\/\/fiaf.net\/umbria\/wp-json\/wp\/v2\/posts"}],"about":[{"href":"https:\/\/fiaf.net\/umbria\/wp-json\/wp\/v2\/types\/post"}],"author":[{"embeddable":true,"href":"https:\/\/fiaf.net\/umbria\/wp-json\/wp\/v2\/users\/108"}],"replies":[{"embeddable":true,"href":"https:\/\/fiaf.net\/umbria\/wp-json\/wp\/v2\/comments?post=1982"}],"version-history":[{"count":2,"href":"https:\/\/fiaf.net\/umbria\/wp-json\/wp\/v2\/posts\/1982\/revisions"}],"predecessor-version":[{"id":1985,"href":"https:\/\/fiaf.net\/umbria\/wp-json\/wp\/v2\/posts\/1982\/revisions\/1985"}],"wp:featuredmedia":[{"embeddable":true,"href":"https:\/\/fiaf.net\/umbria\/wp-json\/wp\/v2\/media\/1984"}],"wp:attachment":[{"href":"https:\/\/fiaf.net\/umbria\/wp-json\/wp\/v2\/media?parent=1982"}],"wp:term":[{"taxonomy":"category","embeddable":true,"href":"https:\/\/fiaf.net\/umbria\/wp-json\/wp\/v2\/categories?post=1982"},{"taxonomy":"post_tag","embeddable":true,"href":"https:\/\/fiaf.net\/umbria\/wp-json\/wp\/v2\/tags?post=1982"}],"curies":[{"name":"wp","href":"https:\/\/api.w.org\/{rel}","templated":true}]}}