{"id":2203,"date":"2023-05-04T11:51:14","date_gmt":"2023-05-04T09:51:14","guid":{"rendered":"https:\/\/fiaf.net\/umbria\/?p=2203"},"modified":"2023-05-15T08:36:40","modified_gmt":"2023-05-15T06:36:40","slug":"2203-2","status":"publish","type":"post","link":"https:\/\/fiaf.net\/umbria\/2203-2\/","title":{"rendered":"HARRY GRUYAERT, Seminario di Fotografia online con Claudia Ioan"},"content":{"rendered":"<div>\n<div class=\"\" dir=\"auto\">\n<div id=\":r14q:\" class=\"x1iorvi4 x1pi30zi x1l90r2v x1swvt13\" data-ad-comet-preview=\"message\" data-ad-preview=\"message\">\n<div class=\"x78zum5 xdt5ytf xz62fqu x16ldp7u\">\n<div class=\"xu06os2 x1ok221b\">\n<div class=\"xdj266r x11i5rnm xat24cr x1mh8g0r x1vvkbs x126k92a\">\n<div dir=\"auto\">OFFICINE CREATIVE ITALIANE presenta:<\/div>\n<div dir=\"auto\">HARRY GRUYAERT &#8211; L&#8217;ESPLOSIONE DEL COLORE<\/div>\n<div dir=\"auto\">A cura di Claudia Ioan, Direttrice DiD &#8211; Dipartimento Didattica FIAF<\/div>\n<div dir=\"auto\">LUNED\u00cc 15 MAGGIO 2023 collegamento ORE 21:15<\/div>\n<div dir=\"auto\"><\/div>\n<\/div>\n<div class=\"x11i5rnm xat24cr x1mh8g0r x1vvkbs xtlvy1s x126k92a\">\n<div dir=\"auto\">&#8220;Harry Gruyaert, belga di nascita e attualmente residente a Parigi, esordisce come direttore della fotografia per la televisione per poi dedicarsi, da autentico pioniere, alla fotografia a colori nei primi Anni &#8217;60, quando ancora non si era affermata in ambito autoriale e artistico. Ha coltivato le due attivit\u00e0 in parallelo, viaggiando estensivamente nel mondo, pubblicando libri e affermandosi sul panorama internazionale della fotografia da protagonista con grandi riconoscimenti. Nel 1982 \u00e8 entrato nella Magnum Photos. L&#8217;uso del colore, denso, saturo, potente in modo quasi materico se non a tratti pittorico, caratterizza tutta la sua produzione, incentrata su una ricerca del legame profondo tra colore, forma e composizione. Le sue fotografie interpretano la realt\u00e0 quotidiana offrendone una lettura e una rappresentazione estremamente personale.\u201d (Claudia Ioan)<\/div>\n<div dir=\"auto\"><\/div>\n<\/div>\n<div class=\"x11i5rnm xat24cr x1mh8g0r x1vvkbs xtlvy1s x126k92a\">\n<div dir=\"auto\">HARRY GRUYAERT &#8211; L&#8217;ESPLOSIONE DEL COLORE fa parte dei Seminari di Fotografia online del luned\u00ec a cura di Claudia Ioan, un percorso di formazione culturale permanente gratuita di durata annuale riservato agli associati ordinari e online di Officine Creative Italiane. Certificazione FIAF N16\/2022.<\/div>\n<\/div>\n<div class=\"x11i5rnm xat24cr x1mh8g0r x1vvkbs xtlvy1s x126k92a\">\n<div dir=\"auto\">Volete partecipare? \u00c8 facilissimo! La Tessera Online di Officine Creative Italiane \u00e8 a disposizione con validit\u00e0 al 31 dicembre 2023 al prezzo simbolico di 12\u20ac.<\/div>\n<div dir=\"auto\"><\/div>\n<div dir=\"auto\">Chiedeteci tutte le informazioni:<\/div>\n<div dir=\"auto\">info@officinecreativeitaliane.com<\/div>\n<div dir=\"auto\"><\/div>\n<\/div>\n<div class=\"x11i5rnm xat24cr x1mh8g0r x1vvkbs xtlvy1s x126k92a\">\n<div dir=\"auto\">(Fotografia Harry Gruyaert \u00a9)<\/div>\n<\/div>\n<\/div>\n<\/div>\n<\/div>\n<\/div>\n<div id=\":r14r:\" class=\"x1n2onr6\">\n<div class=\"x1n2onr6\"><\/div>\n<div class=\"x6ikm8r x10wlt62\"><\/div>\n<\/div>\n<\/div>\n<div class=\"x8gbvx8 xdppsyt x1n2xptk x78zum5 x1q0g3np x1qughib xz9dl7a xn6708d xsag5q8 xpkgp8e\">\n<div class=\"x6s0dn4 x78zum5 x1nhvcw1\"><img loading=\"lazy\" decoding=\"async\" class=\"alignnone size-full wp-image-2204\" src=\"https:\/\/fiaf.net\/umbria\/wp-content\/uploads\/sites\/11\/2023\/05\/HARRY-GRUYAERT-OFFICINE-CREATIVE-ITALIANE.jpg\" alt=\"\" width=\"1880\" height=\"1576\" srcset=\"https:\/\/fiaf.net\/umbria\/wp-content\/uploads\/sites\/11\/2023\/05\/HARRY-GRUYAERT-OFFICINE-CREATIVE-ITALIANE.jpg 1880w, https:\/\/fiaf.net\/umbria\/wp-content\/uploads\/sites\/11\/2023\/05\/HARRY-GRUYAERT-OFFICINE-CREATIVE-ITALIANE-300x251.jpg 300w, https:\/\/fiaf.net\/umbria\/wp-content\/uploads\/sites\/11\/2023\/05\/HARRY-GRUYAERT-OFFICINE-CREATIVE-ITALIANE-1024x858.jpg 1024w, https:\/\/fiaf.net\/umbria\/wp-content\/uploads\/sites\/11\/2023\/05\/HARRY-GRUYAERT-OFFICINE-CREATIVE-ITALIANE-768x644.jpg 768w, https:\/\/fiaf.net\/umbria\/wp-content\/uploads\/sites\/11\/2023\/05\/HARRY-GRUYAERT-OFFICINE-CREATIVE-ITALIANE-1536x1288.jpg 1536w\" sizes=\"auto, (max-width: 1880px) 100vw, 1880px\" \/><\/div>\n<div class=\"x78zum5 x13a6bvl\"><\/div>\n<\/div>\n<div>\n<div class=\"x168nmei x13lgxp2 x30kzoy x9jhf4c x6ikm8r x10wlt62\" data-visualcompletion=\"ignore-dynamic\">\n<div>\n<div>\n<div>\n<div class=\"x1n2onr6\">\n<div class=\"x6s0dn4 xi81zsa x78zum5 x6prxxf x13a6bvl xvq8zen xdj266r xktsk01 xat24cr x1d52u69 x889kno x4uap5 x1a8lsjc xkhd6sd xdppsyt\">\n<div class=\"x6s0dn4 x78zum5 x1iyjqo2 x6ikm8r x10wlt62\">\n<p>&nbsp;<\/p>\n<div class=\"\">\n<div class=\"x1i10hfl xjbqb8w x6umtig x1b1mbwd xaqea5y xav7gou x9f619 x1ypdohk xe8uvvx xdj266r x11i5rnm xat24cr x1mh8g0r xexx8yu x4uap5 x18d9i69 xkhd6sd x16tdsg8 x1hl2dhg xggy1nq x1o1ewxj x3x9cwd x1e5q0jg x13rtm0m x1n2onr6 x87ps6o x1lku1pv x1a2a7pz x1heor9g xnl1qt8 x6ikm8r x10wlt62 x1vjfegm x1lliihq\" role=\"button\"><\/div>\n<\/div>\n<\/div>\n<div class=\"x9f619 x1n2onr6 x1ja2u2z x78zum5 x2lah0s x1qughib x1qjc9v5 xozqiw3 x1q0g3np xykv574 xbmpl8g x4cne27 xifccgj\"><\/div>\n<\/div>\n<\/div>\n<\/div>\n<\/div>\n<\/div>\n<\/div>\n<\/div>\n\n    <div class=\"xs_social_share_widget xs_share_url after_content \t\tmain_content  wslu-style-1 wslu-share-box-shaped wslu-fill-colored wslu-none wslu-share-horizontal wslu-theme-font-no wslu-main_content\">\n\n\t\t\n        <ul>\n\t\t\t        <\/ul>\n    <\/div> \n","protected":false},"excerpt":{"rendered":"<p>OFFICINE CREATIVE ITALIANE presenta: HARRY GRUYAERT &#8211; L&#8217;ESPLOSIONE DEL COLORE A cura di Claudia Ioan, Direttrice DiD &#8211; Dipartimento Didattica &hellip;<\/p>\n","protected":false},"author":108,"featured_media":2204,"comment_status":"closed","ping_status":"closed","sticky":false,"template":"","format":"standard","meta":{"_acf_changed":false,"footnotes":""},"categories":[2,160],"tags":[25,49,103,121],"class_list":["post-2203","post","type-post","status-publish","format-standard","has-post-thumbnail","hentry","category-attivita-circoli","category-seminari-corsi-webinar","tag-claudia-ioan","tag-fiaf","tag-officine-creative-italiane","tag-seminari-di-fotografia"],"acf":[],"_links":{"self":[{"href":"https:\/\/fiaf.net\/umbria\/wp-json\/wp\/v2\/posts\/2203","targetHints":{"allow":["GET"]}}],"collection":[{"href":"https:\/\/fiaf.net\/umbria\/wp-json\/wp\/v2\/posts"}],"about":[{"href":"https:\/\/fiaf.net\/umbria\/wp-json\/wp\/v2\/types\/post"}],"author":[{"embeddable":true,"href":"https:\/\/fiaf.net\/umbria\/wp-json\/wp\/v2\/users\/108"}],"replies":[{"embeddable":true,"href":"https:\/\/fiaf.net\/umbria\/wp-json\/wp\/v2\/comments?post=2203"}],"version-history":[{"count":2,"href":"https:\/\/fiaf.net\/umbria\/wp-json\/wp\/v2\/posts\/2203\/revisions"}],"predecessor-version":[{"id":2206,"href":"https:\/\/fiaf.net\/umbria\/wp-json\/wp\/v2\/posts\/2203\/revisions\/2206"}],"wp:featuredmedia":[{"embeddable":true,"href":"https:\/\/fiaf.net\/umbria\/wp-json\/wp\/v2\/media\/2204"}],"wp:attachment":[{"href":"https:\/\/fiaf.net\/umbria\/wp-json\/wp\/v2\/media?parent=2203"}],"wp:term":[{"taxonomy":"category","embeddable":true,"href":"https:\/\/fiaf.net\/umbria\/wp-json\/wp\/v2\/categories?post=2203"},{"taxonomy":"post_tag","embeddable":true,"href":"https:\/\/fiaf.net\/umbria\/wp-json\/wp\/v2\/tags?post=2203"}],"curies":[{"name":"wp","href":"https:\/\/api.w.org\/{rel}","templated":true}]}}