{"id":2243,"date":"2023-06-21T19:42:20","date_gmt":"2023-06-21T17:42:20","guid":{"rendered":"https:\/\/fiaf.net\/umbria\/?p=2243"},"modified":"2023-06-21T19:46:17","modified_gmt":"2023-06-21T17:46:17","slug":"sullapparenza-delle-cose-di-fabio-barile","status":"publish","type":"post","link":"https:\/\/fiaf.net\/umbria\/sullapparenza-delle-cose-di-fabio-barile\/","title":{"rendered":"Sull\u2019apparenza delle cose di Fabio Barile"},"content":{"rendered":"<div class=\"xdj266r x11i5rnm xat24cr x1mh8g0r x1vvkbs x126k92a\"><\/div>\n<div dir=\"auto\">\n<p><strong>1 Luglio 2023 \u2013 23 Giugno 2024<\/strong><\/p>\n<p>Il Laboratorio di Cultura Fotografica presenta in mostra Sull\u2019apparenza delle cose, il nuovo lavoro di Fabio Barile.<br \/>\nL\u2019inaugurazione \u00e8 prevista per sabato 1 luglio dalle ore 11:30.<br \/>\nIl lavoro \u201cSull\u2019apparenza delle cose\u201d nasce da una committenza sul territorio di Citt\u00e0 della Pieve, un territorio<br \/>\nformatosi in tempi geologici al confine fra terra e mare, tra ambiente marino e ambiente fluviale.<br \/>\nSpinto dalla fascinazione per la storia geologica del luogo, ho deciso di usare la geologia unicamente come<br \/>\npunto di partenza, lasciando il campo di azione aperto alle possibilit\u00e0, lavorando come un fiume, che allo<br \/>\nstesso tempo scava il suo letto ed \u00e8 guidato dallo stesso.<br \/>\nL\u2019origine del territorio \u00e8 stato soltanto il primo mattone su cui costruire un percorso fatto di apertura alle<br \/>\npossibilit\u00e0. Cos\u00ec le due principali linee guida del mio lavoro sono diventate il colore giallo della parete<br \/>\nrocciosa, vista entrando nel borgo alla prima ricognizione, e l\u2019acqua, che ha plasmato il territorio nelle sue<br \/>\ncaratteristiche peculiari, queste due direttrici sono state lasciando per\u00f2 spazio a tutte le possibilit\u00e0<br \/>\n\u201cNo ideas but in things\u201d e \u201cLet the writing be of words\u201d recita la poesia di William Carlos Williams in apertura,<br \/>\npoesia che ho voluto utilizzare come manifesto, riportando la fotografia al puro atto di guardare, nessuna<br \/>\nidea se non nelle cose, nessuna idea se non nelle immagini, lasciate essere ci\u00f2 che sono, la sassifraga che<br \/>\nspacca le rocce.<br \/>\nFabio Barile \u00e8 nato a Barletta nel 1980 e si \u00e8 diplomato alla Fondazione Studio Marangoni a Firenze nel 2007.Ha<br \/>\niniziato la sua ricerca nel 2005 con un progetto sull\u2019erosione che interessa 1500 km di costa italiana. Questo progetto d\u00e0<br \/>\nil via ad un percorso incentrato sullo studio dei processi naturali del paesaggio.<br \/>\nNel 2017 espone una selezione di opere tratte dal suo progetto \u201cAn investigation of the laws observable in the<br \/>\ncomposition, dissolution and restoration of land\u201d presso l\u2019ICCD di Roma, in dialogo con immagini tratte dall\u2019 archivio<br \/>\ndell\u2019istituto. Tra il 2019 e il 2020 Barile partecipa alla grande mostra itinerante \u201cOn Earth -Imaging, technology and the<br \/>\nnatural world\u201d tenutasi in occasione della 50a edizione dei Rencontres d\u2019Arles, e poi al FOAM Museum di Amsterdam<br \/>\ne a Le Lieu Unique<br \/>\ndi Nantes.<br \/>\nNel 2020 un portfolio dei suoi lavori pi\u00f9 recenti \u00e8 stato pubblicato su FOAM Magazine n. 57 \u201cIn Limbo\u201d. Negli ultimi<br \/>\nanni ha esposto al MAXXI Roma e L\u2019Aquila, all\u2019American academy in Rome e alle Terme di Diocleziano assieme a<br \/>\nDomingo Milella, nella grande mostra \u201cLe Forme del Tempo.<br \/>\nLe sue opere sono nelle collezioni della Fondazione MAST di Bologna, dell\u2019Istituto Centrale per il Catalogo e la<br \/>\nDocumentazione di Roma, MAXXI e del FOAM Museum di Amsterdam oltre che in numerose collezioni private.<\/p>\n<p><strong>Info Mostra<\/strong><br \/>\nLaboratorio di Cultura Fotografica il Forno<br \/>\nVia F. Melosio 20\/26 &#8211; Citt\u00e0 della Pieve<\/p>\n<p><strong>Ingresso gratuito<\/strong><\/p>\n<p><strong>Orari di visita:<\/strong><br \/>\ngioved\u00ec &#8211; sabato 10.00 &#8211; 13.00 \/ 15.30 &#8211; 19.30<br \/>\ndomenica 10.00 -13.00<br \/>\nChiuso luned\u00ec &#8211; marted\u00ec &#8211; mercoled\u00ec e domenica pomeriggio<\/p>\n<p><em>Le stampe della mostra Sull\u2019apparenza delle cose sono state realizzate da Digid\u2019A Fine Art Lab<\/em><br \/>\n<em>Il catalogo Sull\u2019apparenza delle cose \u00e8 in vendita presso il bookshop del Laboratorio di Cultura Fotografica il Forno<\/em><\/p>\n<p>fotografiacittadellapieve@gmail.com<br \/>\ntel. 0578 299220<br \/>\nwww.fotografiacittadellapieve.it<\/p>\n<p>&nbsp;<\/p>\n<\/div>\n<p><img loading=\"lazy\" decoding=\"async\" class=\"alignnone size-full wp-image-2244\" src=\"https:\/\/fiaf.net\/umbria\/wp-content\/uploads\/sites\/11\/2023\/06\/invito-Sullapparenza-delle-cose-di-Fabio-Barile.jpg\" alt=\"\" width=\"1080\" height=\"1080\" srcset=\"https:\/\/fiaf.net\/umbria\/wp-content\/uploads\/sites\/11\/2023\/06\/invito-Sullapparenza-delle-cose-di-Fabio-Barile.jpg 1080w, https:\/\/fiaf.net\/umbria\/wp-content\/uploads\/sites\/11\/2023\/06\/invito-Sullapparenza-delle-cose-di-Fabio-Barile-300x300.jpg 300w, https:\/\/fiaf.net\/umbria\/wp-content\/uploads\/sites\/11\/2023\/06\/invito-Sullapparenza-delle-cose-di-Fabio-Barile-1024x1024.jpg 1024w, https:\/\/fiaf.net\/umbria\/wp-content\/uploads\/sites\/11\/2023\/06\/invito-Sullapparenza-delle-cose-di-Fabio-Barile-150x150.jpg 150w, https:\/\/fiaf.net\/umbria\/wp-content\/uploads\/sites\/11\/2023\/06\/invito-Sullapparenza-delle-cose-di-Fabio-Barile-768x768.jpg 768w\" sizes=\"auto, (max-width: 1080px) 100vw, 1080px\" \/><\/p>\n<div dir=\"auto\"><\/div>\n<div dir=\"auto\"><\/div>\n\n    <div class=\"xs_social_share_widget xs_share_url after_content \t\tmain_content  wslu-style-1 wslu-share-box-shaped wslu-fill-colored wslu-none wslu-share-horizontal wslu-theme-font-no wslu-main_content\">\n\n\t\t\n        <ul>\n\t\t\t        <\/ul>\n    <\/div> \n","protected":false},"excerpt":{"rendered":"<p>1 Luglio 2023 \u2013 23 Giugno 2024 Il Laboratorio di Cultura Fotografica presenta in mostra Sull\u2019apparenza delle cose, il nuovo &hellip;<\/p>\n","protected":false},"author":108,"featured_media":2244,"comment_status":"closed","ping_status":"closed","sticky":false,"template":"","format":"standard","meta":{"_acf_changed":false,"footnotes":""},"categories":[2,7],"tags":[49,50,201],"class_list":["post-2243","post","type-post","status-publish","format-standard","has-post-thumbnail","hentry","category-attivita-circoli","category-mostre","tag-fiaf","tag-fiaf-umbria","tag-mostre"],"acf":[],"_links":{"self":[{"href":"https:\/\/fiaf.net\/umbria\/wp-json\/wp\/v2\/posts\/2243","targetHints":{"allow":["GET"]}}],"collection":[{"href":"https:\/\/fiaf.net\/umbria\/wp-json\/wp\/v2\/posts"}],"about":[{"href":"https:\/\/fiaf.net\/umbria\/wp-json\/wp\/v2\/types\/post"}],"author":[{"embeddable":true,"href":"https:\/\/fiaf.net\/umbria\/wp-json\/wp\/v2\/users\/108"}],"replies":[{"embeddable":true,"href":"https:\/\/fiaf.net\/umbria\/wp-json\/wp\/v2\/comments?post=2243"}],"version-history":[{"count":4,"href":"https:\/\/fiaf.net\/umbria\/wp-json\/wp\/v2\/posts\/2243\/revisions"}],"predecessor-version":[{"id":2248,"href":"https:\/\/fiaf.net\/umbria\/wp-json\/wp\/v2\/posts\/2243\/revisions\/2248"}],"wp:featuredmedia":[{"embeddable":true,"href":"https:\/\/fiaf.net\/umbria\/wp-json\/wp\/v2\/media\/2244"}],"wp:attachment":[{"href":"https:\/\/fiaf.net\/umbria\/wp-json\/wp\/v2\/media?parent=2243"}],"wp:term":[{"taxonomy":"category","embeddable":true,"href":"https:\/\/fiaf.net\/umbria\/wp-json\/wp\/v2\/categories?post=2243"},{"taxonomy":"post_tag","embeddable":true,"href":"https:\/\/fiaf.net\/umbria\/wp-json\/wp\/v2\/tags?post=2243"}],"curies":[{"name":"wp","href":"https:\/\/api.w.org\/{rel}","templated":true}]}}