{"id":2311,"date":"2023-10-07T17:25:24","date_gmt":"2023-10-07T15:25:24","guid":{"rendered":"https:\/\/fiaf.net\/umbria\/?p=2311"},"modified":"2023-10-07T17:25:24","modified_gmt":"2023-10-07T15:25:24","slug":"thomas-ruff-seminario-di-fotografia-online-con-claudia-ioan","status":"publish","type":"post","link":"https:\/\/fiaf.net\/umbria\/thomas-ruff-seminario-di-fotografia-online-con-claudia-ioan\/","title":{"rendered":"THOMAS RUFF, Seminario di Fotografia online con Claudia Ioan"},"content":{"rendered":"<div class=\"xdj266r x11i5rnm xat24cr x1mh8g0r x1vvkbs x126k92a\">\n<div dir=\"auto\">Officine Creative Italiane presenta:<\/div>\n<\/div>\n<div class=\"x11i5rnm xat24cr x1mh8g0r x1vvkbs xtlvy1s x126k92a\">\n<div dir=\"auto\">LUNED\u00cc 9 OTTOBRE 2023 ORE 21:30<\/div>\n<div dir=\"auto\">THOMAS RUFF<\/div>\n<div dir=\"auto\">Seminario di Fotografia ONLINE<\/div>\n<div dir=\"auto\">A cura di Claudia Ioan, Direttrice Dipartimento Didattica FIAF<\/div>\n<div dir=\"auto\"><\/div>\n<\/div>\n<div class=\"x11i5rnm xat24cr x1mh8g0r x1vvkbs xtlvy1s x126k92a\">\n<div dir=\"auto\">&#8220;THOMAS RUFF, classe 1958, \u00e8 uno dei massimi esponenti della leggendaria Scuola di D\u00fcsseldorf, citt\u00e0 dove risiede e lavora. Allievo dei coniugi Becher, a partire dagli Anni \u201880 e soprattutto \u201890 ha intrapreso una carriera fulminante nel campo della fotografia artistica. Vocato a una forte progettualit\u00e0, noto per il suo uso del grande formato e per le sue stampe di dimensioni monumentali, ha saputo esplorare anche tutte le opportunit\u00e0 che il progresso tecnologico ha offerto negli ultimi decenni, spaziando in modo sorprendete e con naturalezza tra generi e linguaggi. Un vero esempio di contemporaneit\u00e0 in Fotografia.&#8221; (Claudia Ioan)<\/div>\n<div dir=\"auto\"><\/div>\n<\/div>\n<div class=\"x11i5rnm xat24cr x1mh8g0r x1vvkbs xtlvy1s x126k92a\">\n<div dir=\"auto\">THOMAS RUFF fa parte dei Seminari di Fotografia online del luned\u00ec a cura di Claudia Ioan, un percorso di formazione culturale permanente gratuita di durata annuale riservato agli associati ordinari e online di Officine Creative Italiane, giunto ormai alla sua sesta edizione.<\/div>\n<\/div>\n<div class=\"x11i5rnm xat24cr x1mh8g0r x1vvkbs xtlvy1s x126k92a\">\n<div dir=\"auto\">CERTIFICAZIONE FIAF N08\/2023<\/div>\n<div dir=\"auto\"><\/div>\n<\/div>\n<div class=\"x11i5rnm xat24cr x1mh8g0r x1vvkbs xtlvy1s x126k92a\">\n<div dir=\"auto\">Chiedeteci tutte le informazioni:<\/div>\n<div dir=\"auto\">info@officinecreativeitaliane.com<\/div>\n<div dir=\"auto\"><\/div>\n<div dir=\"auto\">(Fotografia in locandina: Thomas Ruff \u00a9)<\/div>\n<\/div>\n<div class=\"x11i5rnm xat24cr x1mh8g0r x1vvkbs xtlvy1s x126k92a\">\n<div dir=\"auto\"><\/div>\n<\/div>\n<div dir=\"auto\"><\/div>\n<div dir=\"auto\">\n<figure id=\"attachment_2312\" aria-describedby=\"caption-attachment-2312\" style=\"width: 1200px\" class=\"wp-caption alignnone\"><img loading=\"lazy\" decoding=\"async\" class=\"size-full wp-image-2312\" src=\"https:\/\/fiaf.net\/umbria\/wp-content\/uploads\/sites\/11\/2023\/10\/1200px-Ruff_Thomas_220507_koeln_museum_ludwig.jpg\" alt=\"\" width=\"1200\" height=\"1483\" srcset=\"https:\/\/fiaf.net\/umbria\/wp-content\/uploads\/sites\/11\/2023\/10\/1200px-Ruff_Thomas_220507_koeln_museum_ludwig.jpg 1200w, https:\/\/fiaf.net\/umbria\/wp-content\/uploads\/sites\/11\/2023\/10\/1200px-Ruff_Thomas_220507_koeln_museum_ludwig-243x300.jpg 243w, https:\/\/fiaf.net\/umbria\/wp-content\/uploads\/sites\/11\/2023\/10\/1200px-Ruff_Thomas_220507_koeln_museum_ludwig-829x1024.jpg 829w, https:\/\/fiaf.net\/umbria\/wp-content\/uploads\/sites\/11\/2023\/10\/1200px-Ruff_Thomas_220507_koeln_museum_ludwig-768x949.jpg 768w\" sizes=\"auto, (max-width: 1200px) 100vw, 1200px\" \/><figcaption id=\"caption-attachment-2312\" class=\"wp-caption-text\">Thomas Ruff<\/figcaption><\/figure>\n<\/div>\n<p><img loading=\"lazy\" decoding=\"async\" class=\"alignnone size-full wp-image-2313\" src=\"https:\/\/fiaf.net\/umbria\/wp-content\/uploads\/sites\/11\/2023\/10\/Post-Officine-Creative-Italiane-copia-4.jpg\" alt=\"\" width=\"1880\" height=\"1576\" srcset=\"https:\/\/fiaf.net\/umbria\/wp-content\/uploads\/sites\/11\/2023\/10\/Post-Officine-Creative-Italiane-copia-4.jpg 1880w, https:\/\/fiaf.net\/umbria\/wp-content\/uploads\/sites\/11\/2023\/10\/Post-Officine-Creative-Italiane-copia-4-300x251.jpg 300w, https:\/\/fiaf.net\/umbria\/wp-content\/uploads\/sites\/11\/2023\/10\/Post-Officine-Creative-Italiane-copia-4-1024x858.jpg 1024w, https:\/\/fiaf.net\/umbria\/wp-content\/uploads\/sites\/11\/2023\/10\/Post-Officine-Creative-Italiane-copia-4-768x644.jpg 768w, https:\/\/fiaf.net\/umbria\/wp-content\/uploads\/sites\/11\/2023\/10\/Post-Officine-Creative-Italiane-copia-4-1536x1288.jpg 1536w\" sizes=\"auto, (max-width: 1880px) 100vw, 1880px\" \/><\/p>\n\n    <div class=\"xs_social_share_widget xs_share_url after_content \t\tmain_content  wslu-style-1 wslu-share-box-shaped wslu-fill-colored wslu-none wslu-share-horizontal wslu-theme-font-no wslu-main_content\">\n\n\t\t\n        <ul>\n\t\t\t        <\/ul>\n    <\/div> \n","protected":false},"excerpt":{"rendered":"<p>Officine Creative Italiane presenta: LUNED\u00cc 9 OTTOBRE 2023 ORE 21:30 THOMAS RUFF Seminario di Fotografia ONLINE A cura di Claudia &hellip;<\/p>\n","protected":false},"author":108,"featured_media":2313,"comment_status":"closed","ping_status":"closed","sticky":false,"template":"","format":"standard","meta":{"_acf_changed":false,"footnotes":""},"categories":[2,160],"tags":[25,49,103],"class_list":["post-2311","post","type-post","status-publish","format-standard","has-post-thumbnail","hentry","category-attivita-circoli","category-seminari-corsi-webinar","tag-claudia-ioan","tag-fiaf","tag-officine-creative-italiane"],"acf":[],"_links":{"self":[{"href":"https:\/\/fiaf.net\/umbria\/wp-json\/wp\/v2\/posts\/2311","targetHints":{"allow":["GET"]}}],"collection":[{"href":"https:\/\/fiaf.net\/umbria\/wp-json\/wp\/v2\/posts"}],"about":[{"href":"https:\/\/fiaf.net\/umbria\/wp-json\/wp\/v2\/types\/post"}],"author":[{"embeddable":true,"href":"https:\/\/fiaf.net\/umbria\/wp-json\/wp\/v2\/users\/108"}],"replies":[{"embeddable":true,"href":"https:\/\/fiaf.net\/umbria\/wp-json\/wp\/v2\/comments?post=2311"}],"version-history":[{"count":1,"href":"https:\/\/fiaf.net\/umbria\/wp-json\/wp\/v2\/posts\/2311\/revisions"}],"predecessor-version":[{"id":2314,"href":"https:\/\/fiaf.net\/umbria\/wp-json\/wp\/v2\/posts\/2311\/revisions\/2314"}],"wp:featuredmedia":[{"embeddable":true,"href":"https:\/\/fiaf.net\/umbria\/wp-json\/wp\/v2\/media\/2313"}],"wp:attachment":[{"href":"https:\/\/fiaf.net\/umbria\/wp-json\/wp\/v2\/media?parent=2311"}],"wp:term":[{"taxonomy":"category","embeddable":true,"href":"https:\/\/fiaf.net\/umbria\/wp-json\/wp\/v2\/categories?post=2311"},{"taxonomy":"post_tag","embeddable":true,"href":"https:\/\/fiaf.net\/umbria\/wp-json\/wp\/v2\/tags?post=2311"}],"curies":[{"name":"wp","href":"https:\/\/api.w.org\/{rel}","templated":true}]}}