{"id":2481,"date":"2024-02-16T12:58:19","date_gmt":"2024-02-16T11:58:19","guid":{"rendered":"https:\/\/fiaf.net\/umbria\/?p=2481"},"modified":"2024-02-16T12:58:19","modified_gmt":"2024-02-16T11:58:19","slug":"fiction-non-fiction-la-fotografia-tra-realta-e-finzione-1-seminario-di-fotografia-online-con-claudia-ioan","status":"publish","type":"post","link":"https:\/\/fiaf.net\/umbria\/fiction-non-fiction-la-fotografia-tra-realta-e-finzione-1-seminario-di-fotografia-online-con-claudia-ioan\/","title":{"rendered":"FICTION \/ NON-FICTION &#8211; La Fotografia tra realt\u00e0 e finzione #1, Seminario di Fotografia online con Claudia Ioan"},"content":{"rendered":"<p>Officine Creative Italiane presenta:<br \/>\n<strong>FICTION \/ NON-FICTION<\/strong>\u00a0&#8211; La Fotografia tra realt\u00e0 e finzione #1<br \/>\nSeminario di Fotografia ONLINE<br \/>\nA cura di Claudia Ioan Direttrice Dipartimento Didattica FIAF<br \/>\n<strong>LUNED\u00cc 19 FEBBRAIO 2024<\/strong> collegamento ORE 21:15<\/p>\n<p>\u201cLa Fotografia mente sempre, dice Joan Fontcuberta. Nella Fotografia contemporanea il confine tra realt\u00e0 e finzione \u00e8 spesso ambiguo: sempre pi\u00f9 di frequente la fotografia mescola generi, linguaggi e approcci in modo innovativo. La rappresentazione dei fatti pu\u00f2 contenere elementi manipolati? La Staged Photography pu\u00f2 parlare della realt\u00e0? Sin dalle origini, comunque, la fotografia ha smentito l\u2019ipotesi di limitarsi a riprodurre la realt\u00e0: esprime da sempre, liberamente, il punto di vista dell\u2019autore, la sua interpretazione del mondo e\/o il frutto della sua immaginazione. Insieme, analizzeremo una serie di opere fotografiche di autori della contemporaneit\u00e0 che si muovono tra fatto (verit\u00e0?) e finzione, e ne scopriremo l\u2019affascinante mondo.&#8221;<br \/>\n(Claudia Ioan)<\/p>\n<p>FICTION \/ NON-FICTION\u00a0&#8211; La Fotografia tra realt\u00e0 e finzione #1 fa parte dei Seminari di Fotografia online del luned\u00ec a cura di Claudia Ioan, un percorso di formazione culturale permanente gratuita di durata annuale riservato agli associati ordinari e online di Officine Creative Italiane, giunto ormai alla sua sesta edizione.<br \/>\nCERTIFICAZIONE FIAF N08\/2023<\/p>\n<p>Claudia Ioan \u00e8 Docente universitaria e Leica Akademie di Fotografia e Storia della fotografia, fotografa professionista Certified By Leica, Direttrice Dipartimento Didattica FIAF.<\/p>\n<p>Volete partecipare? Chiedeteci tutte le informazioni:<br \/>\n<a href=\"mailto:info@officinecreativeitaliane.com\">info@officinecreativeitaliane.com<\/a><\/p>\n<p>La serata \u00e8 riservata agli associati ordinari e ai titolari della Tessera Online 2024 di Officine Creative Italiane, e il link sar\u00e0 pubblicato nei Gruppi di Associazione.<\/p>\n<p><em>(Fotografia di Julie Blackmon \u00a9)<\/em><\/p>\n<p>&nbsp;<\/p>\n<p><img loading=\"lazy\" decoding=\"async\" class=\"alignnone size-full wp-image-2482\" src=\"https:\/\/fiaf.net\/umbria\/wp-content\/uploads\/sites\/11\/2024\/02\/BlackmonPic1-scaled.jpg\" alt=\"\" width=\"2202\" height=\"2560\" srcset=\"https:\/\/fiaf.net\/umbria\/wp-content\/uploads\/sites\/11\/2024\/02\/BlackmonPic1-scaled.jpg 2202w, https:\/\/fiaf.net\/umbria\/wp-content\/uploads\/sites\/11\/2024\/02\/BlackmonPic1-258x300.jpg 258w, https:\/\/fiaf.net\/umbria\/wp-content\/uploads\/sites\/11\/2024\/02\/BlackmonPic1-881x1024.jpg 881w, https:\/\/fiaf.net\/umbria\/wp-content\/uploads\/sites\/11\/2024\/02\/BlackmonPic1-768x893.jpg 768w, https:\/\/fiaf.net\/umbria\/wp-content\/uploads\/sites\/11\/2024\/02\/BlackmonPic1-1321x1536.jpg 1321w, https:\/\/fiaf.net\/umbria\/wp-content\/uploads\/sites\/11\/2024\/02\/BlackmonPic1-1761x2048.jpg 1761w\" sizes=\"auto, (max-width: 2202px) 100vw, 2202px\" \/><\/p>\n<p>&nbsp;<\/p>\n<p><img loading=\"lazy\" decoding=\"async\" class=\"alignnone size-full wp-image-2483\" src=\"https:\/\/fiaf.net\/umbria\/wp-content\/uploads\/sites\/11\/2024\/02\/Post-Officine-Creative-Italiane-2-3.jpg\" alt=\"\" width=\"1880\" height=\"1576\" srcset=\"https:\/\/fiaf.net\/umbria\/wp-content\/uploads\/sites\/11\/2024\/02\/Post-Officine-Creative-Italiane-2-3.jpg 1880w, https:\/\/fiaf.net\/umbria\/wp-content\/uploads\/sites\/11\/2024\/02\/Post-Officine-Creative-Italiane-2-3-300x251.jpg 300w, https:\/\/fiaf.net\/umbria\/wp-content\/uploads\/sites\/11\/2024\/02\/Post-Officine-Creative-Italiane-2-3-1024x858.jpg 1024w, https:\/\/fiaf.net\/umbria\/wp-content\/uploads\/sites\/11\/2024\/02\/Post-Officine-Creative-Italiane-2-3-768x644.jpg 768w, https:\/\/fiaf.net\/umbria\/wp-content\/uploads\/sites\/11\/2024\/02\/Post-Officine-Creative-Italiane-2-3-1536x1288.jpg 1536w\" sizes=\"auto, (max-width: 1880px) 100vw, 1880px\" \/><\/p>\n\n    <div class=\"xs_social_share_widget xs_share_url after_content \t\tmain_content  wslu-style-1 wslu-share-box-shaped wslu-fill-colored wslu-none wslu-share-horizontal wslu-theme-font-no wslu-main_content\">\n\n\t\t\n        <ul>\n\t\t\t        <\/ul>\n    <\/div> \n","protected":false},"excerpt":{"rendered":"<p>Officine Creative Italiane presenta: FICTION \/ NON-FICTION\u00a0&#8211; La Fotografia tra realt\u00e0 e finzione #1 Seminario di Fotografia ONLINE A cura &hellip;<\/p>\n","protected":false},"author":108,"featured_media":2483,"comment_status":"closed","ping_status":"closed","sticky":false,"template":"","format":"standard","meta":{"_acf_changed":false,"footnotes":""},"categories":[2,160],"tags":[],"class_list":["post-2481","post","type-post","status-publish","format-standard","has-post-thumbnail","hentry","category-attivita-circoli","category-seminari-corsi-webinar"],"acf":[],"_links":{"self":[{"href":"https:\/\/fiaf.net\/umbria\/wp-json\/wp\/v2\/posts\/2481","targetHints":{"allow":["GET"]}}],"collection":[{"href":"https:\/\/fiaf.net\/umbria\/wp-json\/wp\/v2\/posts"}],"about":[{"href":"https:\/\/fiaf.net\/umbria\/wp-json\/wp\/v2\/types\/post"}],"author":[{"embeddable":true,"href":"https:\/\/fiaf.net\/umbria\/wp-json\/wp\/v2\/users\/108"}],"replies":[{"embeddable":true,"href":"https:\/\/fiaf.net\/umbria\/wp-json\/wp\/v2\/comments?post=2481"}],"version-history":[{"count":1,"href":"https:\/\/fiaf.net\/umbria\/wp-json\/wp\/v2\/posts\/2481\/revisions"}],"predecessor-version":[{"id":2484,"href":"https:\/\/fiaf.net\/umbria\/wp-json\/wp\/v2\/posts\/2481\/revisions\/2484"}],"wp:featuredmedia":[{"embeddable":true,"href":"https:\/\/fiaf.net\/umbria\/wp-json\/wp\/v2\/media\/2483"}],"wp:attachment":[{"href":"https:\/\/fiaf.net\/umbria\/wp-json\/wp\/v2\/media?parent=2481"}],"wp:term":[{"taxonomy":"category","embeddable":true,"href":"https:\/\/fiaf.net\/umbria\/wp-json\/wp\/v2\/categories?post=2481"},{"taxonomy":"post_tag","embeddable":true,"href":"https:\/\/fiaf.net\/umbria\/wp-json\/wp\/v2\/tags?post=2481"}],"curies":[{"name":"wp","href":"https:\/\/api.w.org\/{rel}","templated":true}]}}