{"id":2526,"date":"2024-04-06T11:58:14","date_gmt":"2024-04-06T09:58:14","guid":{"rendered":"https:\/\/fiaf.net\/umbria\/?p=2526"},"modified":"2024-04-06T11:58:14","modified_gmt":"2024-04-06T09:58:14","slug":"lautoritratto-seminario-di-fotografia-online-con-claudia-ioan","status":"publish","type":"post","link":"https:\/\/fiaf.net\/umbria\/lautoritratto-seminario-di-fotografia-online-con-claudia-ioan\/","title":{"rendered":"L&#8217;AUTORITRATTO, Seminario di Fotografia ONLINE con Claudia Ioan"},"content":{"rendered":"<div class=\"xdj266r x11i5rnm xat24cr x1mh8g0r x1vvkbs x126k92a\">\n<div dir=\"auto\">Officine Creative Italiane presenta:<\/div>\n<div dir=\"auto\">L\u2019AUTORITRATTO<\/div>\n<div dir=\"auto\">L&#8217;autorappresentazione nelle arti di ieri e oggi<\/div>\n<div dir=\"auto\">A cura di Claudia Ioan, Direttrice DiD FIAF &#8211; Dipartimento Didattica della FIAF<\/div>\n<div dir=\"auto\">LUNED\u00cc 8 APRILE 2024 collegamento ORE 21:15<\/div>\n<div dir=\"auto\">Ciclo di SEMINARI DI FOTOGRAFIA ONLINE<\/div>\n<div dir=\"auto\">Primo appuntamento: Una pratica contemporanea dalle radici antiche<\/div>\n<\/div>\n<div class=\"x11i5rnm xat24cr x1mh8g0r x1vvkbs xtlvy1s x126k92a\">\n<div dir=\"auto\">L\u2019autoritratto \u00e8 una pratica che conosce attualmente una diffusione impressionante, ma non \u00e8 certamente un fenomeno circoscritto alla nostra contemporaneit\u00e0: si afferma storicamente nelle arti visive alcuni secoli fa, quando l\u2019artista assume prestigio culturale e sociale. L\u2019autoritratto diventa allora un genere autonomo, che testimonia della consapevolezza del ruolo professionale svolto dall\u2019artista e della centralit\u00e0 della sua figura. La fotografia espande a velocit\u00e0 vertiginosa le opportunit\u00e0 di autoraffigurazione, consentendo agli autori di realizzare grazie alla luce un\u2019immagine di s\u00e9 rispondente a una precisa volont\u00e0 e visione di natura artistica. Oggi, in un\u2019epoca in cui circolano miliardi di dispositivi mobili dotati di fotocamera nativa, si assiste al dilagante fenomeno del selfie, dal carattere estemporaneo e normalmente privo di intenzione artistica. Il panorama del visivo non \u00e8 mai stato cos\u00ec concentrato sull\u2019essere umano e sull\u2019immagine di s\u00e9 che questi decide di proiettare verso l\u2019esterno.<\/div>\n<\/div>\n<div class=\"x11i5rnm xat24cr x1mh8g0r x1vvkbs xtlvy1s x126k92a\">\n<div dir=\"auto\">L\u2019AUTORITRATTO &#8211; L\u2019AUTORAPPRESENTAZIONE NELLE ARTI DI IERI E OGGI fa parte dei Seminari di Fotografia online del luned\u00ec a cura di Claudia Ioan, un percorso di formazione culturale permanente gratuita di durata annuale riservato agli associati ordinari e online di Officine Creative Italiane.<\/div>\n<\/div>\n<div class=\"x11i5rnm xat24cr x1mh8g0r x1vvkbs xtlvy1s x126k92a\">\n<div dir=\"auto\">Certificazione FIAF N08\/2023.<\/div>\n<\/div>\n<div class=\"x11i5rnm xat24cr x1mh8g0r x1vvkbs xtlvy1s x126k92a\">\n<div dir=\"auto\">Volete partecipare? \u00c8 facilissimo! La Tessera Online di Officine Creative Italiane \u00e8 a disposizione con validit\u00e0 al 31 dicembre 2024 al prezzo simbolico di 12\u20ac.<\/div>\n<\/div>\n<div class=\"x11i5rnm xat24cr x1mh8g0r x1vvkbs xtlvy1s x126k92a\">\n<div dir=\"auto\">Chiedeteci tutte le informazioni:<\/div>\n<div dir=\"auto\">info@officinecreativeitaliane.com<\/div>\n<\/div>\n<div class=\"x11i5rnm xat24cr x1mh8g0r x1vvkbs xtlvy1s x126k92a\">\n<div dir=\"auto\">(Fotografia Robert Mapplethorpe \u00a9)<\/div>\n<\/div>\n<div dir=\"auto\"><\/div>\n<div dir=\"auto\"><img loading=\"lazy\" decoding=\"async\" class=\"alignnone size-full wp-image-2527\" src=\"https:\/\/fiaf.net\/umbria\/wp-content\/uploads\/sites\/11\/2024\/04\/Post-Officine-Creative-Italiane-5.jpg\" alt=\"\" width=\"1880\" height=\"1576\" srcset=\"https:\/\/fiaf.net\/umbria\/wp-content\/uploads\/sites\/11\/2024\/04\/Post-Officine-Creative-Italiane-5.jpg 1880w, https:\/\/fiaf.net\/umbria\/wp-content\/uploads\/sites\/11\/2024\/04\/Post-Officine-Creative-Italiane-5-300x251.jpg 300w, https:\/\/fiaf.net\/umbria\/wp-content\/uploads\/sites\/11\/2024\/04\/Post-Officine-Creative-Italiane-5-1024x858.jpg 1024w, https:\/\/fiaf.net\/umbria\/wp-content\/uploads\/sites\/11\/2024\/04\/Post-Officine-Creative-Italiane-5-768x644.jpg 768w, https:\/\/fiaf.net\/umbria\/wp-content\/uploads\/sites\/11\/2024\/04\/Post-Officine-Creative-Italiane-5-1536x1288.jpg 1536w\" sizes=\"auto, (max-width: 1880px) 100vw, 1880px\" \/><\/div>\n\n    <div class=\"xs_social_share_widget xs_share_url after_content \t\tmain_content  wslu-style-1 wslu-share-box-shaped wslu-fill-colored wslu-none wslu-share-horizontal wslu-theme-font-no wslu-main_content\">\n\n\t\t\n        <ul>\n\t\t\t        <\/ul>\n    <\/div> \n","protected":false},"excerpt":{"rendered":"<p>Officine Creative Italiane presenta: L\u2019AUTORITRATTO L&#8217;autorappresentazione nelle arti di ieri e oggi A cura di Claudia Ioan, Direttrice DiD FIAF &hellip;<\/p>\n","protected":false},"author":108,"featured_media":2527,"comment_status":"closed","ping_status":"closed","sticky":false,"template":"","format":"standard","meta":{"_acf_changed":false,"footnotes":""},"categories":[160],"tags":[25,49,103,213],"class_list":["post-2526","post","type-post","status-publish","format-standard","has-post-thumbnail","hentry","category-seminari-corsi-webinar","tag-claudia-ioan","tag-fiaf","tag-officine-creative-italiane","tag-webinar"],"acf":[],"_links":{"self":[{"href":"https:\/\/fiaf.net\/umbria\/wp-json\/wp\/v2\/posts\/2526","targetHints":{"allow":["GET"]}}],"collection":[{"href":"https:\/\/fiaf.net\/umbria\/wp-json\/wp\/v2\/posts"}],"about":[{"href":"https:\/\/fiaf.net\/umbria\/wp-json\/wp\/v2\/types\/post"}],"author":[{"embeddable":true,"href":"https:\/\/fiaf.net\/umbria\/wp-json\/wp\/v2\/users\/108"}],"replies":[{"embeddable":true,"href":"https:\/\/fiaf.net\/umbria\/wp-json\/wp\/v2\/comments?post=2526"}],"version-history":[{"count":1,"href":"https:\/\/fiaf.net\/umbria\/wp-json\/wp\/v2\/posts\/2526\/revisions"}],"predecessor-version":[{"id":2528,"href":"https:\/\/fiaf.net\/umbria\/wp-json\/wp\/v2\/posts\/2526\/revisions\/2528"}],"wp:featuredmedia":[{"embeddable":true,"href":"https:\/\/fiaf.net\/umbria\/wp-json\/wp\/v2\/media\/2527"}],"wp:attachment":[{"href":"https:\/\/fiaf.net\/umbria\/wp-json\/wp\/v2\/media?parent=2526"}],"wp:term":[{"taxonomy":"category","embeddable":true,"href":"https:\/\/fiaf.net\/umbria\/wp-json\/wp\/v2\/categories?post=2526"},{"taxonomy":"post_tag","embeddable":true,"href":"https:\/\/fiaf.net\/umbria\/wp-json\/wp\/v2\/tags?post=2526"}],"curies":[{"name":"wp","href":"https:\/\/api.w.org\/{rel}","templated":true}]}}