{"id":835,"date":"2019-11-01T21:41:30","date_gmt":"2019-11-01T19:41:30","guid":{"rendered":"https:\/\/fiaf.net\/regioni\/umbria\/?p=835"},"modified":"2019-11-01T21:41:30","modified_gmt":"2019-11-01T19:41:30","slug":"galleria-fiaf-perugia-progetto-collettivo-spontanea-home-dal-19-ottobre-al-10-novembre-2019","status":"publish","type":"post","link":"https:\/\/fiaf.net\/umbria\/galleria-fiaf-perugia-progetto-collettivo-spontanea-home-dal-19-ottobre-al-10-novembre-2019\/","title":{"rendered":"Galleria Fiaf Perugia | Progetto collettivo Spontanea &#8220;HOME&#8221; | dal 19 ottobre al 10 novembre 2019"},"content":{"rendered":"<p>Si parte e si fa ritorno a casa. E la casa pu\u00f2 essere tutto: la casa dei propri genitori, una terra che \u00e8 una nuova promessa, le proprie radici oppure una persona. La casa \u00e8 cos\u00ec importante che abbiamo tantissimi nomi per le case e definiamo gli altri in base a se hanno o non hanno una casa. Le case si costruiscono, le case si abbattono, le case si affittano e le case si mandano in rovina. Ma nessun luogo \u00e8 come casa.<\/p>\n<p>Il collettivo Spontanea esplora il tema della Casa, qualsiasi cosa rappresenti per chi guarda.<\/p>\n<p>Autori in mostra:\u00a0Emilio Barillaro, Dino Jasarevic, Lorenzo Lessi, Stefano Mirabella, Fabrizio Quagliuso, Umberto Verdoliva.<\/p>\n<p>Inaugurazione sabato 19 ottobre ore 17.30 | Galleria Fiaf Perugia, Museo civico di Palazzo della Penna<\/p>\n<p><a href=\"https:\/\/fiaf.net\/umbria\/wp-content\/uploads\/sites\/11\/2019\/11\/72489426_2723756777713239_2018179938112241664_o.jpg\"><img loading=\"lazy\" decoding=\"async\" class=\"aligncenter size-full wp-image-836\" alt=\"72489426_2723756777713239_2018179938112241664_o\" src=\"https:\/\/fiaf.net\/umbria\/wp-content\/uploads\/sites\/11\/2019\/11\/72489426_2723756777713239_2018179938112241664_o.jpg\" width=\"717\" height=\"1024\" srcset=\"https:\/\/fiaf.net\/umbria\/wp-content\/uploads\/sites\/11\/2019\/11\/72489426_2723756777713239_2018179938112241664_o.jpg 717w, https:\/\/fiaf.net\/umbria\/wp-content\/uploads\/sites\/11\/2019\/11\/72489426_2723756777713239_2018179938112241664_o-210x300.jpg 210w\" sizes=\"auto, (max-width: 717px) 100vw, 717px\" \/><\/a><\/p>\n\n    <div class=\"xs_social_share_widget xs_share_url after_content \t\tmain_content  wslu-style-1 wslu-share-box-shaped wslu-fill-colored wslu-none wslu-share-horizontal wslu-theme-font-no wslu-main_content\">\n\n\t\t\n        <ul>\n\t\t\t        <\/ul>\n    <\/div> \n","protected":false},"excerpt":{"rendered":"<p>Si parte e si fa ritorno a casa. E la casa pu\u00f2 essere tutto: la casa dei propri genitori, una &hellip;<\/p>\n","protected":false},"author":64,"featured_media":836,"comment_status":"closed","ping_status":"closed","sticky":false,"template":"","format":"standard","meta":{"_acf_changed":false,"footnotes":""},"categories":[4,5,7],"tags":[26,50,60,101,106],"class_list":["post-835","post","type-post","status-publish","format-standard","has-post-thumbnail","hentry","category-gallerie","category-generale","category-mostre","tag-collettivo-spontanea","tag-fiaf-umbria","tag-galleria-fiaf-perugia","tag-mostra-fotografica","tag-perugia"],"acf":[],"_links":{"self":[{"href":"https:\/\/fiaf.net\/umbria\/wp-json\/wp\/v2\/posts\/835","targetHints":{"allow":["GET"]}}],"collection":[{"href":"https:\/\/fiaf.net\/umbria\/wp-json\/wp\/v2\/posts"}],"about":[{"href":"https:\/\/fiaf.net\/umbria\/wp-json\/wp\/v2\/types\/post"}],"author":[{"embeddable":true,"href":"https:\/\/fiaf.net\/umbria\/wp-json\/wp\/v2\/users\/64"}],"replies":[{"embeddable":true,"href":"https:\/\/fiaf.net\/umbria\/wp-json\/wp\/v2\/comments?post=835"}],"version-history":[{"count":0,"href":"https:\/\/fiaf.net\/umbria\/wp-json\/wp\/v2\/posts\/835\/revisions"}],"wp:featuredmedia":[{"embeddable":true,"href":"https:\/\/fiaf.net\/umbria\/wp-json\/wp\/v2\/media\/836"}],"wp:attachment":[{"href":"https:\/\/fiaf.net\/umbria\/wp-json\/wp\/v2\/media?parent=835"}],"wp:term":[{"taxonomy":"category","embeddable":true,"href":"https:\/\/fiaf.net\/umbria\/wp-json\/wp\/v2\/categories?post=835"},{"taxonomy":"post_tag","embeddable":true,"href":"https:\/\/fiaf.net\/umbria\/wp-json\/wp\/v2\/tags?post=835"}],"curies":[{"name":"wp","href":"https:\/\/api.w.org\/{rel}","templated":true}]}}