{"id":10417,"date":"2019-11-03T03:45:07","date_gmt":"2019-11-03T02:45:07","guid":{"rendered":"https:\/\/fiaf.net\/regioni\/veneto\/?p=10417"},"modified":"2019-11-03T03:45:07","modified_gmt":"2019-11-03T02:45:07","slug":"legami-relazioni-connessioni","status":"publish","type":"post","link":"https:\/\/fiaf.net\/veneto\/legami-relazioni-connessioni\/","title":{"rendered":"Legami, Relazioni, Connessioni"},"content":{"rendered":"<p><img decoding=\"async\" class=\"aligncenter wp-image-10418 size-large\" src=\"https:\/\/fiaf.net\/veneto\/wp-content\/uploads\/sites\/7\/2019\/10\/20191019-1110-Bassano-del-Grappa-Ezzelino-Fotoclub-Legami-Relazioni-Connessioni-locandina-725x1024.jpg\" alt=\"20191019 1110 Bassano del Grappa Ezzelino Fotoclub Legami Relazioni Connessioni locandina\" width=\"565\" srcset=\"https:\/\/fiaf.net\/veneto\/wp-content\/uploads\/sites\/7\/2019\/10\/20191019-1110-Bassano-del-Grappa-Ezzelino-Fotoclub-Legami-Relazioni-Connessioni-locandina-725x1024.jpg 725w, https:\/\/fiaf.net\/veneto\/wp-content\/uploads\/sites\/7\/2019\/10\/20191019-1110-Bassano-del-Grappa-Ezzelino-Fotoclub-Legami-Relazioni-Connessioni-locandina-212x300.jpg 212w, https:\/\/fiaf.net\/veneto\/wp-content\/uploads\/sites\/7\/2019\/10\/20191019-1110-Bassano-del-Grappa-Ezzelino-Fotoclub-Legami-Relazioni-Connessioni-locandina-768x1085.jpg 768w, https:\/\/fiaf.net\/veneto\/wp-content\/uploads\/sites\/7\/2019\/10\/20191019-1110-Bassano-del-Grappa-Ezzelino-Fotoclub-Legami-Relazioni-Connessioni-locandina-1087x1536.jpg 1087w, https:\/\/fiaf.net\/veneto\/wp-content\/uploads\/sites\/7\/2019\/10\/20191019-1110-Bassano-del-Grappa-Ezzelino-Fotoclub-Legami-Relazioni-Connessioni-locandina.jpg 1449w\" sizes=\"(max-width: 725px) 100vw, 725px\" \/><\/p>\n<p style=\"text-align: justify\">Si \u00e8 inagurata lo scorso 19\/10\/2019 presso Palazzo Agostinelli &#8211; via G.B.Barbieri 34 &#8211; a Bassano del Grappa la mostra <strong>LEGAMI, RELAZIONI, CONNESSIONI<\/strong>, con le ricerche fotografiche realizzate dai soci di 6 fotoclub tra i quali anche l&#8217;associazione Ezzelino Fotoclub.<\/p>\n<p><strong>IL PROGETTO<\/strong><\/p>\n<p style=\"text-align: justify\">Nel territorio bassanese sono presenti diverse realt\u00e0 fotografiche, che periodicamente organizzano mostre ed eventi. Vista la passione comune, circa un anno e mezzo fa alcune di queste si sono riunite e hanno deciso di collaborare attraverso alcuni eventi e manifestazioni, allo scopo di creare sinergia e condividere esperienze comuni. Da questo percorso \u00e8 nato il gruppo \u201cVicini di Foto\u201d composto dai 6 fotoclub: Amici della Fotografia \u2013 Pove, Associazione Culturale Ezzelino Fotoclub \u2013 Romano d\u2019Ezzelino, Fotogruppo9 \u2013 Nove, Foto Gruppo Cartigliano \u2013 Cartigliano, Gruppo Immagine Centrale \u2013 Ros\u00e0, Rosareflex \u2013 Ros\u00e0.<\/p>\n<p><strong>LA MOSTRA<\/strong><\/p>\n<p style=\"text-align: justify\">La mostra si intitola \u201cLegami, relazioni, connessioni\u201d. L\u2019idea \u00e8 nata a partire da una riflessione antropologica: \u201cChi siamo? Verso dove andiamo?\u201d Certamente \u00e8 ambizioso come spunto di partenza e forse non \u00e8 possibile dare una risposta precisa e accurata, ma riducendo un po\u2019 il campo di azione e analizzando le situazioni che ci circondano possiamo fornire qualche interessante punto di riflessione per farci un\u2019idea di quale sia la direzione verso cui si sta muovendo la nostra societ\u00e0. L\u2019analisi parte dalla ricerca da parte di ogni fotografo di documentare mediante uno scatto fotografico vari aspetti dell\u2019uomo in relazione con se stesso, con gli altri e con la collettivit\u00e0 di cui fa parte. Abbiamo scelto quindi di sviluppare un lavoro sulla vita delle persone e delle loro abitudini, riconoscendo un particolare valore emotivo ai legami che vengono ad instaurarsi e in parte anche reportagistico e storico, potendo comparare ci\u00f2 che viviamo con situazioni del passato. Lo spazio che ci siamo prefissati di \u201cesplorare\u201d \u00e8 quello racchiuso nel contesto urbano, con una connotazione geografica europea, in modo da descrivere il pi\u00f9 possibile fedelmente le caratteristiche e le criticit\u00e0 del nostro tempo nella societ\u00e0 in cui viviamo. Il tema \u00e8 stato scelto pensando di sensibilizzare su un argomento che tocca sia gli ambiti della vita privata che pubblica, la quale si trova in continuo mutamento, a partire dai rapporti umani, modificati dall\u2019arrivo di una tecnologia sempre pi\u00f9 presente e da una globalit\u00e0 che abbatte sempre pi\u00f9 confini, barriere e culture, all\u2019apparenza diverse. Per cercare di sviluppare argomenti diversi e ampliare maggiormente il racconto fotografico, abbiamo individuato alcuni sotto-temi da trattare, in modo da analizzare pi\u00f9 approfonditamente i vari aspetti del tema scelto.<\/p>\n<p>Per l&#8217;Ezzelino Fotoclub espongono:<br \/>\nBerton Nazzareno<br \/>\nBertoncello Giorgio<br \/>\nBusi Massimo<br \/>\nGiacobbo Michele<br \/>\nMartini Pietro<br \/>\nPacillo Vito<br \/>\nSmaniotto Donata<\/p>\n\n    <div class=\"xs_social_share_widget xs_share_url after_content \t\tmain_content  wslu-style-1 wslu-share-box-shaped wslu-fill-colored wslu-none wslu-share-horizontal wslu-theme-font-no wslu-main_content\">\n\n\t\t\n        <ul>\n\t\t\t        <\/ul>\n    <\/div> \n","protected":false},"excerpt":{"rendered":"<p>Si \u00e8 inagurata lo scorso 19\/10\/2019 presso Palazzo Agostinelli &#8211; via G.B.Barbieri 34 &#8211; a Bassano del Grappa la mostra &hellip;<\/p>\n","protected":false},"author":3,"featured_media":0,"comment_status":"closed","ping_status":"closed","sticky":false,"template":"","format":"standard","meta":{"_acf_changed":false,"footnotes":""},"categories":[13],"tags":[],"class_list":["post-10417","post","type-post","status-publish","format-standard","hentry","category-mostre"],"acf":[],"_links":{"self":[{"href":"https:\/\/fiaf.net\/veneto\/wp-json\/wp\/v2\/posts\/10417","targetHints":{"allow":["GET"]}}],"collection":[{"href":"https:\/\/fiaf.net\/veneto\/wp-json\/wp\/v2\/posts"}],"about":[{"href":"https:\/\/fiaf.net\/veneto\/wp-json\/wp\/v2\/types\/post"}],"author":[{"embeddable":true,"href":"https:\/\/fiaf.net\/veneto\/wp-json\/wp\/v2\/users\/3"}],"replies":[{"embeddable":true,"href":"https:\/\/fiaf.net\/veneto\/wp-json\/wp\/v2\/comments?post=10417"}],"version-history":[{"count":0,"href":"https:\/\/fiaf.net\/veneto\/wp-json\/wp\/v2\/posts\/10417\/revisions"}],"wp:attachment":[{"href":"https:\/\/fiaf.net\/veneto\/wp-json\/wp\/v2\/media?parent=10417"}],"wp:term":[{"taxonomy":"category","embeddable":true,"href":"https:\/\/fiaf.net\/veneto\/wp-json\/wp\/v2\/categories?post=10417"},{"taxonomy":"post_tag","embeddable":true,"href":"https:\/\/fiaf.net\/veneto\/wp-json\/wp\/v2\/tags?post=10417"}],"curies":[{"name":"wp","href":"https:\/\/api.w.org\/{rel}","templated":true}]}}