{"id":11235,"date":"2020-10-10T01:30:17","date_gmt":"2020-10-09T23:30:17","guid":{"rendered":"https:\/\/fiaf.net\/regioni\/veneto\/?p=11235"},"modified":"2020-10-10T01:30:17","modified_gmt":"2020-10-09T23:30:17","slug":"il-potere-dellimmaginazione-concorso","status":"publish","type":"post","link":"https:\/\/fiaf.net\/veneto\/il-potere-dellimmaginazione-concorso\/","title":{"rendered":"Il POTERE dell&#039;immaginazione &#8211; concorso"},"content":{"rendered":"<p><a href=\"http:\/\/www.huffingtonpost.it\/entry\/ai-giovani-spazio-di-creativita-nino-migliori-lancia-il-premio-fotografico-2020_it_5f1ab832c5b6f2f6c9f4c530\" target=\"_blank\" rel=\"attachment wp-att-11236 noopener\"><img loading=\"lazy\" decoding=\"async\" class=\"aligncenter wp-image-11236 size-full\" src=\"https:\/\/fiaf.net\/veneto\/wp-content\/uploads\/sites\/7\/2020\/07\/2020-concorso-il-potere-dell-immaginazione.jpg\" alt=\"2020 concorso il potere dell immaginazione\" width=\"543\" height=\"768\" srcset=\"https:\/\/fiaf.net\/veneto\/wp-content\/uploads\/sites\/7\/2020\/07\/2020-concorso-il-potere-dell-immaginazione.jpg 543w, https:\/\/fiaf.net\/veneto\/wp-content\/uploads\/sites\/7\/2020\/07\/2020-concorso-il-potere-dell-immaginazione-212x300.jpg 212w\" sizes=\"auto, (max-width: 543px) 100vw, 543px\" \/><\/a><br \/>\nQuattro Borse di Studio per giovani tra i 14 e i 29 anni iscritti nel 2020 a scuole e istituti scolastici di ogni ordine e grado, e una monografia FIAF per il l<span class=\"text_exposed_show\">avoro vincitore: ecco i premi in palio per &#8220;Il Potere dell&#8217;Immaginazione&#8221;, il Premio Fotografico promosso da BPER Banca, Fondazione Nino Migliori, FIAF e HuffPost Italia.<\/span><br \/>\n<span class=\"text_exposed_show\"><br \/>\nPresidente del Premio Fotografico, sin dalla prima edizione, \u00e8 Nino Migliori, instancabile promotore della fotografia: \u201cNei giovani c\u2019\u00e8 tanta ricchezza, creativit\u00e0, innovazione, desiderio di esprimersi, ma molto spesso non vengono offerte loro opportunit\u00e0 adeguate\u201d. <strong>SCADE IL 12 OTTOBRE 2020<\/strong><br \/>\n<\/span><br \/>\n<span class=\"text_exposed_show\">Qui tutti i dettagli per partecipare:<br \/>\n<a href=\"https:\/\/www.huffingtonpost.it\/entry\/ai-giovani-spazio-di-creativita-nino-migliori-lancia-il-premio-fotografico-2020_it_5f1ab832c5b6f2f6c9f4c530\" target=\"_blank\" rel=\"noopener\">&#8220;Ai giovani spazio di creativit\u00e0&#8221;. Nino Migliori lancia il Premio Fotografico 2020<\/a><\/span><br \/>\n&nbsp;<\/p>\n\n    <div class=\"xs_social_share_widget xs_share_url after_content \t\tmain_content  wslu-style-1 wslu-share-box-shaped wslu-fill-colored wslu-none wslu-share-horizontal wslu-theme-font-no wslu-main_content\">\n\n\t\t\n        <ul>\n\t\t\t        <\/ul>\n    <\/div> \n","protected":false},"excerpt":{"rendered":"<p>Quattro Borse di Studio per giovani tra i 14 e i 29 anni iscritti nel 2020 a scuole e istituti &hellip;<\/p>\n","protected":false},"author":3,"featured_media":11238,"comment_status":"closed","ping_status":"closed","sticky":false,"template":"","format":"standard","meta":{"_acf_changed":false,"footnotes":""},"categories":[5],"tags":[],"class_list":["post-11235","post","type-post","status-publish","format-standard","has-post-thumbnail","hentry","category-comunicazioni-fiaf"],"acf":[],"_links":{"self":[{"href":"https:\/\/fiaf.net\/veneto\/wp-json\/wp\/v2\/posts\/11235","targetHints":{"allow":["GET"]}}],"collection":[{"href":"https:\/\/fiaf.net\/veneto\/wp-json\/wp\/v2\/posts"}],"about":[{"href":"https:\/\/fiaf.net\/veneto\/wp-json\/wp\/v2\/types\/post"}],"author":[{"embeddable":true,"href":"https:\/\/fiaf.net\/veneto\/wp-json\/wp\/v2\/users\/3"}],"replies":[{"embeddable":true,"href":"https:\/\/fiaf.net\/veneto\/wp-json\/wp\/v2\/comments?post=11235"}],"version-history":[{"count":0,"href":"https:\/\/fiaf.net\/veneto\/wp-json\/wp\/v2\/posts\/11235\/revisions"}],"wp:featuredmedia":[{"embeddable":true,"href":"https:\/\/fiaf.net\/veneto\/wp-json\/wp\/v2\/media\/11238"}],"wp:attachment":[{"href":"https:\/\/fiaf.net\/veneto\/wp-json\/wp\/v2\/media?parent=11235"}],"wp:term":[{"taxonomy":"category","embeddable":true,"href":"https:\/\/fiaf.net\/veneto\/wp-json\/wp\/v2\/categories?post=11235"},{"taxonomy":"post_tag","embeddable":true,"href":"https:\/\/fiaf.net\/veneto\/wp-json\/wp\/v2\/tags?post=11235"}],"curies":[{"name":"wp","href":"https:\/\/api.w.org\/{rel}","templated":true}]}}