{"id":12679,"date":"2021-10-09T23:15:41","date_gmt":"2021-10-09T21:15:41","guid":{"rendered":"https:\/\/fiaf.net\/regioni\/veneto\/?p=12399"},"modified":"2021-10-09T23:15:41","modified_gmt":"2021-10-09T21:15:41","slug":"1991-2021-gruppo-fotografico-antenore-bfi","status":"publish","type":"post","link":"https:\/\/fiaf.net\/veneto\/1991-2021-gruppo-fotografico-antenore-bfi\/","title":{"rendered":"Photo Open Up &#124; 1991 2021 Gruppo Fotografico Antenore BFI"},"content":{"rendered":"<p><img loading=\"lazy\" decoding=\"async\" class=\"aligncenter size-large wp-image-12400\" src=\"https:\/\/fiaf.net\/veneto\/wp-content\/uploads\/sites\/7\/2021\/09\/20210918-1017-Padova-1991-2021-GF-Antenore-locandina-724x1024.jpg\" alt=\"20210918 1017 Padova 1991 2021 GF Antenore locandina\" width=\"724\" height=\"1024\" \/><\/p>\n<p style=\"text-align: center\">\u201c1991-2021 Gruppo Fotografico Antenore BFI\u201d<br \/>\n18 settembre \u2013 17 ottobre 2021<br \/>\nPalazzo Angeli, Stanze della fotografia<br \/>\nPrato della Valle 1\/A, Padova<br \/>\nIngresso libero<\/p>\n<p>Sabato 18 settembre verr\u00e0 aperta al pubblico la mostra fotografica \u201c1991-2021 Gruppo Fotografico Antenore BFI\u201d allestita a Padova presso le Stanze della Fotografia di Palazzo Angeli (Prato della Valle 1\/A).<br \/>\nL\u2019esposizione, organizzata dal Gruppo Fotografico Antenore BFI nell\u2019ambito del \u201cPhoto Open Up\u201d Festival Internazionale di Fotografia in collaborazione con l\u2019Assessorato alla Cultura del Comune di Padova, rimarr\u00e0 visitabile fino al 17 ottobre con orari 10-18 nei giorni venerd\u00ec, sabato e domenica.<br \/>\nIl Gruppo Fotografico Antenore BFI, attraverso questa mostra, vuole festeggiare il proprio trentennale dalla fondazione.<br \/>\nLe foto esposte ambiscono a rappresentare uno spaccato della produzione fotografica di 31 degli attuali soci del GFA (Antonio Coppola, Andrea Gasparotto, Aldo Callegaro, Alessandro Renier, Alessandro Nalin, Corina Veronese, Davide Bianchini, Donatello Mancusi, Donatella Tormene, Fabio Favarin, Francesco Nardi, Francesca Prearo, Giuseppe Bizzotto, Gabriele Mazzucco, Giorgio Tognon, Isabella Fiore, Lorenzo Ranzato, Massimo Calvani, Michela Checchetto, Massimo Di Vinci, Massimo Santinello, Ornella Francou, Pasquale Minuto, Roberto Iannitti, Roberta Lotto, Samuele Boldrin, Stefano Barbieri, Sandra Furlan, Stefania Parise, Vincenzo Pellizzaro, William Pezzetta) ai quali \u00e8 stato richiesto di proporre le loro migliori immagini di paesaggio, ritratto e street photography: tematiche che si \u00e8 voluto essere tra loro collegate dal concetto della centralit\u00e0 dell\u2019uomo.<br \/>\nUna menzione a parte merita la sezione della mostra dedicata al nostro Presidente Onorario, Gustavo Millozzi, e ai nostri Soci Onorari: Gianni Berengo Gardin, Elio Ciol, Mario Lasalandra, Nino Migliori, Renzo Saviolo.<br \/>\nI Maestri, ai quali va la nostra gratitudine, hanno generosamente messo a disposizione due loro immagini che senza alcun dubbio aggiungono valore all\u2019esposizione fotografica.<br \/>\nE\u2019 stato inoltre realizzato un catalogo inserito nella collana Monografica della FIAF.<br \/>\nUn ringraziamento da parte del GFA a tutti coloro che hanno contribuito alla realizzazione di questa occasione espositiva ma soprattutto alla trentennale storia della nostra associazione.<br \/>\nMichela Checchetto<br \/>\nPresidente<br \/>\nGruppo Fotografico Antenore BFI<br \/>\nMostra all&#8217;interno di PhotoUp, Festiva Internazionale di Fotografia \u00a0di Padova e con Riconoscimento FIAF F19\/2021<br \/>\n&nbsp;<\/p>\n\n    <div class=\"xs_social_share_widget xs_share_url after_content \t\tmain_content  wslu-style-1 wslu-share-box-shaped wslu-fill-colored wslu-none wslu-share-horizontal wslu-theme-font-no wslu-main_content\">\n\n\t\t\n        <ul>\n\t\t\t        <\/ul>\n    <\/div> \n","protected":false},"excerpt":{"rendered":"<p>\u201c1991-2021 Gruppo Fotografico Antenore BFI\u201d 18 settembre \u2013 17 ottobre 2021 Palazzo Angeli, Stanze della fotografia Prato della Valle 1\/A, &hellip;<\/p>\n","protected":false},"author":3,"featured_media":5229,"comment_status":"closed","ping_status":"closed","sticky":false,"template":"","format":"standard","meta":{"_acf_changed":false,"footnotes":""},"categories":[13],"tags":[41],"class_list":["post-12679","post","type-post","status-publish","format-standard","has-post-thumbnail","hentry","category-mostre","tag-riconoscimento-fiaf"],"acf":[],"_links":{"self":[{"href":"https:\/\/fiaf.net\/veneto\/wp-json\/wp\/v2\/posts\/12679","targetHints":{"allow":["GET"]}}],"collection":[{"href":"https:\/\/fiaf.net\/veneto\/wp-json\/wp\/v2\/posts"}],"about":[{"href":"https:\/\/fiaf.net\/veneto\/wp-json\/wp\/v2\/types\/post"}],"author":[{"embeddable":true,"href":"https:\/\/fiaf.net\/veneto\/wp-json\/wp\/v2\/users\/3"}],"replies":[{"embeddable":true,"href":"https:\/\/fiaf.net\/veneto\/wp-json\/wp\/v2\/comments?post=12679"}],"version-history":[{"count":0,"href":"https:\/\/fiaf.net\/veneto\/wp-json\/wp\/v2\/posts\/12679\/revisions"}],"wp:featuredmedia":[{"embeddable":true,"href":"https:\/\/fiaf.net\/veneto\/wp-json\/wp\/v2\/media\/5229"}],"wp:attachment":[{"href":"https:\/\/fiaf.net\/veneto\/wp-json\/wp\/v2\/media?parent=12679"}],"wp:term":[{"taxonomy":"category","embeddable":true,"href":"https:\/\/fiaf.net\/veneto\/wp-json\/wp\/v2\/categories?post=12679"},{"taxonomy":"post_tag","embeddable":true,"href":"https:\/\/fiaf.net\/veneto\/wp-json\/wp\/v2\/tags?post=12679"}],"curies":[{"name":"wp","href":"https:\/\/api.w.org\/{rel}","templated":true}]}}