{"id":12854,"date":"2021-11-25T17:31:49","date_gmt":"2021-11-25T16:31:49","guid":{"rendered":"https:\/\/fiaf.net\/veneto\/?p=12854"},"modified":"2021-11-25T17:31:49","modified_gmt":"2021-11-25T16:31:49","slug":"maurizio-targhetta-limena","status":"publish","type":"post","link":"https:\/\/fiaf.net\/veneto\/maurizio-targhetta-limena\/","title":{"rendered":"Maurizio Targhetta &gt; Limena"},"content":{"rendered":"<p><img loading=\"lazy\" decoding=\"async\" src=\"https:\/\/fiaf.net\/veneto\/wp-content\/uploads\/sites\/7\/2021\/11\/20211126-Limena-Serata-autore-Maurizio-Targhetta-Locandina-724x1024.jpg\" alt=\"\" width=\"724\" height=\"1024\" class=\"alignnone size-large wp-image-12859\" srcset=\"https:\/\/fiaf.net\/veneto\/wp-content\/uploads\/sites\/7\/2021\/11\/20211126-Limena-Serata-autore-Maurizio-Targhetta-Locandina-724x1024.jpg 724w, https:\/\/fiaf.net\/veneto\/wp-content\/uploads\/sites\/7\/2021\/11\/20211126-Limena-Serata-autore-Maurizio-Targhetta-Locandina-212x300.jpg 212w, https:\/\/fiaf.net\/veneto\/wp-content\/uploads\/sites\/7\/2021\/11\/20211126-Limena-Serata-autore-Maurizio-Targhetta-Locandina-768x1086.jpg 768w, https:\/\/fiaf.net\/veneto\/wp-content\/uploads\/sites\/7\/2021\/11\/20211126-Limena-Serata-autore-Maurizio-Targhetta-Locandina-1086x1536.jpg 1086w, https:\/\/fiaf.net\/veneto\/wp-content\/uploads\/sites\/7\/2021\/11\/20211126-Limena-Serata-autore-Maurizio-Targhetta-Locandina-1448x2048.jpg 1448w, https:\/\/fiaf.net\/veneto\/wp-content\/uploads\/sites\/7\/2021\/11\/20211126-Limena-Serata-autore-Maurizio-Targhetta-Locandina-scaled.jpg 1810w\" sizes=\"auto, (max-width: 724px) 100vw, 724px\" \/><\/p>\n<p>Il Fotoclub La Barchessa di limena ha il piacere di invitarvi alla serata di street photography di venerd\u00ec 26.11.2021 ore 21.00 che si terr\u00e0 presso la sede Riab in via Bortoletto 55 a Limena, la serata si terr\u00e0 anche con collegamento zoom con il link che potete chiedere a gflabarchessa@gmail.com <\/p>\n<p><a href=\"https:\/\/fiaf.net\/veneto\/wp-content\/uploads\/sites\/7\/2021\/11\/20211126-Limena-Serata-autore-Maurizio-Targhetta-Bio.docx\"> Maurizio Targhetta Bio docx<\/a><\/p>\n<p><a href=\"https:\/\/fiaf.net\/veneto\/wp-content\/uploads\/sites\/7\/2021\/11\/20211126-Limena-Serata-autore-Maurizio-Targhetta-Locandina.pdf\"> Locandina pdf<\/a><\/p>\n<p><a href=\"https:\/\/fiaf.net\/veneto\/wp-content\/uploads\/sites\/7\/2021\/11\/20211126-Limena-Serata-autore-Maurizio-Targhetta-Mostre-e-premi.docx\"> Maurizio Targhetta Mostre e premi docx<\/a><\/p>\n\n    <div class=\"xs_social_share_widget xs_share_url after_content \t\tmain_content  wslu-style-1 wslu-share-box-shaped wslu-fill-colored wslu-none wslu-share-horizontal wslu-theme-font-no wslu-main_content\">\n\n\t\t\n        <ul>\n\t\t\t        <\/ul>\n    <\/div> \n","protected":false},"excerpt":{"rendered":"<p>Il Fotoclub La Barchessa di limena ha il piacere di invitarvi alla serata di street photography di venerd\u00ec 26.11.2021 ore &hellip;<\/p>\n","protected":false},"author":3,"featured_media":12858,"comment_status":"closed","ping_status":"closed","sticky":false,"template":"","format":"standard","meta":{"_acf_changed":false,"footnotes":""},"categories":[2,53],"tags":[],"class_list":["post-12854","post","type-post","status-publish","format-standard","has-post-thumbnail","hentry","category-attivita-circoli","category-seminari-incontri-webinar"],"acf":[],"_links":{"self":[{"href":"https:\/\/fiaf.net\/veneto\/wp-json\/wp\/v2\/posts\/12854","targetHints":{"allow":["GET"]}}],"collection":[{"href":"https:\/\/fiaf.net\/veneto\/wp-json\/wp\/v2\/posts"}],"about":[{"href":"https:\/\/fiaf.net\/veneto\/wp-json\/wp\/v2\/types\/post"}],"author":[{"embeddable":true,"href":"https:\/\/fiaf.net\/veneto\/wp-json\/wp\/v2\/users\/3"}],"replies":[{"embeddable":true,"href":"https:\/\/fiaf.net\/veneto\/wp-json\/wp\/v2\/comments?post=12854"}],"version-history":[{"count":2,"href":"https:\/\/fiaf.net\/veneto\/wp-json\/wp\/v2\/posts\/12854\/revisions"}],"predecessor-version":[{"id":12861,"href":"https:\/\/fiaf.net\/veneto\/wp-json\/wp\/v2\/posts\/12854\/revisions\/12861"}],"wp:featuredmedia":[{"embeddable":true,"href":"https:\/\/fiaf.net\/veneto\/wp-json\/wp\/v2\/media\/12858"}],"wp:attachment":[{"href":"https:\/\/fiaf.net\/veneto\/wp-json\/wp\/v2\/media?parent=12854"}],"wp:term":[{"taxonomy":"category","embeddable":true,"href":"https:\/\/fiaf.net\/veneto\/wp-json\/wp\/v2\/categories?post=12854"},{"taxonomy":"post_tag","embeddable":true,"href":"https:\/\/fiaf.net\/veneto\/wp-json\/wp\/v2\/tags?post=12854"}],"curies":[{"name":"wp","href":"https:\/\/api.w.org\/{rel}","templated":true}]}}