{"id":13658,"date":"2022-06-19T11:02:49","date_gmt":"2022-06-19T09:02:49","guid":{"rendered":"https:\/\/fiaf.net\/veneto\/?p=13658"},"modified":"2022-06-19T11:32:49","modified_gmt":"2022-06-19T09:32:49","slug":"citta-di-garda-2022-winners","status":"publish","type":"post","link":"https:\/\/fiaf.net\/veneto\/citta-di-garda-2022-winners\/","title":{"rendered":"Citt\u00e0 di Garda 2022 &#8211; Risultati Palmar\u00e8s"},"content":{"rendered":"<p>Citt\u00e0 di Garda 2022 &#8211; 10ma Edizione<br \/>\nConcorsi internazionale audiovisivi<br \/>\nGruppo fotografico Lo Scatto BFI<\/p>\n<p>PATRONAGE FIAP 2022\/304 _ Patrocinio FIAF 22AVF1<\/p>\n<table border=\"0\">\n<tbody>\n<tr>\n<td style=\"text-align: center;\" colspan=\"2\"><span style=\"font-size: 1.5rem;\"><strong>Palmar\u00e8s<\/strong><\/span><\/td>\n<\/tr>\n<tr>\n<td>1\u00b0 il viaggio &#8211; Brendan Gillan UK<\/td>\n<td>FIAP Gold medal + voucher<\/td>\n<\/tr>\n<tr>\n<td>2\u00b0 Noi due &#8211; Letizia Ronconi, Gabriele Pinardi I<\/td>\n<td>FIAF Gold medal + voucher<\/td>\n<\/tr>\n<tr>\n<td>3\u00b0 Inclusioni &#8211; Teofilo Celani, Fabio Minganelli I<\/td>\n<td>FIAP Silver medal + voucher<\/td>\n<\/tr>\n<tr>\n<td>4\u00b0 Nameless &#8211; Alan Tyrer UK<\/td>\n<td>FIAF Silver medal<\/td>\n<\/tr>\n<tr>\n<td>5\u00b0 Movies &#8211; Irene e Giuliano Mazzanti I<\/td>\n<td>FIAP Bronze medal<\/td>\n<\/tr>\n<tr>\n<td>6\u00b0 A casa mia &#8211; Jacques Muller, Jean Paul Petit F<\/td>\n<td>FIAF Bronze medal<\/td>\n<\/tr>\n<tr>\n<td style=\"text-align: center;\" colspan=\"2\"><strong>Menzioni d&#8217;onore FIAP<\/strong><\/td>\n<\/tr>\n<tr>\n<td>La carta da parati &#8211; Giuseppe Assorgi, Roberto Rizza I<\/td>\n<td>Straniera &#8211; Ursula Diebold F<\/td>\n<\/tr>\n<tr>\n<td>Hattie&#8217;s Legacy &#8211; Richard Brown UK<\/td>\n<td>Dopo gli ultimi &#8211; Dino Garavano I<\/td>\n<\/tr>\n<tr>\n<td>L&#8217;albatros &#8211; G\u00e9rard Diebold F<\/td>\n<td>Magnelli &#8211; Jean Claude Leroi F<\/td>\n<\/tr>\n<tr>\n<td style=\"text-align: center;\" colspan=\"2\"><strong>FIAP Blue Pin &#8211; Best Author<\/strong><\/td>\n<\/tr>\n<tr>\n<td style=\"text-align: center;\" colspan=\"2\"><strong><span style=\"font-size: 1.5rem;\">GABRIELE PINARDI I<\/span><\/strong><\/td>\n<\/tr>\n<\/tbody>\n<\/table>\n<p>&nbsp;<\/p>\n<p><img loading=\"lazy\" decoding=\"async\" class=\"aligncenter size-full wp-image-13659\" src=\"https:\/\/fiaf.net\/veneto\/wp-content\/uploads\/sites\/7\/2022\/06\/20220618-Garda-Concorso-audiovisivi-2022-risultati.jpg\" alt=\"\" width=\"960\" height=\"720\" srcset=\"https:\/\/fiaf.net\/veneto\/wp-content\/uploads\/sites\/7\/2022\/06\/20220618-Garda-Concorso-audiovisivi-2022-risultati.jpg 960w, https:\/\/fiaf.net\/veneto\/wp-content\/uploads\/sites\/7\/2022\/06\/20220618-Garda-Concorso-audiovisivi-2022-risultati-300x225.jpg 300w, https:\/\/fiaf.net\/veneto\/wp-content\/uploads\/sites\/7\/2022\/06\/20220618-Garda-Concorso-audiovisivi-2022-risultati-768x576.jpg 768w\" sizes=\"auto, (max-width: 960px) 100vw, 960px\" \/><\/p>\n<p><img loading=\"lazy\" decoding=\"async\" class=\"aligncenter size-large wp-image-13189\" src=\"https:\/\/fiaf.net\/veneto\/wp-content\/uploads\/sites\/7\/2022\/02\/2022-Citta-di-Garda-10a-edizione-GF-Lo-SCatto-1024x768.jpg\" alt=\"\" width=\"1024\" height=\"768\" srcset=\"https:\/\/fiaf.net\/veneto\/wp-content\/uploads\/sites\/7\/2022\/02\/2022-Citta-di-Garda-10a-edizione-GF-Lo-SCatto-1024x768.jpg 1024w, https:\/\/fiaf.net\/veneto\/wp-content\/uploads\/sites\/7\/2022\/02\/2022-Citta-di-Garda-10a-edizione-GF-Lo-SCatto-300x225.jpg 300w, https:\/\/fiaf.net\/veneto\/wp-content\/uploads\/sites\/7\/2022\/02\/2022-Citta-di-Garda-10a-edizione-GF-Lo-SCatto-768x576.jpg 768w, https:\/\/fiaf.net\/veneto\/wp-content\/uploads\/sites\/7\/2022\/02\/2022-Citta-di-Garda-10a-edizione-GF-Lo-SCatto.jpg 1500w\" sizes=\"auto, (max-width: 1024px) 100vw, 1024px\" \/><\/p>\n\n    <div class=\"xs_social_share_widget xs_share_url after_content \t\tmain_content  wslu-style-1 wslu-share-box-shaped wslu-fill-colored wslu-none wslu-share-horizontal wslu-theme-font-no wslu-main_content\">\n\n\t\t\n        <ul>\n\t\t\t        <\/ul>\n    <\/div> \n","protected":false},"excerpt":{"rendered":"<p>Citt\u00e0 di Garda 2022 &#8211; 10ma Edizione Concorsi internazionale audiovisivi Gruppo fotografico Lo Scatto BFI PATRONAGE FIAP 2022\/304 _ Patrocinio &hellip;<\/p>\n","protected":false},"author":3,"featured_media":13194,"comment_status":"closed","ping_status":"closed","sticky":false,"template":"","format":"standard","meta":{"_acf_changed":false,"footnotes":""},"categories":[4,6],"tags":[37,38],"class_list":["post-13658","post","type-post","status-publish","format-standard","has-post-thumbnail","hentry","category-audiovisivi-fotografici","category-concorsi","tag-patrocinio-fiaf","tag-patronage-fiap"],"acf":[],"_links":{"self":[{"href":"https:\/\/fiaf.net\/veneto\/wp-json\/wp\/v2\/posts\/13658","targetHints":{"allow":["GET"]}}],"collection":[{"href":"https:\/\/fiaf.net\/veneto\/wp-json\/wp\/v2\/posts"}],"about":[{"href":"https:\/\/fiaf.net\/veneto\/wp-json\/wp\/v2\/types\/post"}],"author":[{"embeddable":true,"href":"https:\/\/fiaf.net\/veneto\/wp-json\/wp\/v2\/users\/3"}],"replies":[{"embeddable":true,"href":"https:\/\/fiaf.net\/veneto\/wp-json\/wp\/v2\/comments?post=13658"}],"version-history":[{"count":6,"href":"https:\/\/fiaf.net\/veneto\/wp-json\/wp\/v2\/posts\/13658\/revisions"}],"predecessor-version":[{"id":13670,"href":"https:\/\/fiaf.net\/veneto\/wp-json\/wp\/v2\/posts\/13658\/revisions\/13670"}],"wp:featuredmedia":[{"embeddable":true,"href":"https:\/\/fiaf.net\/veneto\/wp-json\/wp\/v2\/media\/13194"}],"wp:attachment":[{"href":"https:\/\/fiaf.net\/veneto\/wp-json\/wp\/v2\/media?parent=13658"}],"wp:term":[{"taxonomy":"category","embeddable":true,"href":"https:\/\/fiaf.net\/veneto\/wp-json\/wp\/v2\/categories?post=13658"},{"taxonomy":"post_tag","embeddable":true,"href":"https:\/\/fiaf.net\/veneto\/wp-json\/wp\/v2\/tags?post=13658"}],"curies":[{"name":"wp","href":"https:\/\/api.w.org\/{rel}","templated":true}]}}