{"id":14421,"date":"2023-01-09T19:04:26","date_gmt":"2023-01-09T18:04:26","guid":{"rendered":"https:\/\/fiaf.net\/veneto\/?p=14421"},"modified":"2023-01-09T19:10:24","modified_gmt":"2023-01-09T18:10:24","slug":"parliamo-online-di-fotografiaf-3-2023","status":"publish","type":"post","link":"https:\/\/fiaf.net\/veneto\/parliamo-online-di-fotografiaf-3-2023\/","title":{"rendered":"ParliAMO online di FotograFIAF \/ 3 &#8211; 2023"},"content":{"rendered":"<p>Buongiorno<br \/>\nUna comunicazione per:<br \/>\n&#8211;&gt; Delegati Regionali e Provinciali per la diffusione ai soci tutti, anche SONIC<br \/>\n&#8211;&gt; Ai Consiglieri Nazionali e Direttori di Dipartimento<\/p>\n<p>Gioved\u00ec 12 gennaio, alle ore 21.00, il terzo incontro di \u201cParliAmo di FotograFIAF\u201d, il primo dedicato ai Grandi Autori pubblicati nell\u2019omonima collana della FIAF.<br \/>\nIl nuovo appuntamento di gioved\u00ec prossimo \u00e8 dedicato a Carla Cerati, il cui volume uscir\u00e0 nei prossimi mesi.<\/p>\n<p>Carla Cerati, fotografa e scrittrice, ha raccontato con grande sensibilit\u00e0 un paese in evoluzione, l\u2019Italia. Ha esplorato il teatro, gli artisti, gli intellettuali, la Milano da bere, ma anche le proteste degli anni settanta, gli anni di piombo, i processi e ha contribuito a farci conoscere realt\u00e0 drammatiche come quelle dei manicomi.<\/p>\n<p>La figlia Elena Ceratti, photo editor e curatrice, e Lucia Miodini, membro dello CSAC dell\u2019Universit\u00e0 di Parma e del Comitato Scientifico del CIFA, ci parleranno di lei e della sua fotografia. La serata, condotta da Claudio Pastrone, direttore del Centro Italiano della Fotografia d\u2019Autore, ospiter\u00e0 un contributo di Uliano Lucas in ricordo dell\u2019Autrice.<\/p>\n<p>Per partecipare all\u2019incontro \u00e8 necessario prenotarsi:<\/p>\n<p>Quando: 12 gen \u202a2023 21\u202c:00<br \/>\nArgomento: PARLIAMO DI FOTOGRAFIAF &#8211; CARLA CERATI<\/p>\n<p>Iscriviti in anticipo per questo webinar:<br \/>\nhttps:\/\/us02web.zoom.us\/webinar\/register\/WN_Fy4DloJIQJaijJOlpEEXCg<\/p>\n<p>Dopo l\u2019iscrizione, riceverai un\u2019email di conferma con le informazioni necessarie per entrare nel webinar.<\/p>\n<p><a href=\"https:\/\/fiaf.net\/veneto\/wp-content\/uploads\/sites\/7\/2023\/01\/2023-01-12-Parliamo-di-fotografiaf-Carla-Cerati.jpg\"><img loading=\"lazy\" decoding=\"async\" class=\"aligncenter size-full wp-image-14426\" src=\"https:\/\/fiaf.net\/veneto\/wp-content\/uploads\/sites\/7\/2023\/01\/2023-01-12-Parliamo-di-fotografiaf-Carla-Cerati.jpg\" alt=\"\" width=\"2560\" height=\"2560\" srcset=\"https:\/\/fiaf.net\/veneto\/wp-content\/uploads\/sites\/7\/2023\/01\/2023-01-12-Parliamo-di-fotografiaf-Carla-Cerati.jpg 2560w, https:\/\/fiaf.net\/veneto\/wp-content\/uploads\/sites\/7\/2023\/01\/2023-01-12-Parliamo-di-fotografiaf-Carla-Cerati-300x300.jpg 300w, https:\/\/fiaf.net\/veneto\/wp-content\/uploads\/sites\/7\/2023\/01\/2023-01-12-Parliamo-di-fotografiaf-Carla-Cerati-1024x1024.jpg 1024w, https:\/\/fiaf.net\/veneto\/wp-content\/uploads\/sites\/7\/2023\/01\/2023-01-12-Parliamo-di-fotografiaf-Carla-Cerati-150x150.jpg 150w, https:\/\/fiaf.net\/veneto\/wp-content\/uploads\/sites\/7\/2023\/01\/2023-01-12-Parliamo-di-fotografiaf-Carla-Cerati-768x768.jpg 768w, https:\/\/fiaf.net\/veneto\/wp-content\/uploads\/sites\/7\/2023\/01\/2023-01-12-Parliamo-di-fotografiaf-Carla-Cerati-1536x1536.jpg 1536w, https:\/\/fiaf.net\/veneto\/wp-content\/uploads\/sites\/7\/2023\/01\/2023-01-12-Parliamo-di-fotografiaf-Carla-Cerati-2048x2048.jpg 2048w\" sizes=\"auto, (max-width: 2560px) 100vw, 2560px\" \/><\/a><\/p>\n\n    <div class=\"xs_social_share_widget xs_share_url after_content \t\tmain_content  wslu-style-1 wslu-share-box-shaped wslu-fill-colored wslu-none wslu-share-horizontal wslu-theme-font-no wslu-main_content\">\n\n\t\t\n        <ul>\n\t\t\t        <\/ul>\n    <\/div> \n","protected":false},"excerpt":{"rendered":"<p>Buongiorno Una comunicazione per: &#8211;&gt; Delegati Regionali e Provinciali per la diffusione ai soci tutti, anche SONIC &#8211;&gt; Ai Consiglieri &hellip;<\/p>\n","protected":false},"author":3,"featured_media":14425,"comment_status":"closed","ping_status":"closed","sticky":false,"template":"","format":"standard","meta":{"_acf_changed":false,"footnotes":""},"categories":[5],"tags":[],"class_list":["post-14421","post","type-post","status-publish","format-standard","has-post-thumbnail","hentry","category-comunicazioni-fiaf"],"acf":[],"_links":{"self":[{"href":"https:\/\/fiaf.net\/veneto\/wp-json\/wp\/v2\/posts\/14421","targetHints":{"allow":["GET"]}}],"collection":[{"href":"https:\/\/fiaf.net\/veneto\/wp-json\/wp\/v2\/posts"}],"about":[{"href":"https:\/\/fiaf.net\/veneto\/wp-json\/wp\/v2\/types\/post"}],"author":[{"embeddable":true,"href":"https:\/\/fiaf.net\/veneto\/wp-json\/wp\/v2\/users\/3"}],"replies":[{"embeddable":true,"href":"https:\/\/fiaf.net\/veneto\/wp-json\/wp\/v2\/comments?post=14421"}],"version-history":[{"count":3,"href":"https:\/\/fiaf.net\/veneto\/wp-json\/wp\/v2\/posts\/14421\/revisions"}],"predecessor-version":[{"id":14427,"href":"https:\/\/fiaf.net\/veneto\/wp-json\/wp\/v2\/posts\/14421\/revisions\/14427"}],"wp:featuredmedia":[{"embeddable":true,"href":"https:\/\/fiaf.net\/veneto\/wp-json\/wp\/v2\/media\/14425"}],"wp:attachment":[{"href":"https:\/\/fiaf.net\/veneto\/wp-json\/wp\/v2\/media?parent=14421"}],"wp:term":[{"taxonomy":"category","embeddable":true,"href":"https:\/\/fiaf.net\/veneto\/wp-json\/wp\/v2\/categories?post=14421"},{"taxonomy":"post_tag","embeddable":true,"href":"https:\/\/fiaf.net\/veneto\/wp-json\/wp\/v2\/tags?post=14421"}],"curies":[{"name":"wp","href":"https:\/\/api.w.org\/{rel}","templated":true}]}}