{"id":15027,"date":"2023-05-14T21:05:11","date_gmt":"2023-05-14T19:05:11","guid":{"rendered":"https:\/\/fiaf.net\/veneto\/?p=15027"},"modified":"2023-05-14T21:11:23","modified_gmt":"2023-05-14T19:11:23","slug":"13mo-foto-raduno-del-delta-21-05-2023","status":"publish","type":"post","link":"https:\/\/fiaf.net\/veneto\/13mo-foto-raduno-del-delta-21-05-2023\/","title":{"rendered":"13mo Foto Raduno del Delta 21.05.2023"},"content":{"rendered":"<p>Per fotografi e amanti della natura il Foto Club Adria APS \u2013 BFI organizza il<\/p>\n<p>XIII\u00b0 Foto Raduno nel Delta del Po<\/p>\n<p>Domenica 21 maggio 2023<\/p>\n<p>Programma:<\/p>\n<p>Orario<\/p>\n<ul>\n<li>ore 07:00<br \/>\nWelcome dei fotoamatori presso il Bar GalleryCaf\u00e8 a Porto Viro \u00a0(facoltativo)<\/li>\n<li>ore 07:30<br \/>\nRitrovo presso Oasi di Volta Grimana per fotografia macro e naturalistica (facoltativo);<\/li>\n<li>ore 8:30<br \/>\nIscrizioni per raduno presso Oasi di Volta Grimana<br \/>\n(con consegna gadget Ente Parco del Delta)<\/li>\n<li>ore 8:45<br \/>\npresso Oasi di Volta Grimana workshop ritratto ambientato con modella\/e<\/li>\n<li>ore 10:30<br \/>\nPartenza per Azienda Casearia Laudadio con assaggi gratuiti di prodotti caprini (formaggi, yogurt, ricotta e latte) con possibilit\u00e0 di fotografare l\u2019azienda<\/li>\n<li>ore 11:15<br \/>\nPartenza in auto verso Polesine Camerini (durante il trasferimento soste per scatti fotografici alla Centrale ex Enel, Sacca del Canarin e risaie);<\/li>\n<li>ore 13:30<br \/>\nPranzo al sacco presso l\u2019Oasi Ca\u2019 Mello (l\u2019organizzazione offrir\u00e0 a tutti partecipanti pane biscotto, salame e vino e acqua, per qualsiasi altra necessit\u00e0 \u00e8 presente un punto di ristoro con servizi igienici);<\/li>\n<li>ore15:30<br \/>\nPartenza per il Ranch del Mare presso il Villaggio Turistico Barricata, in occasione della manifestazione equestre denominata \u201cItalian Vaquero Heritage Days\u201d con possibilit\u00e0 di partecipare come fotografi;<\/li>\n<li>ore 18:00<br \/>\nRitorno per la Sacca di Scardovari con possibilit\u00e0 foto<\/li>\n<li>Facoltativo tramonto in Sacca degli Scardovari<\/li>\n<\/ul>\n<p>N.B. con l\u2019esclusione dell\u2019orario di ritrovo ore 8:30 presso Oasi di Volta Grimana), gli orari riportati sono indicativi e non tassativi.<\/p>\n<p>L\u2019organizzazione si riserva di modificare gli stessi sulla base delle situazioni presenti al momento del raduno.<\/p>\n<p>Modalit\u00e0 di iscrizione:<\/p>\n<p>compilare form al seguente link:<br \/>\n<a href=\"https:\/\/docs.google.com\/forms\/d\/e\/1FAIpQLSfcbAXV1gSfAIOfRk82rV7zUav1Jb-hyjdQWfwktgmW4kXYRA\/viewform\" target=\"_blank\" rel=\"noopener\">https:\/\/docs.google.com\/forms\/d\/e\/1FAIpQLSfcbAXV1gSfAIOfRk82rV7zUav1Jb-hyjdQWfwktgmW4kXYRA\/viewform<\/a><\/p>\n<p>Costo di partecipazione 20,00 euro comprensiva di tutte le attivit\u00e0 indicate nel programma da versarsi durante l\u2019accreditamento presso Oasi di Volta Grimana<\/p>\n<p>Maggiori informazioni nelle locandine allegate.<\/p>\n<p>Foto Club Adria APS &#8211; B.F.I.<\/p>\n<p><a href=\"https:\/\/fiaf.net\/veneto\/wp-content\/uploads\/sites\/7\/2023\/05\/2023-05-21-XIII-Raduno-Fotografico-nel-Delta-del-Po-Programma.jpeg\"><img loading=\"lazy\" decoding=\"async\" class=\"aligncenter size-large wp-image-15028\" src=\"https:\/\/fiaf.net\/veneto\/wp-content\/uploads\/sites\/7\/2023\/05\/2023-05-21-XIII-Raduno-Fotografico-nel-Delta-del-Po-Programma-724x1024.jpeg\" alt=\"\" width=\"724\" height=\"1024\" srcset=\"https:\/\/fiaf.net\/veneto\/wp-content\/uploads\/sites\/7\/2023\/05\/2023-05-21-XIII-Raduno-Fotografico-nel-Delta-del-Po-Programma-724x1024.jpeg 724w, https:\/\/fiaf.net\/veneto\/wp-content\/uploads\/sites\/7\/2023\/05\/2023-05-21-XIII-Raduno-Fotografico-nel-Delta-del-Po-Programma-212x300.jpeg 212w, https:\/\/fiaf.net\/veneto\/wp-content\/uploads\/sites\/7\/2023\/05\/2023-05-21-XIII-Raduno-Fotografico-nel-Delta-del-Po-Programma-768x1086.jpeg 768w, https:\/\/fiaf.net\/veneto\/wp-content\/uploads\/sites\/7\/2023\/05\/2023-05-21-XIII-Raduno-Fotografico-nel-Delta-del-Po-Programma-1086x1536.jpeg 1086w, https:\/\/fiaf.net\/veneto\/wp-content\/uploads\/sites\/7\/2023\/05\/2023-05-21-XIII-Raduno-Fotografico-nel-Delta-del-Po-Programma.jpeg 1131w\" sizes=\"auto, (max-width: 724px) 100vw, 724px\" \/><\/a> <a href=\"https:\/\/fiaf.net\/veneto\/wp-content\/uploads\/sites\/7\/2023\/05\/2023-05-21-XIII-Raduno-Fotografico-nel-Delta-del-Po.jpeg\"><img loading=\"lazy\" decoding=\"async\" class=\"aligncenter size-large wp-image-15029\" src=\"https:\/\/fiaf.net\/veneto\/wp-content\/uploads\/sites\/7\/2023\/05\/2023-05-21-XIII-Raduno-Fotografico-nel-Delta-del-Po-724x1024.jpeg\" alt=\"\" width=\"724\" height=\"1024\" srcset=\"https:\/\/fiaf.net\/veneto\/wp-content\/uploads\/sites\/7\/2023\/05\/2023-05-21-XIII-Raduno-Fotografico-nel-Delta-del-Po-724x1024.jpeg 724w, https:\/\/fiaf.net\/veneto\/wp-content\/uploads\/sites\/7\/2023\/05\/2023-05-21-XIII-Raduno-Fotografico-nel-Delta-del-Po-212x300.jpeg 212w, https:\/\/fiaf.net\/veneto\/wp-content\/uploads\/sites\/7\/2023\/05\/2023-05-21-XIII-Raduno-Fotografico-nel-Delta-del-Po-768x1086.jpeg 768w, https:\/\/fiaf.net\/veneto\/wp-content\/uploads\/sites\/7\/2023\/05\/2023-05-21-XIII-Raduno-Fotografico-nel-Delta-del-Po-1086x1536.jpeg 1086w, https:\/\/fiaf.net\/veneto\/wp-content\/uploads\/sites\/7\/2023\/05\/2023-05-21-XIII-Raduno-Fotografico-nel-Delta-del-Po.jpeg 1131w\" sizes=\"auto, (max-width: 724px) 100vw, 724px\" \/><\/a><\/p>\n<p>&nbsp;<\/p>\n\n    <div class=\"xs_social_share_widget xs_share_url after_content \t\tmain_content  wslu-style-1 wslu-share-box-shaped wslu-fill-colored wslu-none wslu-share-horizontal wslu-theme-font-no wslu-main_content\">\n\n\t\t\n        <ul>\n\t\t\t        <\/ul>\n    <\/div> \n","protected":false},"excerpt":{"rendered":"<p>Per fotografi e amanti della natura il Foto Club Adria APS \u2013 BFI organizza il XIII\u00b0 Foto Raduno nel Delta &hellip;<\/p>\n","protected":false},"author":3,"featured_media":15030,"comment_status":"closed","ping_status":"closed","sticky":false,"template":"","format":"standard","meta":{"_acf_changed":false,"footnotes":""},"categories":[12,17],"tags":[42],"class_list":["post-15027","post","type-post","status-publish","format-standard","has-post-thumbnail","hentry","category-manifestazioni","category-workshop","tag-rovigo"],"acf":[],"_links":{"self":[{"href":"https:\/\/fiaf.net\/veneto\/wp-json\/wp\/v2\/posts\/15027","targetHints":{"allow":["GET"]}}],"collection":[{"href":"https:\/\/fiaf.net\/veneto\/wp-json\/wp\/v2\/posts"}],"about":[{"href":"https:\/\/fiaf.net\/veneto\/wp-json\/wp\/v2\/types\/post"}],"author":[{"embeddable":true,"href":"https:\/\/fiaf.net\/veneto\/wp-json\/wp\/v2\/users\/3"}],"replies":[{"embeddable":true,"href":"https:\/\/fiaf.net\/veneto\/wp-json\/wp\/v2\/comments?post=15027"}],"version-history":[{"count":1,"href":"https:\/\/fiaf.net\/veneto\/wp-json\/wp\/v2\/posts\/15027\/revisions"}],"predecessor-version":[{"id":15031,"href":"https:\/\/fiaf.net\/veneto\/wp-json\/wp\/v2\/posts\/15027\/revisions\/15031"}],"wp:featuredmedia":[{"embeddable":true,"href":"https:\/\/fiaf.net\/veneto\/wp-json\/wp\/v2\/media\/15030"}],"wp:attachment":[{"href":"https:\/\/fiaf.net\/veneto\/wp-json\/wp\/v2\/media?parent=15027"}],"wp:term":[{"taxonomy":"category","embeddable":true,"href":"https:\/\/fiaf.net\/veneto\/wp-json\/wp\/v2\/categories?post=15027"},{"taxonomy":"post_tag","embeddable":true,"href":"https:\/\/fiaf.net\/veneto\/wp-json\/wp\/v2\/tags?post=15027"}],"curies":[{"name":"wp","href":"https:\/\/api.w.org\/{rel}","templated":true}]}}