{"id":15732,"date":"2023-12-17T12:16:05","date_gmt":"2023-12-17T11:16:05","guid":{"rendered":"https:\/\/fiaf.net\/veneto\/?p=15732"},"modified":"2024-10-05T18:51:57","modified_gmt":"2024-10-05T16:51:57","slug":"adriano-favero-una-vita-per-la-fotografia","status":"publish","type":"post","link":"https:\/\/fiaf.net\/veneto\/adriano-favero-una-vita-per-la-fotografia\/","title":{"rendered":"Una vita per la fotografia, Adriano Favero \/ 2"},"content":{"rendered":"<div dir=\"auto\">Carissimi amici,<\/div>\n<div dir=\"auto\">\u00c8 con grande piacere che vi invitiamo alla mostra fotografica dedicata ad ADRIANO FAVERO, uno dei soci pi\u00f9 speciali del Fotoclub Chiaroscuro, scomparso lo scorso anno. Questo evento assume un significato profondo poich\u00e9 ci offre l&#8217;opportunit\u00e0 unica di celebrare la visione artistica straordinaria di Adriano e di rendere omaggio al suo prezioso contributo fotografico.<\/div>\n<div dir=\"auto\">Unendoci per una serata che ci permetter\u00e0 di immergerci nelle immagini di Adriano, rivelando la sua prospettiva unica e la sua abilit\u00e0 nel catturare momenti indelebili. Sar\u00e0 un&#8217;esperienza emozionante e toccante, pensata per onorare la vita e l&#8217;eredit\u00e0 di un artista straordinario.<\/div>\n<div dir=\"auto\">Fotoclub Chiaroscuro BFI<\/div>\n<div dir=\"auto\"><\/div>\n<div dir=\"auto\">Corte Benedettina &#8211; Sala Crociera &#8211; viale Melzi 5. &#8211; Correzzola PD<br \/>\ndal 22 al 24 dicembre 2023<br \/>\nInaugurazione venerd\u00ec 22 dicembre ore 18<\/div>\n<div dir=\"auto\"><\/div>\n<div dir=\"auto\"><a href=\"https:\/\/fiaf.net\/veneto\/wp-content\/uploads\/sites\/7\/2023\/12\/20231222-1224-Correzzola-Adriano-Favero-Una-vita-per-la-fotografia-Fotoclub-Chiaroscuro.jpg\"><img loading=\"lazy\" decoding=\"async\" class=\"aligncenter size-large wp-image-15733\" src=\"https:\/\/fiaf.net\/veneto\/wp-content\/uploads\/sites\/7\/2023\/12\/20231222-1224-Correzzola-Adriano-Favero-Una-vita-per-la-fotografia-Fotoclub-Chiaroscuro-718x1024.jpg\" alt=\"\" width=\"718\" height=\"1024\" srcset=\"https:\/\/fiaf.net\/veneto\/wp-content\/uploads\/sites\/7\/2023\/12\/20231222-1224-Correzzola-Adriano-Favero-Una-vita-per-la-fotografia-Fotoclub-Chiaroscuro-718x1024.jpg 718w, https:\/\/fiaf.net\/veneto\/wp-content\/uploads\/sites\/7\/2023\/12\/20231222-1224-Correzzola-Adriano-Favero-Una-vita-per-la-fotografia-Fotoclub-Chiaroscuro-210x300.jpg 210w, https:\/\/fiaf.net\/veneto\/wp-content\/uploads\/sites\/7\/2023\/12\/20231222-1224-Correzzola-Adriano-Favero-Una-vita-per-la-fotografia-Fotoclub-Chiaroscuro-768x1096.jpg 768w, https:\/\/fiaf.net\/veneto\/wp-content\/uploads\/sites\/7\/2023\/12\/20231222-1224-Correzzola-Adriano-Favero-Una-vita-per-la-fotografia-Fotoclub-Chiaroscuro.jpg 841w\" sizes=\"auto, (max-width: 718px) 100vw, 718px\" \/><\/a><\/div>\n<div dir=\"auto\"><\/div>\n\n    <div class=\"xs_social_share_widget xs_share_url after_content \t\tmain_content  wslu-style-1 wslu-share-box-shaped wslu-fill-colored wslu-none wslu-share-horizontal wslu-theme-font-no wslu-main_content\">\n\n\t\t\n        <ul>\n\t\t\t        <\/ul>\n    <\/div> \n","protected":false},"excerpt":{"rendered":"<p>Carissimi amici, \u00c8 con grande piacere che vi invitiamo alla mostra fotografica dedicata ad ADRIANO FAVERO, uno dei soci pi\u00f9 &hellip;<\/p>\n","protected":false},"author":3,"featured_media":15734,"comment_status":"closed","ping_status":"closed","sticky":false,"template":"","format":"standard","meta":{"_acf_changed":false,"footnotes":""},"categories":[13],"tags":[36],"class_list":["post-15732","post","type-post","status-publish","format-standard","has-post-thumbnail","hentry","category-mostre","tag-padova"],"acf":[],"_links":{"self":[{"href":"https:\/\/fiaf.net\/veneto\/wp-json\/wp\/v2\/posts\/15732","targetHints":{"allow":["GET"]}}],"collection":[{"href":"https:\/\/fiaf.net\/veneto\/wp-json\/wp\/v2\/posts"}],"about":[{"href":"https:\/\/fiaf.net\/veneto\/wp-json\/wp\/v2\/types\/post"}],"author":[{"embeddable":true,"href":"https:\/\/fiaf.net\/veneto\/wp-json\/wp\/v2\/users\/3"}],"replies":[{"embeddable":true,"href":"https:\/\/fiaf.net\/veneto\/wp-json\/wp\/v2\/comments?post=15732"}],"version-history":[{"count":3,"href":"https:\/\/fiaf.net\/veneto\/wp-json\/wp\/v2\/posts\/15732\/revisions"}],"predecessor-version":[{"id":16918,"href":"https:\/\/fiaf.net\/veneto\/wp-json\/wp\/v2\/posts\/15732\/revisions\/16918"}],"wp:featuredmedia":[{"embeddable":true,"href":"https:\/\/fiaf.net\/veneto\/wp-json\/wp\/v2\/media\/15734"}],"wp:attachment":[{"href":"https:\/\/fiaf.net\/veneto\/wp-json\/wp\/v2\/media?parent=15732"}],"wp:term":[{"taxonomy":"category","embeddable":true,"href":"https:\/\/fiaf.net\/veneto\/wp-json\/wp\/v2\/categories?post=15732"},{"taxonomy":"post_tag","embeddable":true,"href":"https:\/\/fiaf.net\/veneto\/wp-json\/wp\/v2\/tags?post=15732"}],"curies":[{"name":"wp","href":"https:\/\/api.w.org\/{rel}","templated":true}]}}