{"id":16059,"date":"2024-02-18T16:30:50","date_gmt":"2024-02-18T15:30:50","guid":{"rendered":"https:\/\/fiaf.net\/veneto\/?p=16059"},"modified":"2024-02-18T17:08:37","modified_gmt":"2024-02-18T16:08:37","slug":"giancarlo-ballo-padova","status":"publish","type":"post","link":"https:\/\/fiaf.net\/veneto\/giancarlo-ballo-padova\/","title":{"rendered":"Giancarlo Ballo \/ Padova"},"content":{"rendered":"<p>Serata con Giancarlo Ballo<br \/>\nFotoclub Padova &#8211; via Guido Reni 200 &#8211; Padova<br \/>\nmercoled\u00ec 21 febbraio 2024 ore 21<\/p>\n<p>Giancarlo Ballo, nato nel 1958 a Rovigo, dove vive e lavora, si&#8230;ammala di fotografia all\u2019et\u00e0 di 18 anni e da allora non \u00e8 pi\u00f9 guarito. Nelle sue immagini utilizza spesso il dettaglio come mezzo di scrittura fotografica. La spinta a fotografare nasce dal- l\u2019esigenza di congelare un sentimento, un\u2019emozione, un\u2019atmosfera per provare a trasmettere tutto questo all\u2019osservatore. Sino ai primi mesi del 2014 ha utilizzato reflex analogiche e materiale invertibile di bassa sensibilit\u00e0; attualmen- te utilizza Nikon Df (full frame dotata di comandi anche in stile analogico e capace di ricevere le vecchie ottiche Nikkor AI e AIS) e FUJI X \u2013 T20 (mirrorless alquanto versatile).<br \/>\nHa partecipato a numerosi concorsi fotografici (a livello loco-regionale\/nazionale) ottenendo svariate soddisfa- zioni (esposizione, segnalazioni, premi).<br \/>\nHa al suo attivo diverse esposizioni personali e collettive tra cui ricordiamo quelle alla Galleria d\u2019Arte Con- temporanea \u2018Il Melone\u2019 in Rovigo (2007, 2011), al Chiostro del Bramante in Roma (2007), al Museo del Mare \u2013 Ga- lata in Genova (il pi\u00f9 grande museo marittimo del mediterraneo, 2023) con l\u2019opera Quasi Fantasmi (portfolio di 26 im- magini in B\/N di grande formato) poi proposta anche alla Biennale d\u2019Arte Contemporanea in Veneto (Lendinara \u2013 RO -, Palazzo Malmignati, 2023).<br \/>\nSono oltre 242 (tra cui 16 portfolios) le sue immagini ad oggi pubblicate su importanti riviste di settore.<br \/>\nHa pubblicato il libro di immagini Fantasmi e sensazioni sospese [F.lli Corradin Editori, Urbana (PD), 2009 (Viareggio, 2023). Sue immagini sono state utilizzate anche per copertine di libri.<\/p>\n<p><a href=\"https:\/\/fiaf.net\/veneto\/wp-content\/uploads\/sites\/7\/2024\/02\/2024-02-21-Padova-Serata-con-Giancarlo-Ballo-Fotoclub-Padova-scaled.jpg\"><img loading=\"lazy\" decoding=\"async\" class=\"aligncenter size-large wp-image-16060\" src=\"https:\/\/fiaf.net\/veneto\/wp-content\/uploads\/sites\/7\/2024\/02\/2024-02-21-Padova-Serata-con-Giancarlo-Ballo-Fotoclub-Padova-1024x458.jpg\" alt=\"\" width=\"1024\" height=\"458\" srcset=\"https:\/\/fiaf.net\/veneto\/wp-content\/uploads\/sites\/7\/2024\/02\/2024-02-21-Padova-Serata-con-Giancarlo-Ballo-Fotoclub-Padova-1024x458.jpg 1024w, https:\/\/fiaf.net\/veneto\/wp-content\/uploads\/sites\/7\/2024\/02\/2024-02-21-Padova-Serata-con-Giancarlo-Ballo-Fotoclub-Padova-300x134.jpg 300w, https:\/\/fiaf.net\/veneto\/wp-content\/uploads\/sites\/7\/2024\/02\/2024-02-21-Padova-Serata-con-Giancarlo-Ballo-Fotoclub-Padova-768x343.jpg 768w, https:\/\/fiaf.net\/veneto\/wp-content\/uploads\/sites\/7\/2024\/02\/2024-02-21-Padova-Serata-con-Giancarlo-Ballo-Fotoclub-Padova-1536x687.jpg 1536w, https:\/\/fiaf.net\/veneto\/wp-content\/uploads\/sites\/7\/2024\/02\/2024-02-21-Padova-Serata-con-Giancarlo-Ballo-Fotoclub-Padova-2048x916.jpg 2048w\" sizes=\"auto, (max-width: 1024px) 100vw, 1024px\" \/><\/a><\/p>\n\n    <div class=\"xs_social_share_widget xs_share_url after_content \t\tmain_content  wslu-style-1 wslu-share-box-shaped wslu-fill-colored wslu-none wslu-share-horizontal wslu-theme-font-no wslu-main_content\">\n\n\t\t\n        <ul>\n\t\t\t        <\/ul>\n    <\/div> \n","protected":false},"excerpt":{"rendered":"<p>Serata con Giancarlo Ballo Fotoclub Padova &#8211; via Guido Reni 200 &#8211; Padova mercoled\u00ec 21 febbraio 2024 ore 21 Giancarlo &hellip;<\/p>\n","protected":false},"author":3,"featured_media":16060,"comment_status":"closed","ping_status":"closed","sticky":false,"template":"","format":"standard","meta":{"_acf_changed":false,"footnotes":""},"categories":[10,53],"tags":[36],"class_list":["post-16059","post","type-post","status-publish","format-standard","has-post-thumbnail","hentry","category-attivita-soci-2","category-seminari-incontri-webinar","tag-padova"],"acf":[],"_links":{"self":[{"href":"https:\/\/fiaf.net\/veneto\/wp-json\/wp\/v2\/posts\/16059","targetHints":{"allow":["GET"]}}],"collection":[{"href":"https:\/\/fiaf.net\/veneto\/wp-json\/wp\/v2\/posts"}],"about":[{"href":"https:\/\/fiaf.net\/veneto\/wp-json\/wp\/v2\/types\/post"}],"author":[{"embeddable":true,"href":"https:\/\/fiaf.net\/veneto\/wp-json\/wp\/v2\/users\/3"}],"replies":[{"embeddable":true,"href":"https:\/\/fiaf.net\/veneto\/wp-json\/wp\/v2\/comments?post=16059"}],"version-history":[{"count":1,"href":"https:\/\/fiaf.net\/veneto\/wp-json\/wp\/v2\/posts\/16059\/revisions"}],"predecessor-version":[{"id":16061,"href":"https:\/\/fiaf.net\/veneto\/wp-json\/wp\/v2\/posts\/16059\/revisions\/16061"}],"wp:featuredmedia":[{"embeddable":true,"href":"https:\/\/fiaf.net\/veneto\/wp-json\/wp\/v2\/media\/16060"}],"wp:attachment":[{"href":"https:\/\/fiaf.net\/veneto\/wp-json\/wp\/v2\/media?parent=16059"}],"wp:term":[{"taxonomy":"category","embeddable":true,"href":"https:\/\/fiaf.net\/veneto\/wp-json\/wp\/v2\/categories?post=16059"},{"taxonomy":"post_tag","embeddable":true,"href":"https:\/\/fiaf.net\/veneto\/wp-json\/wp\/v2\/tags?post=16059"}],"curies":[{"name":"wp","href":"https:\/\/api.w.org\/{rel}","templated":true}]}}