{"id":16415,"date":"2024-05-06T08:18:28","date_gmt":"2024-05-06T06:18:28","guid":{"rendered":"https:\/\/fiaf.net\/veneto\/?p=16415"},"modified":"2024-05-06T08:18:28","modified_gmt":"2024-05-06T06:18:28","slug":"mario-lasalandra-dipingere-con-lobiettivo-visto-da-cristina-sartorello","status":"publish","type":"post","link":"https:\/\/fiaf.net\/veneto\/mario-lasalandra-dipingere-con-lobiettivo-visto-da-cristina-sartorello\/","title":{"rendered":"Mario LASALANDRA, dipingere con l&#8217;obiettivo \/ visto da Cristina Sartorello"},"content":{"rendered":"<p>Nel suo spazio online <em>Photoscrivendo<\/em> un interessante articolo a firma di Cristina Sartorello<\/p>\n<h2><a href=\"https:\/\/cristinasartorello.wordpress.com\/2024\/05\/05\/mario-lasalandra\/\/\" target=\"_blank\" rel=\"noopener\">MARIO LASALANDRA<\/a><\/h2>\n<p>Incipit<br \/>\n<em>Ho conosciuto Mario Lasalandra nel 2017 ad Este sua citt\u00e0 natale, alla sua  mostra antologica, poi  ci siamo visti pi\u00f9 volte per una intervista nel suo studio, e recentemente per parlare di fotografia.<\/em><\/p>\n<p><em>Il maestro lo scorso gennaio ha festeggiato i 91 anni di et\u00e0, per\u00f2 il sorriso \u00e8 lo stesso e cos\u00ec la sua vivacit\u00e0 espressiva; mi ha sempre colpito per la sua grande capacit\u00e0 di vedere attraverso e dentro la figura umana, dandole un\u2019anima e nello stesso tempo sdoppiandola dalla realt\u00e0, ponendola in una dimensione onirica, in un altro da S\u00e9, il tutto grazie ad uno scatto apparentemente naturalistico, in realt\u00e0 metafisico.<\/em><\/p>\n<p>&nbsp;<\/p>\n\n    <div class=\"xs_social_share_widget xs_share_url after_content \t\tmain_content  wslu-style-1 wslu-share-box-shaped wslu-fill-colored wslu-none wslu-share-horizontal wslu-theme-font-no wslu-main_content\">\n\n\t\t\n        <ul>\n\t\t\t        <\/ul>\n    <\/div> \n","protected":false},"excerpt":{"rendered":"<p>Nel suo spazio online Photoscrivendo un interessante articolo a firma di Cristina Sartorello MARIO LASALANDRA Incipit Ho conosciuto Mario Lasalandra &hellip;<\/p>\n","protected":false},"author":3,"featured_media":16417,"comment_status":"closed","ping_status":"closed","sticky":false,"template":"","format":"standard","meta":{"_acf_changed":false,"footnotes":""},"categories":[14],"tags":[36,40,42],"class_list":["post-16415","post","type-post","status-publish","format-standard","has-post-thumbnail","hentry","category-rassegna-stampa","tag-padova","tag-rassegna-stampa","tag-rovigo"],"acf":[],"_links":{"self":[{"href":"https:\/\/fiaf.net\/veneto\/wp-json\/wp\/v2\/posts\/16415","targetHints":{"allow":["GET"]}}],"collection":[{"href":"https:\/\/fiaf.net\/veneto\/wp-json\/wp\/v2\/posts"}],"about":[{"href":"https:\/\/fiaf.net\/veneto\/wp-json\/wp\/v2\/types\/post"}],"author":[{"embeddable":true,"href":"https:\/\/fiaf.net\/veneto\/wp-json\/wp\/v2\/users\/3"}],"replies":[{"embeddable":true,"href":"https:\/\/fiaf.net\/veneto\/wp-json\/wp\/v2\/comments?post=16415"}],"version-history":[{"count":1,"href":"https:\/\/fiaf.net\/veneto\/wp-json\/wp\/v2\/posts\/16415\/revisions"}],"predecessor-version":[{"id":16418,"href":"https:\/\/fiaf.net\/veneto\/wp-json\/wp\/v2\/posts\/16415\/revisions\/16418"}],"wp:featuredmedia":[{"embeddable":true,"href":"https:\/\/fiaf.net\/veneto\/wp-json\/wp\/v2\/media\/16417"}],"wp:attachment":[{"href":"https:\/\/fiaf.net\/veneto\/wp-json\/wp\/v2\/media?parent=16415"}],"wp:term":[{"taxonomy":"category","embeddable":true,"href":"https:\/\/fiaf.net\/veneto\/wp-json\/wp\/v2\/categories?post=16415"},{"taxonomy":"post_tag","embeddable":true,"href":"https:\/\/fiaf.net\/veneto\/wp-json\/wp\/v2\/tags?post=16415"}],"curies":[{"name":"wp","href":"https:\/\/api.w.org\/{rel}","templated":true}]}}